{"id":9171,"date":"2021-05-27T20:34:10","date_gmt":"2021-05-27T18:34:10","guid":{"rendered":"http:\/\/79.190.195.46\/?p=9171"},"modified":"2021-05-27T20:34:10","modified_gmt":"2021-05-27T18:34:10","slug":"bezpiecznie-na-wsi-mamy-od-30-lat-z-krus-wypadkom-zapobiegamy","status":"publish","type":"post","link":"http:\/\/sp.uchanie.pl\/index.php\/2021\/05\/27\/bezpiecznie-na-wsi-mamy-od-30-lat-z-krus-wypadkom-zapobiegamy\/","title":{"rendered":"&#8222;Bezpiecznie  na wsi mamy od 30 lat z KRUS wypadkom zapobiegamy&#8221;"},"content":{"rendered":"<p class=\"Normalny\"><span class=\"tm6\">Znamy ju\u017c wyniki <\/span><strong><em><span class=\"tm5\">XI Og\u00f3lnopolskiego Konkursu Plastycznego dla Dzieci \u201eBezpiecznie<\/span><\/em><\/strong><\/p>\n<p class=\"Normalny\"><strong><em><span class=\"tm5\">\u00a0na wsi mamy od 30 lat z KRUS wypadkom zapobiegamy&#8221;<\/span><\/em><\/strong><span class=\"tm6\"> na etapie regionalnym, zorganizowanego przez KRUS Plac\u00f3wk\u0119 Terenow\u0105 w Hrubieszowie.<\/span><\/p>\n<p class=\"Normalny\"><span class=\"tm6\">W konkursie wzi\u0119\u0142o udzia\u0142 107 uczni\u00f3w z 13 szk\u00f3\u0142 podstawowych.\u00a0<\/span><\/p>\n<p class=\"Normalny\"><span class=\"tm6\">Z naszej szko\u0142y laureatami zostali:<\/span><\/p>\n<p class=\"Normalny\"><span class=\"tm6\">\u00a0\u00a0\u00a0\u00a0<\/span><strong><em><span class=\"tm5\">\u00a0\u00a0\u00a0I miejsce &#8211;\u00a0 Milena Jaroszy\u0144ska z klasy I &#8211; opiekun Jolanta Otachel<\/span><\/em><\/strong><\/p>\n<p class=\"Normalny\"><strong><em><span class=\"tm5\">\u00a0\u00a0\u00a0\u00a0\u00a0\u00a0III miejsce &#8211;\u00a0 Anna Mech z klasy III &#8211; opiekun Beata Serafin<\/span><\/em><\/strong><\/p>\n<p class=\"Normalny\"><strong><em><span class=\"tm5\">Udzia\u0142 r\u00f3wnie\u017c wzi\u0119li: Amelia Wawryszczuk &#8211; kl. III, Patryk Wr\u00f3blewski &#8211; kl. II,\u00a0<\/span><\/em><\/strong><\/p>\n<p class=\"Normalny\"><strong><em><span class=\"tm5\">Laura W\u0142odarczyk &#8211; kl. II, Agata Za\u0142uska &#8211; kl. 0, Wiktoria Mech &#8211;\u00a0 kl. VIIa,\u00a0<\/span><\/em><\/strong><\/p>\n<p class=\"Normalny\"><strong><em><span class=\"tm5\">Martyna Hajduk &#8211; kl. VIIb, Wiktoria Markiewicz &#8211; kl. VIIa.\u00a0<\/span><\/em><\/strong><\/p>\n<p class=\"Normalny\"><span class=\"tm6\">\u00a0<\/span><\/p>\n<p class=\"Normalny\"><strong><em><span class=\"tm5\">\u00a0Laureaci jak i pozostali uczestnicy zostali uhonorowani dyplomami oraz nagrodami rzeczowymi.\u00a0<\/span><\/em><\/strong><\/p>\n<p class=\"Normalny\"><span class=\"tm6\">\u00a0<\/span><\/p>\n<p class=\"Normalny\"><span class=\"tm6\">\u00a0\u00a0\u00a0\u00a0\u00a0Celem tego konkursu by\u0142o promowanie w\u015br\u00f3d uczni\u00f3w szk\u00f3\u0142 podstawowych pozytywnych zachowa\u0144 zwi\u0105zanych z prac\u0105 i zabaw\u0105 na terenie gospodarstwa rolnego oraz popularyzowanie wykazu czynno\u015bci szczeg\u00f3lnie niebezpiecznych zwi\u0105zanych <\/span><span class=\"tm6\">z prowadzeniem gospodarstwa rolnego, kt\u00f3rych nie wolno powierza\u0107 dzieciom poni\u017cej 16 lat.<\/span><\/p>\n<p class=\"Normalny\"><span class=\"tm6\">\u00a0\u00a0\u00a0\u00a0\u00a0\u00a0Przy ocenie prac konkursowych komisja wzi\u0119\u0142a pod uwag\u0119:<\/span><\/p>\n<ul>\n<li class=\"Normalny tm7\"><span class=\"tm6\">zgodno\u015b\u0107 z tematyk\u0105, jej trafne przedstawienie, oryginalno\u015b\u0107,\u00a0<\/span><\/li>\n<li class=\"Normalny tm7\"><span class=\"tm6\">pomys\u0142owo\u015b\u0107 w zobrazowaniu tematu oraz walory estetyczne pracy.<\/span><\/li>\n<\/ul>\n<p class=\"Normalny\"><strong><em><span class=\"tm5\">Dzi\u0119kujemy za udzia\u0142 wszystkim uczestnikom konkursu.<br \/>\n<\/span><\/em><\/strong><strong><em><span class=\"tm5\">Serdecznie gratulujemy zwyci\u0119zcom!<br \/>\n<\/span><\/em><\/strong><strong><em><span class=\"tm5\">Dzi\u0119kujemy sponsorom nagr\u00f3d!<\/span><\/em><\/strong><\/p>\n\n\t\t<style type=\"text\/css\">\n\t\t\t#gallery-1 {\n\t\t\t\tmargin: auto;\n\t\t\t}\n\t\t\t#gallery-1 .gallery-item {\n\t\t\t\tfloat: left;\n\t\t\t\tmargin-top: 10px;\n\t\t\t\ttext-align: center;\n\t\t\t\twidth: 50%;\n\t\t\t}\n\t\t\t#gallery-1 img {\n\t\t\t\tborder: 2px solid #cfcfcf;\n\t\t\t}\n\t\t\t#gallery-1 .gallery-caption {\n\t\t\t\tmargin-left: 0;\n\t\t\t}\n\t\t\t\/* see gallery_shortcode() in wp-includes\/media.php *\/\n\t\t<\/style>\n\t\t<div id='gallery-1' class='gallery galleryid-9171 gallery-columns-2 gallery-size-thumbnail'><dl class='gallery-item'>\n\t\t\t<dt class='gallery-icon portrait'>\n\t\t\t\t<a href='http:\/\/sp.uchanie.pl\/index.php\/2021\/05\/27\/bezpiecznie-na-wsi-mamy-od-30-lat-z-krus-wypadkom-zapobiegamy\/kon_krus21_1\/'><img loading=\"lazy\" decoding=\"async\" width=\"150\" height=\"150\" src=\"http:\/\/sp.uchanie.pl\/wp-content\/uploads\/2021\/05\/kon_krus21_1-150x150.jpeg\" class=\"attachment-thumbnail size-thumbnail\" alt=\"\" srcset=\"http:\/\/sp.uchanie.pl\/wp-content\/uploads\/2021\/05\/kon_krus21_1-150x150.jpeg 150w, http:\/\/sp.uchanie.pl\/wp-content\/uploads\/2021\/05\/kon_krus21_1-180x180.jpeg 180w, http:\/\/sp.uchanie.pl\/wp-content\/uploads\/2021\/05\/kon_krus21_1-60x60.jpeg 60w\" sizes=\"auto, (max-width: 150px) 100vw, 150px\" \/><\/a>\n\t\t\t<\/dt><\/dl><dl class='gallery-item'>\n\t\t\t<dt class='gallery-icon portrait'>\n\t\t\t\t<a href='http:\/\/sp.uchanie.pl\/index.php\/2021\/05\/27\/bezpiecznie-na-wsi-mamy-od-30-lat-z-krus-wypadkom-zapobiegamy\/kon_krus21_2\/'><img loading=\"lazy\" decoding=\"async\" width=\"150\" height=\"150\" src=\"http:\/\/sp.uchanie.pl\/wp-content\/uploads\/2021\/05\/kon_krus21_2-150x150.jpeg\" class=\"attachment-thumbnail size-thumbnail\" alt=\"\" srcset=\"http:\/\/sp.uchanie.pl\/wp-content\/uploads\/2021\/05\/kon_krus21_2-150x150.jpeg 150w, http:\/\/sp.uchanie.pl\/wp-content\/uploads\/2021\/05\/kon_krus21_2-180x180.jpeg 180w, http:\/\/sp.uchanie.pl\/wp-content\/uploads\/2021\/05\/kon_krus21_2-60x60.jpeg 60w\" sizes=\"auto, (max-width: 150px) 100vw, 150px\" \/><\/a>\n\t\t\t<\/dt><\/dl><br style=\"clear: both\" \/><dl class='gallery-item'>\n\t\t\t<dt class='gallery-icon landscape'>\n\t\t\t\t<a href='http:\/\/sp.uchanie.pl\/index.php\/2021\/05\/27\/bezpiecznie-na-wsi-mamy-od-30-lat-z-krus-wypadkom-zapobiegamy\/kon_krus21_3\/'><img loading=\"lazy\" decoding=\"async\" width=\"150\" height=\"150\" src=\"http:\/\/sp.uchanie.pl\/wp-content\/uploads\/2021\/05\/kon_krus21_3-150x150.jpeg\" class=\"attachment-thumbnail size-thumbnail\" alt=\"\" srcset=\"http:\/\/sp.uchanie.pl\/wp-content\/uploads\/2021\/05\/kon_krus21_3-150x150.jpeg 150w, http:\/\/sp.uchanie.pl\/wp-content\/uploads\/2021\/05\/kon_krus21_3-180x180.jpeg 180w, http:\/\/sp.uchanie.pl\/wp-content\/uploads\/2021\/05\/kon_krus21_3-60x60.jpeg 60w\" sizes=\"auto, (max-width: 150px) 100vw, 150px\" \/><\/a>\n\t\t\t<\/dt><\/dl><dl class='gallery-item'>\n\t\t\t<dt class='gallery-icon portrait'>\n\t\t\t\t<a href='http:\/\/sp.uchanie.pl\/index.php\/2021\/05\/27\/bezpiecznie-na-wsi-mamy-od-30-lat-z-krus-wypadkom-zapobiegamy\/kon_krus21_4\/'><img loading=\"lazy\" decoding=\"async\" width=\"150\" height=\"150\" src=\"http:\/\/sp.uchanie.pl\/wp-content\/uploads\/2021\/05\/kon_krus21_4-150x150.jpeg\" class=\"attachment-thumbnail size-thumbnail\" alt=\"\" srcset=\"http:\/\/sp.uchanie.pl\/wp-content\/uploads\/2021\/05\/kon_krus21_4-150x150.jpeg 150w, http:\/\/sp.uchanie.pl\/wp-content\/uploads\/2021\/05\/kon_krus21_4-180x180.jpeg 180w, http:\/\/sp.uchanie.pl\/wp-content\/uploads\/2021\/05\/kon_krus21_4-60x60.jpeg 60w\" sizes=\"auto, (max-width: 150px) 100vw, 150px\" \/><\/a>\n\t\t\t<\/dt><\/dl><br style=\"clear: both\" \/>\n\t\t<\/div>\n\n","protected":false},"excerpt":{"rendered":"<p>Znamy ju\u017c wyniki XI Og\u00f3lnopolskiego Konkursu Plastycznego dla Dzieci \u201eBezpiecznie \u00a0na wsi mamy od 30 lat z KRUS wypadkom zapobiegamy&#8221; na etapie regionalnym, zorganizowanego przez KRUS Plac\u00f3wk\u0119 Terenow\u0105 w Hrubieszowie&#8230;. <a href=\"http:\/\/sp.uchanie.pl\/index.php\/2021\/05\/27\/bezpiecznie-na-wsi-mamy-od-30-lat-z-krus-wypadkom-zapobiegamy\/\">Read more &raquo;<\/a><\/p>\n","protected":false},"author":1,"featured_media":9174,"comment_status":"closed","ping_status":"closed","sticky":false,"template":"","format":"standard","meta":{"footnotes":""},"categories":[6],"tags":[],"class_list":["post-9171","post","type-post","status-publish","format-standard","has-post-thumbnail","hentry","category-aktualnoci"],"_links":{"self":[{"href":"http:\/\/sp.uchanie.pl\/index.php\/wp-json\/wp\/v2\/posts\/9171","targetHints":{"allow":["GET"]}}],"collection":[{"href":"http:\/\/sp.uchanie.pl\/index.php\/wp-json\/wp\/v2\/posts"}],"about":[{"href":"http:\/\/sp.uchanie.pl\/index.php\/wp-json\/wp\/v2\/types\/post"}],"author":[{"embeddable":true,"href":"http:\/\/sp.uchanie.pl\/index.php\/wp-json\/wp\/v2\/users\/1"}],"replies":[{"embeddable":true,"href":"http:\/\/sp.uchanie.pl\/index.php\/wp-json\/wp\/v2\/comments?post=9171"}],"version-history":[{"count":1,"href":"http:\/\/sp.uchanie.pl\/index.php\/wp-json\/wp\/v2\/posts\/9171\/revisions"}],"predecessor-version":[{"id":9176,"href":"http:\/\/sp.uchanie.pl\/index.php\/wp-json\/wp\/v2\/posts\/9171\/revisions\/9176"}],"wp:featuredmedia":[{"embeddable":true,"href":"http:\/\/sp.uchanie.pl\/index.php\/wp-json\/wp\/v2\/media\/9174"}],"wp:attachment":[{"href":"http:\/\/sp.uchanie.pl\/index.php\/wp-json\/wp\/v2\/media?parent=9171"}],"wp:term":[{"taxonomy":"category","embeddable":true,"href":"http:\/\/sp.uchanie.pl\/index.php\/wp-json\/wp\/v2\/categories?post=9171"},{"taxonomy":"post_tag","embeddable":true,"href":"http:\/\/sp.uchanie.pl\/index.php\/wp-json\/wp\/v2\/tags?post=9171"}],"curies":[{"name":"wp","href":"https:\/\/api.w.org\/{rel}","templated":true}]}}