{"id":9037,"date":"2021-05-13T12:26:32","date_gmt":"2021-05-13T10:26:32","guid":{"rendered":"http:\/\/79.190.195.46\/?p=9037"},"modified":"2021-05-13T12:26:46","modified_gmt":"2021-05-13T10:26:46","slug":"jan-pawel-ii-zaatakowany","status":"publish","type":"post","link":"http:\/\/sp.uchanie.pl\/index.php\/2021\/05\/13\/jan-pawel-ii-zaatakowany\/","title":{"rendered":"Jan Pawe\u0142 II \u2013 \u201e(ZA)ATAKOWANY\u201d"},"content":{"rendered":"<p>&#8222;40 lat temu, 13 maja 1981 roku, mia\u0142 miejsce zamach na \u017cycie Jana Paw\u0142a II. Podczas audiencji generalnej na placu \u015bw. Piotra w Rzymie, o godz. 17.19 uzbrojony napastnik Ali Agca, odda\u0142 w stron\u0119 Ojca \u015awi\u0119tego strza\u0142y. Wybuch\u0142a panika, a papie\u017ca, ci\u0119\u017cko ranionego w brzuch i w r\u0119k\u0119 natychmiast przewieziono do kliniki w Gemelli, gdzie rozpocz\u0119\u0142a si\u0119 kilkugodzinna walka o jego \u017cycie. Ca\u0142y \u015bwiat zwr\u00f3ci\u0142 swe oczy ku Stolicy Piotrowej i w ogromnym napi\u0119ciu \u015bledzi\u0142 nap\u0142ywaj\u0105ce doniesienia. Wszyscy zadawali sobie pytanie, czy Jan Pawe\u0142 II prze\u017cyje?<\/p>\n<p class=\"p2\">Prezentujemy Pa\u0144stwu pierwsz\u0105 z sze\u015bciu animacji o\u00a0Janie\u00a0Pawle\u00a0II z\u00a0cyklu \u201e(ZA)ATAKOWANY\u201d. Te kr\u00f3tkie filmiki maj\u0105 na celu przypomnie\u0107 Nam jak wielkim cz\u0142owiekiem, autorytetem by\u0142 \u015awi\u0119ty\u00a0Jan\u00a0Pawe\u0142\u00a0II oraz jak swoj\u0105 mi\u0142o\u015bci\u0105 i\u00a0swoim s\u0142owem kruszy\u0142 najtwardsze serca, maj\u0105c wp\u0142yw na dzieje zapisane na kartach historii. Papie\u017c atakowany by\u0142 kiedy\u015b i atakowany jest dzi\u015b. Dlatego powinni\u015bmy przez pami\u0119\u0107 od\u0142amywa\u0107 to co zak\u0142amane.<\/p>\n<p class=\"p3\">Kard. Stanis\u0142aw Dziwisz, wieloletni sekretarz Jana\u00a0Paw\u0142a\u00a0II, m\u00f3wi o\u00a0zamachu z\u00a013 maja 1981 roku: niekt\u00f3rzy obawiali si\u0119 Jana Paw\u0142a II, poniewa\u017c uznano go za niebezpiecznego ze wzgl\u0119du na g\u0142oszone przez niego przes\u0142anie. Panowa\u0142o wtedy prze\u015bwiadczenie, \u017ce przysz\u0142o\u015b\u0107 nale\u017cy do marksizmu, a komunizm rozprzestrzenia\u0142 si\u0119 w Europie. Jan Pawe\u0142 II wszystko to odwr\u00f3ci\u0142. Stwierdzi\u0142, \u017ce przysz\u0142o\u015b\u0107 nale\u017cy do solidarno\u015bci mi\u0119dzyludzkiej, mi\u0142o\u015bci, sprawiedliwo\u015bci, wolno\u015bci sumienia, cz\u0142owieka i\u00a0narod\u00f3w.<\/p>\n<p class=\"p4\">Zapraszamy do obejrzenia i udost\u0119pnienia animacji.&#8221;<\/p>\n<p><a href=\"http:\/\/www.wychowujmy.pl\/\">http:\/\/www.wychowujmy.pl\/<\/a><\/p>\n<p>\u0179r\u00f3d\u0142o:\u00a0<a href=\"http:\/\/www.wychowujmy.pl\/\">http:\/\/www.wychowujmy.pl\/<\/a><\/p>\n<p>&nbsp;<\/p>\n<p><img loading=\"lazy\" decoding=\"async\" class=\"alignnone size-medium wp-image-9038\" src=\"http:\/\/79.190.195.46\/wp-content\/uploads\/2021\/05\/609c533f7f830_p-300x189.jpg\" alt=\"\" width=\"300\" height=\"189\" srcset=\"http:\/\/sp.uchanie.pl\/wp-content\/uploads\/2021\/05\/609c533f7f830_p-300x189.jpg 300w, http:\/\/sp.uchanie.pl\/wp-content\/uploads\/2021\/05\/609c533f7f830_p.jpg 593w\" sizes=\"auto, (max-width: 300px) 100vw, 300px\" \/><\/p>\n<div class=\"fotoContentStream zaslepka\">\n<div class=\"galeriaZdjec\">\n<p class=\"autor\">Fot. episkopat.pl\/Archiwum Echa Dnia<\/p>\n<p><a class=\"nastepne desktop\" title=\"Nast\u0119pne zdj\u0119cie\" href=\"https:\/\/echodnia.eu\/swietokrzyskie\/40-rocznica-zamachu-na-papieza-jana-pawla-ii-13-maja-1981-roku-strzelal-ali-agca-dziennikarze-echa-dnia-odwiedzili-sare-bartoli\/ga\/c1-15609279\/zd\/49484151\">Nast\u0119pne<\/a><\/p>\n<\/div>\n<\/div>\n","protected":false},"excerpt":{"rendered":"<p>&#8222;40 lat temu, 13 maja 1981 roku, mia\u0142 miejsce zamach na \u017cycie Jana Paw\u0142a II. Podczas audiencji generalnej na placu \u015bw. Piotra w Rzymie, o godz. 17.19 uzbrojony napastnik Ali&#8230; <a href=\"http:\/\/sp.uchanie.pl\/index.php\/2021\/05\/13\/jan-pawel-ii-zaatakowany\/\">Read more &raquo;<\/a><\/p>\n","protected":false},"author":4,"featured_media":9038,"comment_status":"closed","ping_status":"closed","sticky":false,"template":"","format":"standard","meta":{"footnotes":""},"categories":[6],"tags":[],"class_list":["post-9037","post","type-post","status-publish","format-standard","has-post-thumbnail","hentry","category-aktualnoci"],"_links":{"self":[{"href":"http:\/\/sp.uchanie.pl\/index.php\/wp-json\/wp\/v2\/posts\/9037","targetHints":{"allow":["GET"]}}],"collection":[{"href":"http:\/\/sp.uchanie.pl\/index.php\/wp-json\/wp\/v2\/posts"}],"about":[{"href":"http:\/\/sp.uchanie.pl\/index.php\/wp-json\/wp\/v2\/types\/post"}],"author":[{"embeddable":true,"href":"http:\/\/sp.uchanie.pl\/index.php\/wp-json\/wp\/v2\/users\/4"}],"replies":[{"embeddable":true,"href":"http:\/\/sp.uchanie.pl\/index.php\/wp-json\/wp\/v2\/comments?post=9037"}],"version-history":[{"count":2,"href":"http:\/\/sp.uchanie.pl\/index.php\/wp-json\/wp\/v2\/posts\/9037\/revisions"}],"predecessor-version":[{"id":9040,"href":"http:\/\/sp.uchanie.pl\/index.php\/wp-json\/wp\/v2\/posts\/9037\/revisions\/9040"}],"wp:featuredmedia":[{"embeddable":true,"href":"http:\/\/sp.uchanie.pl\/index.php\/wp-json\/wp\/v2\/media\/9038"}],"wp:attachment":[{"href":"http:\/\/sp.uchanie.pl\/index.php\/wp-json\/wp\/v2\/media?parent=9037"}],"wp:term":[{"taxonomy":"category","embeddable":true,"href":"http:\/\/sp.uchanie.pl\/index.php\/wp-json\/wp\/v2\/categories?post=9037"},{"taxonomy":"post_tag","embeddable":true,"href":"http:\/\/sp.uchanie.pl\/index.php\/wp-json\/wp\/v2\/tags?post=9037"}],"curies":[{"name":"wp","href":"https:\/\/api.w.org\/{rel}","templated":true}]}}