{"id":8968,"date":"2021-04-30T12:04:12","date_gmt":"2021-04-30T10:04:12","guid":{"rendered":"http:\/\/79.190.195.46\/?p=8968"},"modified":"2021-04-30T12:04:12","modified_gmt":"2021-04-30T10:04:12","slug":"pamiec-jest-w-nas-akademia-z-okazji-rocznicy-uchwalenia-konstytucji-3-maja","status":"publish","type":"post","link":"http:\/\/sp.uchanie.pl\/index.php\/2021\/04\/30\/pamiec-jest-w-nas-akademia-z-okazji-rocznicy-uchwalenia-konstytucji-3-maja\/","title":{"rendered":"\u201ePami\u0119\u0107 jest w nas\u2026\u201d- akademia z okazji rocznicy uchwalenia Konstytucji 3 Maja"},"content":{"rendered":"<p class=\"p1\"><span class=\"s1\">Dnia 3 maja 2021 r. przypada 230 rocznica uchwalenia Konstytucji 3 Maja.Konstytucja by\u0142a pierwsz\u0105 w Europie i drug\u0105 na \u015bwiecie nowoczesn\u0105 ustaw\u0105.<\/span><\/p>\n<p class=\"p1\"><span class=\"s1\">Z tej okazji uczniowie klasy VIIa i VIIb\u00a0wyst\u0105pili w monta\u017cu s\u0142owno &#8211; muzycznym.<\/span><\/p>\n<p class=\"p1\"><span class=\"s1\">Ze wzgl\u0119du na zaistnia\u0142\u0105 sytuacj\u0119 pandemiczn\u0105 uczniowie we w\u0142asnych domach nagrywali prezentowane wiersze i piosenki. Natomiast ca\u0142o\u015b\u0107 zosta\u0142a zmontowana przez ucz. klasy VIIb &#8211; Martyn\u0119 Hajduk.<br \/>\n<\/span><span class=\"s1\">W przygotowanie akademii w\u0142\u0105czyli si\u0119 r\u00f3wnie\u017c nauczyciele.<\/span><\/p>\n<p class=\"p1\"><span class=\"s1\">Wszystkim serdecznie dzi\u0119kujemy.<\/span><\/p>\n<p class=\"p1\"><span class=\"s1\">Akademia zostanie zaprezentowana wszystkim uczniom naszej szko\u0142y podczas zaj\u0119\u0107 z wychowawc\u0105.<br \/>\n<a href=\"https:\/\/www.youtube.com\/watch?v=T7v36tUqN9U\">Akademi\u0119 mo\u017cna obejrze\u0107 tutaj<\/a>.<\/span><\/p>\n","protected":false},"excerpt":{"rendered":"<p>Dnia 3 maja 2021 r. przypada 230 rocznica uchwalenia Konstytucji 3 Maja.Konstytucja by\u0142a pierwsz\u0105 w Europie i drug\u0105 na \u015bwiecie nowoczesn\u0105 ustaw\u0105. Z tej okazji uczniowie klasy VIIa i VIIb\u00a0wyst\u0105pili&#8230; <a href=\"http:\/\/sp.uchanie.pl\/index.php\/2021\/04\/30\/pamiec-jest-w-nas-akademia-z-okazji-rocznicy-uchwalenia-konstytucji-3-maja\/\">Read more &raquo;<\/a><\/p>\n","protected":false},"author":1,"featured_media":8969,"comment_status":"closed","ping_status":"closed","sticky":false,"template":"","format":"standard","meta":{"footnotes":""},"categories":[6],"tags":[],"class_list":["post-8968","post","type-post","status-publish","format-standard","has-post-thumbnail","hentry","category-aktualnoci"],"_links":{"self":[{"href":"http:\/\/sp.uchanie.pl\/index.php\/wp-json\/wp\/v2\/posts\/8968","targetHints":{"allow":["GET"]}}],"collection":[{"href":"http:\/\/sp.uchanie.pl\/index.php\/wp-json\/wp\/v2\/posts"}],"about":[{"href":"http:\/\/sp.uchanie.pl\/index.php\/wp-json\/wp\/v2\/types\/post"}],"author":[{"embeddable":true,"href":"http:\/\/sp.uchanie.pl\/index.php\/wp-json\/wp\/v2\/users\/1"}],"replies":[{"embeddable":true,"href":"http:\/\/sp.uchanie.pl\/index.php\/wp-json\/wp\/v2\/comments?post=8968"}],"version-history":[{"count":1,"href":"http:\/\/sp.uchanie.pl\/index.php\/wp-json\/wp\/v2\/posts\/8968\/revisions"}],"predecessor-version":[{"id":8970,"href":"http:\/\/sp.uchanie.pl\/index.php\/wp-json\/wp\/v2\/posts\/8968\/revisions\/8970"}],"wp:featuredmedia":[{"embeddable":true,"href":"http:\/\/sp.uchanie.pl\/index.php\/wp-json\/wp\/v2\/media\/8969"}],"wp:attachment":[{"href":"http:\/\/sp.uchanie.pl\/index.php\/wp-json\/wp\/v2\/media?parent=8968"}],"wp:term":[{"taxonomy":"category","embeddable":true,"href":"http:\/\/sp.uchanie.pl\/index.php\/wp-json\/wp\/v2\/categories?post=8968"},{"taxonomy":"post_tag","embeddable":true,"href":"http:\/\/sp.uchanie.pl\/index.php\/wp-json\/wp\/v2\/tags?post=8968"}],"curies":[{"name":"wp","href":"https:\/\/api.w.org\/{rel}","templated":true}]}}