{"id":8485,"date":"2021-02-16T21:07:34","date_gmt":"2021-02-16T20:07:34","guid":{"rendered":"http:\/\/79.190.195.46\/?p=8485"},"modified":"2021-02-16T21:10:47","modified_gmt":"2021-02-16T20:10:47","slug":"miedzynarodowy-dzien-jezyka-ojczystego-w-naszej-szkole","status":"publish","type":"post","link":"http:\/\/sp.uchanie.pl\/index.php\/2021\/02\/16\/miedzynarodowy-dzien-jezyka-ojczystego-w-naszej-szkole\/","title":{"rendered":"Mi\u0119dzynarodowy Dzie\u0144 J\u0119zyka Ojczystego  w naszej szkole"},"content":{"rendered":"<h1 style=\"text-align: center;\"><\/h1>\n<p><b><img loading=\"lazy\" decoding=\"async\" class=\"wp-image-8486 alignleft\" src=\"http:\/\/79.190.195.46\/wp-content\/uploads\/2021\/02\/MapaP-300x271.png\" alt=\"\" width=\"157\" height=\"142\" srcset=\"http:\/\/sp.uchanie.pl\/wp-content\/uploads\/2021\/02\/MapaP-300x271.png 300w, http:\/\/sp.uchanie.pl\/wp-content\/uploads\/2021\/02\/MapaP.png 356w\" sizes=\"auto, (max-width: 157px) 100vw, 157px\" \/> \u00a0<\/b><\/p>\n<p>&nbsp;<\/p>\n<p>&nbsp;<\/p>\n<p><img loading=\"lazy\" decoding=\"async\" class=\"alignnone size-medium wp-image-8487\" src=\"http:\/\/79.190.195.46\/wp-content\/uploads\/2021\/02\/Cytat-300x82.png\" alt=\"\" width=\"300\" height=\"82\" srcset=\"http:\/\/sp.uchanie.pl\/wp-content\/uploads\/2021\/02\/Cytat-300x82.png 300w, http:\/\/sp.uchanie.pl\/wp-content\/uploads\/2021\/02\/Cytat.png 577w\" sizes=\"auto, (max-width: 300px) 100vw, 300px\" \/><\/p>\n<p><b>Pi\u0119kna i poprawna polszczyzna to nasze dziedzictwo narodowe!<\/b><\/p>\n<p><span style=\"font-weight: 400;\">Z okazji <\/span><b>Dnia J\u0119zyka Ojczystego<\/b><span style=\"font-weight: 400;\">, kt\u00f3ry przypada 21 lutego, og\u0142aszamy konkursy z j\u0119zykiem polskim w roli g\u0142\u00f3wnej.<\/span><\/p>\n<p><span style=\"font-weight: 400;\">Oto nasz harmonogram:<\/span><\/p>\n<p><b>KLASA IV<\/b><\/p>\n<p><span style=\"font-weight: 400;\">Klas\u0119 IV zapraszamy do udzia\u0142u w konkursie:\u00a0<\/span><\/p>\n<p><b>\u201cDzieci pisz\u0105 wiersze o j\u0119zyku polskim\u201d<\/b><\/p>\n<p><span style=\"font-weight: 400;\">U\u0142\u00f3\u017ccie wierszyk, mo\u017cecie wzbogaci\u0107 go ilustracj\u0105. Dla ch\u0119tnych uczni\u00f3w proponujemy recytacj\u0119 w formie nagrania.<\/span><\/p>\n<p><b>KLASY V &#8211; VI<\/b><\/p>\n<p><span style=\"font-weight: 400;\">Uczni\u00f3w klas V &#8211; VI zapraszamy do udzia\u0142u w konkursie na <\/span><b>plakat o poprawnej polszczy\u017anie<\/b><span style=\"font-weight: 400;\">.<\/span><\/p>\n<p><span style=\"font-weight: 400;\">Liczy si\u0119 pomys\u0142, kreatywno\u015b\u0107 i zaanga\u017cowanie.\u00a0<\/span><\/p>\n<p><span style=\"font-weight: 400;\">Pami\u0119taj! Nie pope\u0142nij b\u0142\u0119d\u00f3w\u00a0 w tej pracy.<\/span><\/p>\n<p><span style=\"font-weight: 400;\">Format A4, technika dowolna.\u00a0<\/span><\/p>\n<p><span style=\"font-weight: 400;\">Czekamy na pi\u0119kne i oryginalne plakaty.<\/span><\/p>\n<p><b>KLASY VII &#8211; VIII<\/b><\/p>\n<p><span style=\"font-weight: 400;\">Uczni\u00f3w klas VII &#8211; VIII zapraszamy do zaprojektowania <\/span><b>plakatu zwi\u0105zanego z promocj\u0105 obchod\u00f3w Dnia J\u0119zyka Polskiego.<\/b><\/p>\n<p><span style=\"font-weight: 400;\">Format A4, technika dowolna.<\/span><\/p>\n<p><span style=\"font-weight: 400;\">Prace (wierszyki i plakaty) wy\u015blij do 22 lutego 2021r. na adres:\u00a0<\/span><\/p>\n<p><a href=\"mailto:dorotas@szkolauchanie.pl\"><span style=\"font-weight: 400;\">dorotas@szkolauchanie.pl<\/span><\/a><\/p>\n<p><a href=\"mailto:katarzynap@szkolauchanie.pl\"><span style=\"font-weight: 400;\">katarzynap@szkolauchanie.pl<\/span><\/a><\/p>\n<p><span style=\"font-weight: 400;\">(szczeg\u00f3\u0142y u nauczycieli j\u0119zyka polskiego).<\/span><\/p>\n<p><span style=\"font-weight: 400;\">Zapraszamy do udzia\u0142u w konkursach. Nagrody czekaj\u0105!\u00a0<\/span><\/p>\n","protected":false},"excerpt":{"rendered":"<p>\u00a0 &nbsp; &nbsp; Pi\u0119kna i poprawna polszczyzna to nasze dziedzictwo narodowe! Z okazji Dnia J\u0119zyka Ojczystego, kt\u00f3ry przypada 21 lutego, og\u0142aszamy konkursy z j\u0119zykiem polskim w roli g\u0142\u00f3wnej. Oto nasz&#8230; <a href=\"http:\/\/sp.uchanie.pl\/index.php\/2021\/02\/16\/miedzynarodowy-dzien-jezyka-ojczystego-w-naszej-szkole\/\">Read more &raquo;<\/a><\/p>\n","protected":false},"author":1,"featured_media":8486,"comment_status":"closed","ping_status":"closed","sticky":false,"template":"","format":"standard","meta":{"footnotes":""},"categories":[6],"tags":[],"class_list":["post-8485","post","type-post","status-publish","format-standard","has-post-thumbnail","hentry","category-aktualnoci"],"_links":{"self":[{"href":"http:\/\/sp.uchanie.pl\/index.php\/wp-json\/wp\/v2\/posts\/8485","targetHints":{"allow":["GET"]}}],"collection":[{"href":"http:\/\/sp.uchanie.pl\/index.php\/wp-json\/wp\/v2\/posts"}],"about":[{"href":"http:\/\/sp.uchanie.pl\/index.php\/wp-json\/wp\/v2\/types\/post"}],"author":[{"embeddable":true,"href":"http:\/\/sp.uchanie.pl\/index.php\/wp-json\/wp\/v2\/users\/1"}],"replies":[{"embeddable":true,"href":"http:\/\/sp.uchanie.pl\/index.php\/wp-json\/wp\/v2\/comments?post=8485"}],"version-history":[{"count":3,"href":"http:\/\/sp.uchanie.pl\/index.php\/wp-json\/wp\/v2\/posts\/8485\/revisions"}],"predecessor-version":[{"id":8490,"href":"http:\/\/sp.uchanie.pl\/index.php\/wp-json\/wp\/v2\/posts\/8485\/revisions\/8490"}],"wp:featuredmedia":[{"embeddable":true,"href":"http:\/\/sp.uchanie.pl\/index.php\/wp-json\/wp\/v2\/media\/8486"}],"wp:attachment":[{"href":"http:\/\/sp.uchanie.pl\/index.php\/wp-json\/wp\/v2\/media?parent=8485"}],"wp:term":[{"taxonomy":"category","embeddable":true,"href":"http:\/\/sp.uchanie.pl\/index.php\/wp-json\/wp\/v2\/categories?post=8485"},{"taxonomy":"post_tag","embeddable":true,"href":"http:\/\/sp.uchanie.pl\/index.php\/wp-json\/wp\/v2\/tags?post=8485"}],"curies":[{"name":"wp","href":"https:\/\/api.w.org\/{rel}","templated":true}]}}