{"id":82,"date":"2011-04-03T15:15:34","date_gmt":"2011-04-03T13:15:34","guid":{"rendered":"http:\/\/192.168.1.2\/index.php\/2011\/04\/03\/6-rocznica-mierci-jana-pawa-ii\/"},"modified":"2011-04-03T15:15:34","modified_gmt":"2011-04-03T13:15:34","slug":"6-rocznica-mierci-jana-pawa-ii","status":"publish","type":"post","link":"http:\/\/sp.uchanie.pl\/index.php\/2011\/04\/03\/6-rocznica-mierci-jana-pawa-ii\/","title":{"rendered":"6 Rocznica \u015bmierci naszego Patrona Jana Paw\u0142a II"},"content":{"rendered":"<p><span style=\"color: #000000;\">Dnia 2 kwietnia 2011r. o godz. 21.00 w  ko\u015bciele parafialnym w Uchaniach odby\u0142a si\u0119 Msza \u015awi\u0119ta w kolejn\u0105  rocznic\u0119 \u015bmierci Papie\u017ca Jana Paw\u0142a II. <\/span><\/p>\n<p><span style=\"color: #000000;\"> <\/span><\/p>\n<p><span style=\"color: #000000;\">Po Mszy  \u015awi\u0119tej w procesji przeszli\u015bmy pod Krzy\u017c Misyjny gdzie odmawiany by\u0142  r\u00f3\u017caniec. Na zako\u0144czenie od\u015bpiewana zosta\u0142a ulubiona pie\u015b\u0144 Jana Paw\u0142a II  pt.  &#8222;Barka&#8221;. <\/span><\/p>\n<p>  <!--more-->  <\/p>\n<\/p>\n<p style=\"text-align: center;\"><span style=\"color: #000000;\"><img loading=\"lazy\" decoding=\"async\" class=\" size-full wp-image-74\" src=\"http:\/\/192.168.1.2\/wp-content\/uploads\/2011\/04\/rocznica-2011-1.jpg\" border=\"0\" alt=\"6 Rocznica \u015amierci JPII\" title=\"6 Rocznica \u015amierci JPII\" width=\"399\" height=\"299\" srcset=\"http:\/\/sp.uchanie.pl\/wp-content\/uploads\/2011\/04\/rocznica-2011-1.jpg 800w, http:\/\/sp.uchanie.pl\/wp-content\/uploads\/2011\/04\/rocznica-2011-1-300x225.jpg 300w, http:\/\/sp.uchanie.pl\/wp-content\/uploads\/2011\/04\/rocznica-2011-1-768x576.jpg 768w\" sizes=\"auto, (max-width: 399px) 100vw, 399px\" \/><\/span><\/p>\n<p style=\"text-align: center;\"><span style=\"color: #000000;\"><img loading=\"lazy\" decoding=\"async\" class=\" size-full wp-image-75\" src=\"http:\/\/192.168.1.2\/wp-content\/uploads\/2011\/04\/rocznica-2011-2.jpg\" border=\"0\" alt=\"6 Rocznica \u015amierci JPII\" title=\"6 Rocznica \u015amierci JPII\" width=\"402\" height=\"302\" srcset=\"http:\/\/sp.uchanie.pl\/wp-content\/uploads\/2011\/04\/rocznica-2011-2.jpg 800w, http:\/\/sp.uchanie.pl\/wp-content\/uploads\/2011\/04\/rocznica-2011-2-300x225.jpg 300w, http:\/\/sp.uchanie.pl\/wp-content\/uploads\/2011\/04\/rocznica-2011-2-768x576.jpg 768w\" sizes=\"auto, (max-width: 402px) 100vw, 402px\" \/><\/span><\/p>\n<p style=\"text-align: center;\"><span style=\"color: #000000;\"><img loading=\"lazy\" decoding=\"async\" class=\" size-full wp-image-76\" src=\"http:\/\/192.168.1.2\/wp-content\/uploads\/2011\/04\/rocznica-2011-3.jpg\" border=\"0\" alt=\"6 Rocznica \u015amierci JPII\" title=\"6 Rocznica \u015amierci JPII\" width=\"405\" height=\"305\" srcset=\"http:\/\/sp.uchanie.pl\/wp-content\/uploads\/2011\/04\/rocznica-2011-3.jpg 800w, http:\/\/sp.uchanie.pl\/wp-content\/uploads\/2011\/04\/rocznica-2011-3-300x225.jpg 300w, http:\/\/sp.uchanie.pl\/wp-content\/uploads\/2011\/04\/rocznica-2011-3-768x576.jpg 768w\" sizes=\"auto, (max-width: 405px) 100vw, 405px\" \/><\/span><\/p>\n<p style=\"text-align: center;\"><span style=\"color: #000000;\"><img loading=\"lazy\" decoding=\"async\" class=\" size-full wp-image-77\" src=\"http:\/\/192.168.1.2\/wp-content\/uploads\/2011\/04\/rocznica-2011-4.jpg\" border=\"0\" alt=\"6 Rocznica \u015amierci JPII\" title=\"6 Rocznica \u015amierci JPII\" width=\"408\" height=\"305\" srcset=\"http:\/\/sp.uchanie.pl\/wp-content\/uploads\/2011\/04\/rocznica-2011-4.jpg 800w, http:\/\/sp.uchanie.pl\/wp-content\/uploads\/2011\/04\/rocznica-2011-4-300x225.jpg 300w, http:\/\/sp.uchanie.pl\/wp-content\/uploads\/2011\/04\/rocznica-2011-4-768x576.jpg 768w\" sizes=\"auto, (max-width: 408px) 100vw, 408px\" \/><\/span><\/p>\n<p style=\"text-align: center;\"><span style=\"color: #000000;\"><img loading=\"lazy\" decoding=\"async\" class=\" size-full wp-image-78\" src=\"http:\/\/192.168.1.2\/wp-content\/uploads\/2011\/04\/rocznica-2011-5.jpg\" border=\"0\" alt=\"6 Rocznica \u015amierci JPII\" title=\"6 Rocznica \u015amierci JPII\" width=\"409\" height=\"306\" srcset=\"http:\/\/sp.uchanie.pl\/wp-content\/uploads\/2011\/04\/rocznica-2011-5.jpg 800w, http:\/\/sp.uchanie.pl\/wp-content\/uploads\/2011\/04\/rocznica-2011-5-300x225.jpg 300w, http:\/\/sp.uchanie.pl\/wp-content\/uploads\/2011\/04\/rocznica-2011-5-768x576.jpg 768w\" sizes=\"auto, (max-width: 409px) 100vw, 409px\" \/><\/span><\/p>\n<p style=\"text-align: center;\"><span style=\"color: #000000;\"><img loading=\"lazy\" decoding=\"async\" class=\" size-full wp-image-79\" src=\"http:\/\/192.168.1.2\/wp-content\/uploads\/2011\/04\/rocznica-2011-6.jpg\" border=\"0\" alt=\"Pod Krzy\u017cem Misyjnym\" title=\"Pod Krzy\u017cem Misyjnym\" width=\"408\" height=\"306\" srcset=\"http:\/\/sp.uchanie.pl\/wp-content\/uploads\/2011\/04\/rocznica-2011-6.jpg 800w, http:\/\/sp.uchanie.pl\/wp-content\/uploads\/2011\/04\/rocznica-2011-6-300x225.jpg 300w, http:\/\/sp.uchanie.pl\/wp-content\/uploads\/2011\/04\/rocznica-2011-6-768x576.jpg 768w\" sizes=\"auto, (max-width: 408px) 100vw, 408px\" \/><\/span><\/p>\n<p style=\"text-align: center;\"><span style=\"color: #000000;\"><img loading=\"lazy\" decoding=\"async\" class=\" size-full wp-image-80\" src=\"http:\/\/192.168.1.2\/wp-content\/uploads\/2011\/04\/rocznica-2011-7.jpg\" border=\"0\" alt=\"Pod Krzy\u017cem Misyjnym\" title=\"Pod Krzy\u017cem Misyjnym\" width=\"407\" height=\"306\" srcset=\"http:\/\/sp.uchanie.pl\/wp-content\/uploads\/2011\/04\/rocznica-2011-7.jpg 800w, http:\/\/sp.uchanie.pl\/wp-content\/uploads\/2011\/04\/rocznica-2011-7-300x225.jpg 300w, http:\/\/sp.uchanie.pl\/wp-content\/uploads\/2011\/04\/rocznica-2011-7-768x576.jpg 768w\" sizes=\"auto, (max-width: 407px) 100vw, 407px\" \/><\/span><\/p>\n<p style=\"text-align: center;\"><span style=\"color: #000000;\"><img loading=\"lazy\" decoding=\"async\" class=\" size-full wp-image-81\" src=\"http:\/\/192.168.1.2\/wp-content\/uploads\/2011\/04\/rocznica-2011-8.jpg\" border=\"0\" alt=\"Pod Krzy\u017cem Misyjnym\" title=\"Pod Krzy\u017cem Misyjnym\" width=\"342\" height=\"457\" srcset=\"http:\/\/sp.uchanie.pl\/wp-content\/uploads\/2011\/04\/rocznica-2011-8.jpg 600w, http:\/\/sp.uchanie.pl\/wp-content\/uploads\/2011\/04\/rocznica-2011-8-225x300.jpg 225w\" sizes=\"auto, (max-width: 342px) 100vw, 342px\" \/><br \/><\/span><\/p>\n","protected":false},"excerpt":{"rendered":"<p>Dnia 2 kwietnia 2011r. o godz. 21.00 w ko\u015bciele parafialnym w Uchaniach odby\u0142a si\u0119 Msza \u015awi\u0119ta w kolejn\u0105 rocznic\u0119 \u015bmierci Papie\u017ca Jana Paw\u0142a II. Po Mszy \u015awi\u0119tej w procesji przeszli\u015bmy&#8230; <a href=\"http:\/\/sp.uchanie.pl\/index.php\/2011\/04\/03\/6-rocznica-mierci-jana-pawa-ii\/\">Read more &raquo;<\/a><\/p>\n","protected":false},"author":1,"featured_media":74,"comment_status":"closed","ping_status":"open","sticky":false,"template":"","format":"standard","meta":{"footnotes":""},"categories":[6],"tags":[],"class_list":["post-82","post","type-post","status-publish","format-standard","has-post-thumbnail","hentry","category-aktualnoci"],"_links":{"self":[{"href":"http:\/\/sp.uchanie.pl\/index.php\/wp-json\/wp\/v2\/posts\/82","targetHints":{"allow":["GET"]}}],"collection":[{"href":"http:\/\/sp.uchanie.pl\/index.php\/wp-json\/wp\/v2\/posts"}],"about":[{"href":"http:\/\/sp.uchanie.pl\/index.php\/wp-json\/wp\/v2\/types\/post"}],"author":[{"embeddable":true,"href":"http:\/\/sp.uchanie.pl\/index.php\/wp-json\/wp\/v2\/users\/1"}],"replies":[{"embeddable":true,"href":"http:\/\/sp.uchanie.pl\/index.php\/wp-json\/wp\/v2\/comments?post=82"}],"version-history":[{"count":0,"href":"http:\/\/sp.uchanie.pl\/index.php\/wp-json\/wp\/v2\/posts\/82\/revisions"}],"wp:featuredmedia":[{"embeddable":true,"href":"http:\/\/sp.uchanie.pl\/index.php\/wp-json\/wp\/v2\/media\/74"}],"wp:attachment":[{"href":"http:\/\/sp.uchanie.pl\/index.php\/wp-json\/wp\/v2\/media?parent=82"}],"wp:term":[{"taxonomy":"category","embeddable":true,"href":"http:\/\/sp.uchanie.pl\/index.php\/wp-json\/wp\/v2\/categories?post=82"},{"taxonomy":"post_tag","embeddable":true,"href":"http:\/\/sp.uchanie.pl\/index.php\/wp-json\/wp\/v2\/tags?post=82"}],"curies":[{"name":"wp","href":"https:\/\/api.w.org\/{rel}","templated":true}]}}