{"id":8087,"date":"2020-10-22T21:12:42","date_gmt":"2020-10-22T19:12:42","guid":{"rendered":"http:\/\/79.190.195.46\/?p=8087"},"modified":"2020-10-22T21:13:36","modified_gmt":"2020-10-22T19:13:36","slug":"8087","status":"publish","type":"post","link":"http:\/\/sp.uchanie.pl\/index.php\/2020\/10\/22\/8087\/","title":{"rendered":"Szko\u0142a My\u015blenia Pozytywnego"},"content":{"rendered":"<p align=\"center\"><img loading=\"lazy\" decoding=\"async\" class=\"alignnone size-full wp-image-8088\" style=\"font-size: 1rem;\" src=\"http:\/\/79.190.195.46\/wp-content\/uploads\/2020\/10\/logoEP.png\" alt=\"\" width=\"280\" height=\"105\" \/><\/p>\n<p align=\"center\"><span style=\"font-family: Times New Roman, serif;\"><span style=\"font-size: xx-large;\"><b>DR<\/b><\/span><\/span><span style=\"font-size: 1rem; font-family: 'Times New Roman', serif;\"><span style=\"font-size: xx-large;\"><b>ODZY<br \/>\n<\/b><\/span><\/span><span style=\"font-size: 1rem; font-family: 'Times New Roman', serif;\"><span style=\"font-size: xx-large;\"><b>RODZICE<\/b><\/span><\/span><\/p>\n<h5 class=\"western\"><span style=\"font-family: Times New Roman, serif;\"><span style=\"font-size: x-large;\"><b>Chcemy opowiedzie\u0107 o dzia\u0142aniach, kt\u00f3re realizujemy w szkole, a kt\u00f3rymi rzadko si\u0119 chwalimy. Dzi\u015b o programie certyfikacyjnym \u201eSzko\u0142a My\u015blenia Pozytywnego\u201d realizowanym w ramach projektu \u201eMy\u015bl\u0119 pozytywnie\u201d, kt\u00f3ry wdra\u017camy w tym roku kalendarzowym w naszej szkole.<\/b><\/span><\/span><\/h5>\n<h1 class=\"western\"><span style=\"font-family: Times New Roman, serif;\"><b>Projekt \u201eSzko\u0142a My\u015blenia Pozytywnego \u2013 komunikacja bez przemocy i mediacje w szkole\u201d<\/b><\/span><\/h1>\n<p><a name=\"more-16511\"><\/a><span style=\"font-family: Times New Roman, serif;\">Program zosta\u0142 stworzony z my\u015bl\u0105 o wspieraniu zdrowia psychicznego w rzeczywisto\u015bci szkolnej.<\/span><\/p>\n<p><span style=\"font-family: Times New Roman, serif;\">W pa\u017adzierniku rus<\/span><span style=\"font-family: Times New Roman, serif;\">zy\u0142<\/span><span style=\"font-family: Times New Roman, serif;\"> najnowszy projekt Instytutu Edukacji Pozytywnej<br \/>\n\u201eSzko\u0142a My\u015blenia Pozytywnego \u2013 komunikacja bez przemocy i mediacje w szkole\u201d.<br \/>\nNa potrzeby szkolenia powsta\u0142a pierwsza, interaktywna platforma edukacyjna.<br \/>\nProjekt przygotowany jest dla przedszkoli, szk\u00f3\u0142 podstawowych oraz szk\u00f3\u0142 ponadpodstawowych i kierowany do dyrektor\u00f3w szk\u00f3\u0142, nauczycieli, rodzic\u00f3w i dzieci (powy\u017cej 13 roku \u017cycia).<br \/>\nProgram zosta\u0142 stworzony z my\u015bl\u0105 o wspieraniu zdrowia psychicznego w rzeczywisto\u015bci szkolnej.<br \/>\nSzko\u0142y i plac\u00f3wki o\u015bwiaty bior\u0105ce udzia\u0142 w programie b\u0119d\u0105 korzysta\u0107 z kompleksowego wsparcia:<br \/>\n\u2013 szkole\u0144 na platformie zgodnych z wymogami MEN, MS i RPD,<br \/>\n\u2013 dost\u0119pu do rozszerzonej wersji interaktywnych szkole\u0144 e-learningowych,<br \/>\n\u2013 superwizji,<br \/>\n\u2013 konsultacji merytorycznej podejmowanych dzia\u0142a\u0144,<br \/>\n\u2013 materia\u0142\u00f3w dodatkowych dost\u0119pnych wy\u0142\u0105cznie w programie Szko\u0142a My\u015blenia Pozytywnego,<br \/>\n\u2013 sta\u0142ej opieki Fundacji, tak\u017ce po zako\u0144czeniu projektu.<br \/>\nUdzia\u0142 w projekcie jest <\/span><strong><span style=\"font-family: Times New Roman, serif;\">ca\u0142kowicie bezp\u0142atny<\/span><\/strong><span style=\"font-family: Times New Roman, serif;\">. Wsparcie jest wsp\u00f3\u0142finansowane ze \u015brodk\u00f3w Narodowego Programu Zdrowia na lata 2016-2020.<\/span><\/p>\n<p><span style=\"font-family: Times New Roman, serif;\"><b>Co otrzymuje plac\u00f3wka zg\u0142aszaj\u0105ca si\u0119 do programu?<\/b><\/span><\/p>\n<ul>\n<li>szkolenia na platformie zgodne z wytycznymi The Center for Nonviolent Communication;<\/li>\n<li>dost\u0119p do rozszerzonej wersji interaktywnych szkole\u0144 e-learningowych;<\/li>\n<li>superwizje (3 godziny na plac\u00f3wk\u0119);<\/li>\n<li>mentoring (2 godziny na plac\u00f3wk\u0119);<\/li>\n<li>wsparcie przeprowadzenia bada\u0144 klimatu plac\u00f3wki (2 godziny wsparcia);<\/li>\n<li>konsultacje specjalistyczne podejmowanych dzia\u0142a\u0144;<\/li>\n<li>materia\u0142y dodatkowe dost\u0119pne wy\u0142\u0105cznie w programie SMP;<\/li>\n<li>opiek\u0119 Fundacji, tak\u017ce po zako\u0144czeniu projektu;<\/li>\n<li>certyfikat potwierdzaj\u0105cy udzia\u0142 w Programie.<\/li>\n<\/ul>\n<p>W Programie przewidziane s\u0105 wyj\u0105tkowe szkolenia skierowane do: nauczycieli, dyrektor\u00f3w plac\u00f3wek oraz rodzic\u00f3w. Ka\u017cda z grup otrzymuje DEDYKOWANE wyk\u0142ady live (dost\u0119pne wy\u0142\u0105cznie w zaawansowanych szkoleniach) oraz pakiet spotka\u0144 z ekspertami.<\/p>\n<p style=\"text-align: right;\"><span style=\"font-family: Times New Roman, serif;\"><b>Marta Tryniecka \u2013 pedagog szkolny.<\/b><\/span><\/p>\n","protected":false},"excerpt":{"rendered":"<p>DRODZY RODZICE Chcemy opowiedzie\u0107 o dzia\u0142aniach, kt\u00f3re realizujemy w szkole, a kt\u00f3rymi rzadko si\u0119 chwalimy. Dzi\u015b o programie certyfikacyjnym \u201eSzko\u0142a My\u015blenia Pozytywnego\u201d realizowanym w ramach projektu \u201eMy\u015bl\u0119 pozytywnie\u201d, kt\u00f3ry wdra\u017camy&#8230; <a href=\"http:\/\/sp.uchanie.pl\/index.php\/2020\/10\/22\/8087\/\">Read more &raquo;<\/a><\/p>\n","protected":false},"author":1,"featured_media":8088,"comment_status":"closed","ping_status":"closed","sticky":false,"template":"","format":"standard","meta":{"footnotes":""},"categories":[6],"tags":[],"class_list":["post-8087","post","type-post","status-publish","format-standard","has-post-thumbnail","hentry","category-aktualnoci"],"_links":{"self":[{"href":"http:\/\/sp.uchanie.pl\/index.php\/wp-json\/wp\/v2\/posts\/8087","targetHints":{"allow":["GET"]}}],"collection":[{"href":"http:\/\/sp.uchanie.pl\/index.php\/wp-json\/wp\/v2\/posts"}],"about":[{"href":"http:\/\/sp.uchanie.pl\/index.php\/wp-json\/wp\/v2\/types\/post"}],"author":[{"embeddable":true,"href":"http:\/\/sp.uchanie.pl\/index.php\/wp-json\/wp\/v2\/users\/1"}],"replies":[{"embeddable":true,"href":"http:\/\/sp.uchanie.pl\/index.php\/wp-json\/wp\/v2\/comments?post=8087"}],"version-history":[{"count":2,"href":"http:\/\/sp.uchanie.pl\/index.php\/wp-json\/wp\/v2\/posts\/8087\/revisions"}],"predecessor-version":[{"id":8090,"href":"http:\/\/sp.uchanie.pl\/index.php\/wp-json\/wp\/v2\/posts\/8087\/revisions\/8090"}],"wp:featuredmedia":[{"embeddable":true,"href":"http:\/\/sp.uchanie.pl\/index.php\/wp-json\/wp\/v2\/media\/8088"}],"wp:attachment":[{"href":"http:\/\/sp.uchanie.pl\/index.php\/wp-json\/wp\/v2\/media?parent=8087"}],"wp:term":[{"taxonomy":"category","embeddable":true,"href":"http:\/\/sp.uchanie.pl\/index.php\/wp-json\/wp\/v2\/categories?post=8087"},{"taxonomy":"post_tag","embeddable":true,"href":"http:\/\/sp.uchanie.pl\/index.php\/wp-json\/wp\/v2\/tags?post=8087"}],"curies":[{"name":"wp","href":"https:\/\/api.w.org\/{rel}","templated":true}]}}