{"id":6472,"date":"2020-05-21T11:22:34","date_gmt":"2020-05-21T09:22:34","guid":{"rendered":"http:\/\/79.190.195.46\/?p=6472"},"modified":"2020-05-21T11:32:47","modified_gmt":"2020-05-21T09:32:47","slug":"organizacja-zajec-w-klasach-i-iii","status":"publish","type":"post","link":"http:\/\/sp.uchanie.pl\/index.php\/2020\/05\/21\/organizacja-zajec-w-klasach-i-iii\/","title":{"rendered":"Organizacja zaj\u0119\u0107 w klasach I-III"},"content":{"rendered":"<p><span style=\"color: #000080;\">Drodzy Rodzice uczni\u00f3w klas I \u2013 III Szko\u0142y Podstawowej im. Papie\u017ca Jana Paw\u0142a II<\/span><br \/>\n<span style=\"color: #000080;\">w Uchaniach<\/span><\/p>\n<p>W zwi\u0105zku z uruchomieniem kolejnych etap\u00f3w stopniowego powrotu do stacjonarnego funkcjonowania szk\u00f3\u0142 informuj\u0119, \u017ce <u>od 25 maja 2020 r. przywracamy zaj\u0119cia opieku\u0144czo \u2013 wychowawcze z mo\u017cliwo\u015bci\u0105 prowadzenia zaj\u0119\u0107 dydaktycznych.<\/u><\/p>\n<p>Zainteresowani Rodzice proszeni s\u0105 o przes\u0142anie deklaracji na adres poczty e-mail szko\u0142y\u00a0 \u00a0 \u00a0 \u00a0 \u00a0 \u00a0 \u00a0 \u00a0 \u00a0 \u00a0 \u00a0<a href=\"mailto:spuchanie@gmail.com\">spuchanie@gmail.com<\/a> w terminie do <strong><u>22.05.2020 r. do godz. 14.00.<\/u><\/strong><\/p>\n<p>Przyk\u0142adowy wz\u00f3r deklaracji <a href=\"http:\/\/79.190.195.46\/wp-content\/uploads\/2020\/05\/DEKLARACJA.docx\">DEKLARACJA<\/a><\/p>\n<p>Szko\u0142a nie zapewnia dowo\u017cenia uczni\u00f3w.<\/p>\n<p>Prosz\u0119 o zapoznanie si\u0119 z <a href=\"http:\/\/79.190.195.46\/wp-content\/uploads\/2020\/05\/\u201eWewn\u0119trzn\u0105-procedur\u0105-bezpiecze\u0144stwa-dotycz\u0105c\u0105-zapobiegania-i-przeciwdzia\u0142ania-COVID-\u2013-19-w-Szkole-Podstawowej-im.-Papie\u017ca-Jana-Paw\u0142a-II-w-Uchaniach\u201d..docx\">\u201eWewn\u0119trzn\u0105 procedur\u0105 bezpiecze\u0144stwa dotycz\u0105c\u0105 zapobiegania i przeciwdzia\u0142ania COVID \u2013 19 w Szkole Podstawowej im. Papie\u017ca Jana Paw\u0142a II w Uchaniach\u201d.<\/a><\/p>\n<p><strong>W przypadku trudno\u015bci mo\u017cna osobi\u015bcie zg\u0142osi\u0107 si\u0119 do sekretariatu szko\u0142y i na miejscu wype\u0142ni\u0107 deklaracj\u0119.<\/strong><\/p>\n","protected":false},"excerpt":{"rendered":"<p>Drodzy Rodzice uczni\u00f3w klas I \u2013 III Szko\u0142y Podstawowej im. Papie\u017ca Jana Paw\u0142a II w Uchaniach W zwi\u0105zku z uruchomieniem kolejnych etap\u00f3w stopniowego powrotu do stacjonarnego funkcjonowania szk\u00f3\u0142 informuj\u0119, \u017ce&#8230; <a href=\"http:\/\/sp.uchanie.pl\/index.php\/2020\/05\/21\/organizacja-zajec-w-klasach-i-iii\/\">Read more &raquo;<\/a><\/p>\n","protected":false},"author":4,"featured_media":0,"comment_status":"closed","ping_status":"closed","sticky":false,"template":"","format":"standard","meta":{"footnotes":""},"categories":[6],"tags":[],"class_list":["post-6472","post","type-post","status-publish","format-standard","hentry","category-aktualnoci"],"_links":{"self":[{"href":"http:\/\/sp.uchanie.pl\/index.php\/wp-json\/wp\/v2\/posts\/6472","targetHints":{"allow":["GET"]}}],"collection":[{"href":"http:\/\/sp.uchanie.pl\/index.php\/wp-json\/wp\/v2\/posts"}],"about":[{"href":"http:\/\/sp.uchanie.pl\/index.php\/wp-json\/wp\/v2\/types\/post"}],"author":[{"embeddable":true,"href":"http:\/\/sp.uchanie.pl\/index.php\/wp-json\/wp\/v2\/users\/4"}],"replies":[{"embeddable":true,"href":"http:\/\/sp.uchanie.pl\/index.php\/wp-json\/wp\/v2\/comments?post=6472"}],"version-history":[{"count":4,"href":"http:\/\/sp.uchanie.pl\/index.php\/wp-json\/wp\/v2\/posts\/6472\/revisions"}],"predecessor-version":[{"id":6478,"href":"http:\/\/sp.uchanie.pl\/index.php\/wp-json\/wp\/v2\/posts\/6472\/revisions\/6478"}],"wp:attachment":[{"href":"http:\/\/sp.uchanie.pl\/index.php\/wp-json\/wp\/v2\/media?parent=6472"}],"wp:term":[{"taxonomy":"category","embeddable":true,"href":"http:\/\/sp.uchanie.pl\/index.php\/wp-json\/wp\/v2\/categories?post=6472"},{"taxonomy":"post_tag","embeddable":true,"href":"http:\/\/sp.uchanie.pl\/index.php\/wp-json\/wp\/v2\/tags?post=6472"}],"curies":[{"name":"wp","href":"https:\/\/api.w.org\/{rel}","templated":true}]}}