{"id":6235,"date":"2020-05-18T18:29:51","date_gmt":"2020-05-18T16:29:51","guid":{"rendered":"http:\/\/79.190.195.46\/?p=6235"},"modified":"2020-05-21T11:27:43","modified_gmt":"2020-05-21T09:27:43","slug":"100-rocznica-urodzin-papieza-jana-pawla-ii","status":"publish","type":"post","link":"http:\/\/sp.uchanie.pl\/index.php\/2020\/05\/18\/100-rocznica-urodzin-papieza-jana-pawla-ii\/","title":{"rendered":"100 rocznica urodzin papie\u017ca Jana Paw\u0142a II"},"content":{"rendered":"<p><i><span style=\"font-weight: 400;\">18 maja 2020 roku przypada 100. rocznica urodzin Jana Paw\u0142a II <\/span><\/i><span style=\"font-weight: 400;\">&#8211;\u00a0 patrona naszej szko\u0142y.<\/span><\/p>\n<p><span style=\"font-weight: 400;\">W 13 rocznic\u0119 nadania imienia szkole \u015bwi\u0119towanie rozpocz\u0119li\u015bmy msz\u0105 \u015bwi\u0119t\u0105.<\/span><\/p>\n<p><span style=\"font-weight: 400;\">\u00a0W zwi\u0105zku sytuacj\u0119 w jakiej obecnie znajduje si\u0119 nie tylko Polska , ale i ca\u0142y \u015bwiat postanowili\u015bmy uczci\u0107 to \u015bwi\u0119to organizuj\u0105c i w\u0142\u0105czaj\u0105c si\u0119 w akcje zdalne.\u00a0\u00a0<\/span><\/p>\n<p><span style=\"font-weight: 400;\">Uczniowie klas 0-8 w ramach zaj\u0119\u0107 plastycznych wykonali indywidualnie, wed\u0142ug swojego pomys\u0142u laurki dla papie\u017ca, w spos\u00f3b tradycyjny (r\u0119cznie), z kt\u00f3rymi zrobili sobie zdj\u0119cie.\u00a0<\/span><\/p>\n<p><span style=\"font-weight: 400;\">\u00a0\u00a0\u00a0\u00a0\u00a0\u00a0Przy\u0142\u0105czyli\u015bmy si\u0119 r\u00f3wnie\u017c do akcji zorganizowanej przez Muzeum Dom Rodzinny Ojca \u015awi\u0119tego Jana Paw\u0142a II w Wadowicach , polegaj\u0105cej na autorskim wykonaniu \u201eBarki\u201d. Swoje aran\u017ce, recytacje czy nawet taniec do pie\u015bni bliskiej sercu \u015bw. Jana Paw\u0142a II mo\u017cna zamieszcza\u0107 w mediach spo\u0142eczno\u015bciowych z hasztagiem #jestemwdzieczny.<\/span><\/p>\n<p><span style=\"font-weight: 400;\">\u00a0\u00a0\u00a0\u00a0\u00a0\u00a0W duchu wdzi\u0119czno\u015bci chcemy 18 maja o godz. 17:00 zatrzyma\u0107 si\u0119 na chwil\u0119\u00a0 \u00a0 \u00a0 \u00a0 \u00a0 \u00a0 \u00a0 \u00a0 i za\u015bpiewa\u0107 \u201eBark\u0119\u201d &#8211; jedn\u0105 z ulubionych pie\u015bni papie\u017ca. Jan Pawe\u0142 II wspomina\u0142, \u017ce to w\u0142a\u015bnie ona wyprowadzi\u0142a go z ojczyzny i towarzyszy\u0142a mu na pami\u0119tnym konklawe. Ograniczenia spowodowane epidemi\u0105 sprawiaj\u0105, \u017ce nie b\u0119dziemy mogli si\u0119 spotka\u0107. Ale mo\u017cemy \u015bpiewa\u0107 w domach, na balkonach, w ogrodach i lasach!- zach\u0119caj\u0105 organizatorzy.<\/span><\/p>\n<p><span style=\"font-weight: 400;\">Przez ca\u0142y maj mo\u017cna to zrobi\u0107 <\/span><a href=\"https:\/\/www.facebook.com\/events\/742408482845528\"><span style=\"font-weight: 400;\">na stronie wydarzenia na Facebooku<\/span><\/a><span style=\"font-weight: 400;\"> b\u0105d\u017a te\u017c oznaczaj\u0105c w po\u015bcie fanpage (@domjp2) lub wpisuj\u0105c hasztag #jestemwdzieczny.<\/span><\/p>\n\n\t\t<style type=\"text\/css\">\n\t\t\t#gallery-1 {\n\t\t\t\tmargin: auto;\n\t\t\t}\n\t\t\t#gallery-1 .gallery-item {\n\t\t\t\tfloat: left;\n\t\t\t\tmargin-top: 10px;\n\t\t\t\ttext-align: center;\n\t\t\t\twidth: 33%;\n\t\t\t}\n\t\t\t#gallery-1 img {\n\t\t\t\tborder: 2px solid #cfcfcf;\n\t\t\t}\n\t\t\t#gallery-1 .gallery-caption {\n\t\t\t\tmargin-left: 0;\n\t\t\t}\n\t\t\t\/* see gallery_shortcode() in wp-includes\/media.php *\/\n\t\t<\/style>\n\t\t<div id='gallery-1' class='gallery galleryid-6235 gallery-columns-3 gallery-size-thumbnail'><dl class='gallery-item'>\n\t\t\t<dt class='gallery-icon landscape'>\n\t\t\t\t<a href='http:\/\/sp.uchanie.pl\/index.php\/2020\/05\/18\/100-rocznica-urodzin-papieza-jana-pawla-ii\/sony-dsc\/'><img loading=\"lazy\" decoding=\"async\" width=\"150\" height=\"150\" src=\"http:\/\/sp.uchanie.pl\/wp-content\/uploads\/2020\/05\/Sw_szkoly20_1-150x150.jpg\" class=\"attachment-thumbnail size-thumbnail\" alt=\"\" aria-describedby=\"gallery-1-6236\" srcset=\"http:\/\/sp.uchanie.pl\/wp-content\/uploads\/2020\/05\/Sw_szkoly20_1-150x150.jpg 150w, http:\/\/sp.uchanie.pl\/wp-content\/uploads\/2020\/05\/Sw_szkoly20_1-180x180.jpg 180w, http:\/\/sp.uchanie.pl\/wp-content\/uploads\/2020\/05\/Sw_szkoly20_1-60x60.jpg 60w\" sizes=\"auto, (max-width: 150px) 100vw, 150px\" \/><\/a>\n\t\t\t<\/dt>\n\t\t\t\t<dd class='wp-caption-text gallery-caption' id='gallery-1-6236'>\n\t\t\t\tSONY DSC\n\t\t\t\t<\/dd><\/dl><dl class='gallery-item'>\n\t\t\t<dt class='gallery-icon portrait'>\n\t\t\t\t<a href='http:\/\/sp.uchanie.pl\/index.php\/2020\/05\/18\/100-rocznica-urodzin-papieza-jana-pawla-ii\/sw_szkoly20_2\/'><img loading=\"lazy\" decoding=\"async\" width=\"150\" height=\"150\" src=\"http:\/\/sp.uchanie.pl\/wp-content\/uploads\/2020\/05\/Sw_szkoly20_2-150x150.jpg\" class=\"attachment-thumbnail size-thumbnail\" alt=\"\" srcset=\"http:\/\/sp.uchanie.pl\/wp-content\/uploads\/2020\/05\/Sw_szkoly20_2-150x150.jpg 150w, http:\/\/sp.uchanie.pl\/wp-content\/uploads\/2020\/05\/Sw_szkoly20_2-180x180.jpg 180w, http:\/\/sp.uchanie.pl\/wp-content\/uploads\/2020\/05\/Sw_szkoly20_2-60x60.jpg 60w\" sizes=\"auto, (max-width: 150px) 100vw, 150px\" \/><\/a>\n\t\t\t<\/dt><\/dl><dl class='gallery-item'>\n\t\t\t<dt class='gallery-icon portrait'>\n\t\t\t\t<a href='http:\/\/sp.uchanie.pl\/index.php\/2020\/05\/18\/100-rocznica-urodzin-papieza-jana-pawla-ii\/sw_szkoly20_3\/'><img loading=\"lazy\" decoding=\"async\" width=\"150\" height=\"150\" src=\"http:\/\/sp.uchanie.pl\/wp-content\/uploads\/2020\/05\/Sw_szkoly20_3-150x150.jpg\" class=\"attachment-thumbnail size-thumbnail\" alt=\"\" srcset=\"http:\/\/sp.uchanie.pl\/wp-content\/uploads\/2020\/05\/Sw_szkoly20_3-150x150.jpg 150w, http:\/\/sp.uchanie.pl\/wp-content\/uploads\/2020\/05\/Sw_szkoly20_3-180x180.jpg 180w, http:\/\/sp.uchanie.pl\/wp-content\/uploads\/2020\/05\/Sw_szkoly20_3-60x60.jpg 60w\" sizes=\"auto, (max-width: 150px) 100vw, 150px\" \/><\/a>\n\t\t\t<\/dt><\/dl><br style=\"clear: both\" \/><dl class='gallery-item'>\n\t\t\t<dt class='gallery-icon portrait'>\n\t\t\t\t<a href='http:\/\/sp.uchanie.pl\/index.php\/2020\/05\/18\/100-rocznica-urodzin-papieza-jana-pawla-ii\/sw_szkoly20_4\/'><img loading=\"lazy\" decoding=\"async\" width=\"150\" height=\"150\" src=\"http:\/\/sp.uchanie.pl\/wp-content\/uploads\/2020\/05\/Sw_szkoly20_4-150x150.jpg\" class=\"attachment-thumbnail size-thumbnail\" alt=\"\" srcset=\"http:\/\/sp.uchanie.pl\/wp-content\/uploads\/2020\/05\/Sw_szkoly20_4-150x150.jpg 150w, http:\/\/sp.uchanie.pl\/wp-content\/uploads\/2020\/05\/Sw_szkoly20_4-180x180.jpg 180w, http:\/\/sp.uchanie.pl\/wp-content\/uploads\/2020\/05\/Sw_szkoly20_4-60x60.jpg 60w, http:\/\/sp.uchanie.pl\/wp-content\/uploads\/2020\/05\/Sw_szkoly20_4-389x390.jpg 389w\" sizes=\"auto, (max-width: 150px) 100vw, 150px\" \/><\/a>\n\t\t\t<\/dt><\/dl><dl class='gallery-item'>\n\t\t\t<dt class='gallery-icon portrait'>\n\t\t\t\t<a href='http:\/\/sp.uchanie.pl\/index.php\/2020\/05\/18\/100-rocznica-urodzin-papieza-jana-pawla-ii\/sw_szkoly20_5\/'><img loading=\"lazy\" decoding=\"async\" width=\"150\" height=\"150\" src=\"http:\/\/sp.uchanie.pl\/wp-content\/uploads\/2020\/05\/Sw_szkoly20_5-150x150.jpg\" class=\"attachment-thumbnail size-thumbnail\" alt=\"\" srcset=\"http:\/\/sp.uchanie.pl\/wp-content\/uploads\/2020\/05\/Sw_szkoly20_5-150x150.jpg 150w, http:\/\/sp.uchanie.pl\/wp-content\/uploads\/2020\/05\/Sw_szkoly20_5-180x180.jpg 180w, http:\/\/sp.uchanie.pl\/wp-content\/uploads\/2020\/05\/Sw_szkoly20_5-60x60.jpg 60w\" sizes=\"auto, (max-width: 150px) 100vw, 150px\" \/><\/a>\n\t\t\t<\/dt><\/dl><dl class='gallery-item'>\n\t\t\t<dt class='gallery-icon portrait'>\n\t\t\t\t<a href='http:\/\/sp.uchanie.pl\/index.php\/2020\/05\/18\/100-rocznica-urodzin-papieza-jana-pawla-ii\/sw_szkoly20_6\/'><img loading=\"lazy\" decoding=\"async\" width=\"150\" height=\"150\" src=\"http:\/\/sp.uchanie.pl\/wp-content\/uploads\/2020\/05\/Sw_szkoly20_6-150x150.jpg\" class=\"attachment-thumbnail size-thumbnail\" alt=\"\" srcset=\"http:\/\/sp.uchanie.pl\/wp-content\/uploads\/2020\/05\/Sw_szkoly20_6-150x150.jpg 150w, http:\/\/sp.uchanie.pl\/wp-content\/uploads\/2020\/05\/Sw_szkoly20_6-180x180.jpg 180w, http:\/\/sp.uchanie.pl\/wp-content\/uploads\/2020\/05\/Sw_szkoly20_6-60x60.jpg 60w\" sizes=\"auto, (max-width: 150px) 100vw, 150px\" \/><\/a>\n\t\t\t<\/dt><\/dl><br style=\"clear: both\" \/><dl class='gallery-item'>\n\t\t\t<dt class='gallery-icon portrait'>\n\t\t\t\t<a href='http:\/\/sp.uchanie.pl\/index.php\/2020\/05\/18\/100-rocznica-urodzin-papieza-jana-pawla-ii\/sw_szkoly20_7\/'><img loading=\"lazy\" decoding=\"async\" width=\"150\" height=\"150\" src=\"http:\/\/sp.uchanie.pl\/wp-content\/uploads\/2020\/05\/Sw_szkoly20_7-150x150.jpg\" class=\"attachment-thumbnail size-thumbnail\" alt=\"\" srcset=\"http:\/\/sp.uchanie.pl\/wp-content\/uploads\/2020\/05\/Sw_szkoly20_7-150x150.jpg 150w, http:\/\/sp.uchanie.pl\/wp-content\/uploads\/2020\/05\/Sw_szkoly20_7-180x180.jpg 180w, http:\/\/sp.uchanie.pl\/wp-content\/uploads\/2020\/05\/Sw_szkoly20_7-60x60.jpg 60w\" sizes=\"auto, (max-width: 150px) 100vw, 150px\" \/><\/a>\n\t\t\t<\/dt><\/dl><dl class='gallery-item'>\n\t\t\t<dt class='gallery-icon portrait'>\n\t\t\t\t<a href='http:\/\/sp.uchanie.pl\/index.php\/2020\/05\/18\/100-rocznica-urodzin-papieza-jana-pawla-ii\/sw_szkoly20_8\/'><img loading=\"lazy\" decoding=\"async\" width=\"150\" height=\"150\" src=\"http:\/\/sp.uchanie.pl\/wp-content\/uploads\/2020\/05\/Sw_szkoly20_8-150x150.jpg\" class=\"attachment-thumbnail size-thumbnail\" alt=\"\" srcset=\"http:\/\/sp.uchanie.pl\/wp-content\/uploads\/2020\/05\/Sw_szkoly20_8-150x150.jpg 150w, http:\/\/sp.uchanie.pl\/wp-content\/uploads\/2020\/05\/Sw_szkoly20_8-180x180.jpg 180w, http:\/\/sp.uchanie.pl\/wp-content\/uploads\/2020\/05\/Sw_szkoly20_8-60x60.jpg 60w\" sizes=\"auto, (max-width: 150px) 100vw, 150px\" \/><\/a>\n\t\t\t<\/dt><\/dl><dl class='gallery-item'>\n\t\t\t<dt class='gallery-icon landscape'>\n\t\t\t\t<a href='http:\/\/sp.uchanie.pl\/index.php\/2020\/05\/18\/100-rocznica-urodzin-papieza-jana-pawla-ii\/sw_szkoly20_9\/'><img loading=\"lazy\" decoding=\"async\" width=\"150\" height=\"150\" src=\"http:\/\/sp.uchanie.pl\/wp-content\/uploads\/2020\/05\/Sw_szkoly20_9-150x150.jpg\" class=\"attachment-thumbnail size-thumbnail\" alt=\"\" srcset=\"http:\/\/sp.uchanie.pl\/wp-content\/uploads\/2020\/05\/Sw_szkoly20_9-150x150.jpg 150w, http:\/\/sp.uchanie.pl\/wp-content\/uploads\/2020\/05\/Sw_szkoly20_9-180x180.jpg 180w, http:\/\/sp.uchanie.pl\/wp-content\/uploads\/2020\/05\/Sw_szkoly20_9-60x60.jpg 60w\" sizes=\"auto, (max-width: 150px) 100vw, 150px\" \/><\/a>\n\t\t\t<\/dt><\/dl><br style=\"clear: both\" \/><dl class='gallery-item'>\n\t\t\t<dt class='gallery-icon portrait'>\n\t\t\t\t<a href='http:\/\/sp.uchanie.pl\/index.php\/2020\/05\/18\/100-rocznica-urodzin-papieza-jana-pawla-ii\/sw_szkoly20_10\/'><img loading=\"lazy\" decoding=\"async\" width=\"150\" height=\"150\" src=\"http:\/\/sp.uchanie.pl\/wp-content\/uploads\/2020\/05\/Sw_szkoly20_10-150x150.jpg\" class=\"attachment-thumbnail size-thumbnail\" alt=\"\" srcset=\"http:\/\/sp.uchanie.pl\/wp-content\/uploads\/2020\/05\/Sw_szkoly20_10-150x150.jpg 150w, http:\/\/sp.uchanie.pl\/wp-content\/uploads\/2020\/05\/Sw_szkoly20_10-180x180.jpg 180w, http:\/\/sp.uchanie.pl\/wp-content\/uploads\/2020\/05\/Sw_szkoly20_10-60x60.jpg 60w\" sizes=\"auto, (max-width: 150px) 100vw, 150px\" \/><\/a>\n\t\t\t<\/dt><\/dl><dl class='gallery-item'>\n\t\t\t<dt class='gallery-icon portrait'>\n\t\t\t\t<a href='http:\/\/sp.uchanie.pl\/index.php\/2020\/05\/18\/100-rocznica-urodzin-papieza-jana-pawla-ii\/sw_szkoly20_11\/'><img loading=\"lazy\" decoding=\"async\" width=\"150\" height=\"150\" src=\"http:\/\/sp.uchanie.pl\/wp-content\/uploads\/2020\/05\/Sw_szkoly20_11-150x150.jpg\" class=\"attachment-thumbnail size-thumbnail\" alt=\"\" srcset=\"http:\/\/sp.uchanie.pl\/wp-content\/uploads\/2020\/05\/Sw_szkoly20_11-150x150.jpg 150w, http:\/\/sp.uchanie.pl\/wp-content\/uploads\/2020\/05\/Sw_szkoly20_11-180x180.jpg 180w, http:\/\/sp.uchanie.pl\/wp-content\/uploads\/2020\/05\/Sw_szkoly20_11-60x60.jpg 60w\" sizes=\"auto, (max-width: 150px) 100vw, 150px\" \/><\/a>\n\t\t\t<\/dt><\/dl><dl class='gallery-item'>\n\t\t\t<dt class='gallery-icon portrait'>\n\t\t\t\t<a href='http:\/\/sp.uchanie.pl\/index.php\/2020\/05\/18\/100-rocznica-urodzin-papieza-jana-pawla-ii\/sw_szkoly20_12\/'><img loading=\"lazy\" decoding=\"async\" width=\"150\" height=\"150\" src=\"http:\/\/sp.uchanie.pl\/wp-content\/uploads\/2020\/05\/Sw_szkoly20_12-150x150.jpg\" class=\"attachment-thumbnail size-thumbnail\" alt=\"\" srcset=\"http:\/\/sp.uchanie.pl\/wp-content\/uploads\/2020\/05\/Sw_szkoly20_12-150x150.jpg 150w, http:\/\/sp.uchanie.pl\/wp-content\/uploads\/2020\/05\/Sw_szkoly20_12-180x180.jpg 180w, http:\/\/sp.uchanie.pl\/wp-content\/uploads\/2020\/05\/Sw_szkoly20_12-60x60.jpg 60w\" sizes=\"auto, (max-width: 150px) 100vw, 150px\" \/><\/a>\n\t\t\t<\/dt><\/dl><br style=\"clear: both\" \/><dl class='gallery-item'>\n\t\t\t<dt class='gallery-icon portrait'>\n\t\t\t\t<a href='http:\/\/sp.uchanie.pl\/index.php\/2020\/05\/18\/100-rocznica-urodzin-papieza-jana-pawla-ii\/sw_szkoly20_13\/'><img loading=\"lazy\" decoding=\"async\" width=\"150\" height=\"150\" src=\"http:\/\/sp.uchanie.pl\/wp-content\/uploads\/2020\/05\/Sw_szkoly20_13-150x150.jpg\" class=\"attachment-thumbnail size-thumbnail\" alt=\"\" srcset=\"http:\/\/sp.uchanie.pl\/wp-content\/uploads\/2020\/05\/Sw_szkoly20_13-150x150.jpg 150w, http:\/\/sp.uchanie.pl\/wp-content\/uploads\/2020\/05\/Sw_szkoly20_13-180x180.jpg 180w, http:\/\/sp.uchanie.pl\/wp-content\/uploads\/2020\/05\/Sw_szkoly20_13-60x60.jpg 60w\" sizes=\"auto, (max-width: 150px) 100vw, 150px\" \/><\/a>\n\t\t\t<\/dt><\/dl><dl class='gallery-item'>\n\t\t\t<dt class='gallery-icon portrait'>\n\t\t\t\t<a href='http:\/\/sp.uchanie.pl\/index.php\/2020\/05\/18\/100-rocznica-urodzin-papieza-jana-pawla-ii\/sw_szkoly20_14\/'><img loading=\"lazy\" decoding=\"async\" width=\"150\" height=\"150\" src=\"http:\/\/sp.uchanie.pl\/wp-content\/uploads\/2020\/05\/Sw_szkoly20_14-150x150.jpg\" class=\"attachment-thumbnail size-thumbnail\" alt=\"\" srcset=\"http:\/\/sp.uchanie.pl\/wp-content\/uploads\/2020\/05\/Sw_szkoly20_14-150x150.jpg 150w, http:\/\/sp.uchanie.pl\/wp-content\/uploads\/2020\/05\/Sw_szkoly20_14-180x180.jpg 180w, http:\/\/sp.uchanie.pl\/wp-content\/uploads\/2020\/05\/Sw_szkoly20_14-60x60.jpg 60w\" sizes=\"auto, (max-width: 150px) 100vw, 150px\" \/><\/a>\n\t\t\t<\/dt><\/dl><dl class='gallery-item'>\n\t\t\t<dt class='gallery-icon portrait'>\n\t\t\t\t<a href='http:\/\/sp.uchanie.pl\/index.php\/2020\/05\/18\/100-rocznica-urodzin-papieza-jana-pawla-ii\/sw_szkoly20_15\/'><img loading=\"lazy\" decoding=\"async\" width=\"150\" height=\"150\" src=\"http:\/\/sp.uchanie.pl\/wp-content\/uploads\/2020\/05\/Sw_szkoly20_15-150x150.jpg\" class=\"attachment-thumbnail size-thumbnail\" alt=\"\" srcset=\"http:\/\/sp.uchanie.pl\/wp-content\/uploads\/2020\/05\/Sw_szkoly20_15-150x150.jpg 150w, http:\/\/sp.uchanie.pl\/wp-content\/uploads\/2020\/05\/Sw_szkoly20_15-180x180.jpg 180w, http:\/\/sp.uchanie.pl\/wp-content\/uploads\/2020\/05\/Sw_szkoly20_15-60x60.jpg 60w\" sizes=\"auto, (max-width: 150px) 100vw, 150px\" \/><\/a>\n\t\t\t<\/dt><\/dl><br style=\"clear: both\" \/><dl class='gallery-item'>\n\t\t\t<dt class='gallery-icon portrait'>\n\t\t\t\t<a href='http:\/\/sp.uchanie.pl\/index.php\/2020\/05\/18\/100-rocznica-urodzin-papieza-jana-pawla-ii\/sw_szkoly20_16\/'><img loading=\"lazy\" decoding=\"async\" width=\"150\" height=\"150\" src=\"http:\/\/sp.uchanie.pl\/wp-content\/uploads\/2020\/05\/Sw_szkoly20_16-150x150.jpg\" class=\"attachment-thumbnail size-thumbnail\" alt=\"\" srcset=\"http:\/\/sp.uchanie.pl\/wp-content\/uploads\/2020\/05\/Sw_szkoly20_16-150x150.jpg 150w, http:\/\/sp.uchanie.pl\/wp-content\/uploads\/2020\/05\/Sw_szkoly20_16-180x180.jpg 180w, http:\/\/sp.uchanie.pl\/wp-content\/uploads\/2020\/05\/Sw_szkoly20_16-60x60.jpg 60w\" sizes=\"auto, (max-width: 150px) 100vw, 150px\" \/><\/a>\n\t\t\t<\/dt><\/dl><dl class='gallery-item'>\n\t\t\t<dt class='gallery-icon portrait'>\n\t\t\t\t<a href='http:\/\/sp.uchanie.pl\/index.php\/2020\/05\/18\/100-rocznica-urodzin-papieza-jana-pawla-ii\/sw_szkoly20_17\/'><img loading=\"lazy\" decoding=\"async\" width=\"150\" height=\"150\" src=\"http:\/\/sp.uchanie.pl\/wp-content\/uploads\/2020\/05\/Sw_szkoly20_17-150x150.jpg\" class=\"attachment-thumbnail size-thumbnail\" alt=\"\" srcset=\"http:\/\/sp.uchanie.pl\/wp-content\/uploads\/2020\/05\/Sw_szkoly20_17-150x150.jpg 150w, http:\/\/sp.uchanie.pl\/wp-content\/uploads\/2020\/05\/Sw_szkoly20_17-180x180.jpg 180w, http:\/\/sp.uchanie.pl\/wp-content\/uploads\/2020\/05\/Sw_szkoly20_17-60x60.jpg 60w\" sizes=\"auto, (max-width: 150px) 100vw, 150px\" \/><\/a>\n\t\t\t<\/dt><\/dl><dl class='gallery-item'>\n\t\t\t<dt class='gallery-icon portrait'>\n\t\t\t\t<a href='http:\/\/sp.uchanie.pl\/index.php\/2020\/05\/18\/100-rocznica-urodzin-papieza-jana-pawla-ii\/sw_szkoly20_18\/'><img loading=\"lazy\" decoding=\"async\" width=\"150\" height=\"150\" src=\"http:\/\/sp.uchanie.pl\/wp-content\/uploads\/2020\/05\/Sw_szkoly20_18-150x150.jpg\" class=\"attachment-thumbnail size-thumbnail\" alt=\"\" srcset=\"http:\/\/sp.uchanie.pl\/wp-content\/uploads\/2020\/05\/Sw_szkoly20_18-150x150.jpg 150w, http:\/\/sp.uchanie.pl\/wp-content\/uploads\/2020\/05\/Sw_szkoly20_18-180x180.jpg 180w, http:\/\/sp.uchanie.pl\/wp-content\/uploads\/2020\/05\/Sw_szkoly20_18-60x60.jpg 60w\" sizes=\"auto, (max-width: 150px) 100vw, 150px\" \/><\/a>\n\t\t\t<\/dt><\/dl><br style=\"clear: both\" \/><dl class='gallery-item'>\n\t\t\t<dt class='gallery-icon portrait'>\n\t\t\t\t<a href='http:\/\/sp.uchanie.pl\/index.php\/2020\/05\/18\/100-rocznica-urodzin-papieza-jana-pawla-ii\/sw_szkoly20_19\/'><img loading=\"lazy\" decoding=\"async\" width=\"150\" height=\"150\" src=\"http:\/\/sp.uchanie.pl\/wp-content\/uploads\/2020\/05\/Sw_szkoly20_19-150x150.jpg\" class=\"attachment-thumbnail size-thumbnail\" alt=\"\" srcset=\"http:\/\/sp.uchanie.pl\/wp-content\/uploads\/2020\/05\/Sw_szkoly20_19-150x150.jpg 150w, http:\/\/sp.uchanie.pl\/wp-content\/uploads\/2020\/05\/Sw_szkoly20_19-180x180.jpg 180w, http:\/\/sp.uchanie.pl\/wp-content\/uploads\/2020\/05\/Sw_szkoly20_19-60x60.jpg 60w\" sizes=\"auto, (max-width: 150px) 100vw, 150px\" \/><\/a>\n\t\t\t<\/dt><\/dl><dl class='gallery-item'>\n\t\t\t<dt class='gallery-icon landscape'>\n\t\t\t\t<a href='http:\/\/sp.uchanie.pl\/index.php\/2020\/05\/18\/100-rocznica-urodzin-papieza-jana-pawla-ii\/sw_szkoly20_20\/'><img loading=\"lazy\" decoding=\"async\" width=\"150\" height=\"150\" src=\"http:\/\/sp.uchanie.pl\/wp-content\/uploads\/2020\/05\/Sw_szkoly20_20-150x150.jpg\" class=\"attachment-thumbnail size-thumbnail\" alt=\"\" srcset=\"http:\/\/sp.uchanie.pl\/wp-content\/uploads\/2020\/05\/Sw_szkoly20_20-150x150.jpg 150w, http:\/\/sp.uchanie.pl\/wp-content\/uploads\/2020\/05\/Sw_szkoly20_20-180x180.jpg 180w, http:\/\/sp.uchanie.pl\/wp-content\/uploads\/2020\/05\/Sw_szkoly20_20-60x60.jpg 60w\" sizes=\"auto, (max-width: 150px) 100vw, 150px\" \/><\/a>\n\t\t\t<\/dt><\/dl><dl class='gallery-item'>\n\t\t\t<dt class='gallery-icon portrait'>\n\t\t\t\t<a href='http:\/\/sp.uchanie.pl\/index.php\/2020\/05\/18\/100-rocznica-urodzin-papieza-jana-pawla-ii\/sw_szkoly20_21\/'><img loading=\"lazy\" decoding=\"async\" width=\"150\" height=\"150\" src=\"http:\/\/sp.uchanie.pl\/wp-content\/uploads\/2020\/05\/Sw_szkoly20_21-150x150.jpg\" class=\"attachment-thumbnail size-thumbnail\" alt=\"\" srcset=\"http:\/\/sp.uchanie.pl\/wp-content\/uploads\/2020\/05\/Sw_szkoly20_21-150x150.jpg 150w, http:\/\/sp.uchanie.pl\/wp-content\/uploads\/2020\/05\/Sw_szkoly20_21-180x180.jpg 180w, http:\/\/sp.uchanie.pl\/wp-content\/uploads\/2020\/05\/Sw_szkoly20_21-60x60.jpg 60w\" sizes=\"auto, (max-width: 150px) 100vw, 150px\" \/><\/a>\n\t\t\t<\/dt><\/dl><br style=\"clear: both\" \/><dl class='gallery-item'>\n\t\t\t<dt class='gallery-icon landscape'>\n\t\t\t\t<a href='http:\/\/sp.uchanie.pl\/index.php\/2020\/05\/18\/100-rocznica-urodzin-papieza-jana-pawla-ii\/sw_szkoly20_22\/'><img loading=\"lazy\" decoding=\"async\" width=\"150\" height=\"150\" src=\"http:\/\/sp.uchanie.pl\/wp-content\/uploads\/2020\/05\/Sw_szkoly20_22-150x150.jpg\" class=\"attachment-thumbnail size-thumbnail\" alt=\"\" srcset=\"http:\/\/sp.uchanie.pl\/wp-content\/uploads\/2020\/05\/Sw_szkoly20_22-150x150.jpg 150w, http:\/\/sp.uchanie.pl\/wp-content\/uploads\/2020\/05\/Sw_szkoly20_22-300x300.jpg 300w, http:\/\/sp.uchanie.pl\/wp-content\/uploads\/2020\/05\/Sw_szkoly20_22-768x768.jpg 768w, http:\/\/sp.uchanie.pl\/wp-content\/uploads\/2020\/05\/Sw_szkoly20_22-624x624.jpg 624w, http:\/\/sp.uchanie.pl\/wp-content\/uploads\/2020\/05\/Sw_szkoly20_22-180x180.jpg 180w, http:\/\/sp.uchanie.pl\/wp-content\/uploads\/2020\/05\/Sw_szkoly20_22-60x60.jpg 60w, http:\/\/sp.uchanie.pl\/wp-content\/uploads\/2020\/05\/Sw_szkoly20_22.jpg 800w\" sizes=\"auto, (max-width: 150px) 100vw, 150px\" \/><\/a>\n\t\t\t<\/dt><\/dl><dl class='gallery-item'>\n\t\t\t<dt class='gallery-icon portrait'>\n\t\t\t\t<a href='http:\/\/sp.uchanie.pl\/index.php\/2020\/05\/18\/100-rocznica-urodzin-papieza-jana-pawla-ii\/sw_szkoly20_23\/'><img loading=\"lazy\" decoding=\"async\" width=\"150\" height=\"150\" src=\"http:\/\/sp.uchanie.pl\/wp-content\/uploads\/2020\/05\/Sw_szkoly20_23-150x150.jpg\" class=\"attachment-thumbnail size-thumbnail\" alt=\"\" srcset=\"http:\/\/sp.uchanie.pl\/wp-content\/uploads\/2020\/05\/Sw_szkoly20_23-150x150.jpg 150w, http:\/\/sp.uchanie.pl\/wp-content\/uploads\/2020\/05\/Sw_szkoly20_23-180x180.jpg 180w, http:\/\/sp.uchanie.pl\/wp-content\/uploads\/2020\/05\/Sw_szkoly20_23-60x60.jpg 60w\" sizes=\"auto, (max-width: 150px) 100vw, 150px\" \/><\/a>\n\t\t\t<\/dt><\/dl><dl class='gallery-item'>\n\t\t\t<dt class='gallery-icon landscape'>\n\t\t\t\t<a href='http:\/\/sp.uchanie.pl\/index.php\/2020\/05\/18\/100-rocznica-urodzin-papieza-jana-pawla-ii\/sw_szkoly20_24\/'><img loading=\"lazy\" decoding=\"async\" width=\"150\" height=\"150\" src=\"http:\/\/sp.uchanie.pl\/wp-content\/uploads\/2020\/05\/Sw_szkoly20_24-150x150.jpg\" class=\"attachment-thumbnail size-thumbnail\" alt=\"\" srcset=\"http:\/\/sp.uchanie.pl\/wp-content\/uploads\/2020\/05\/Sw_szkoly20_24-150x150.jpg 150w, http:\/\/sp.uchanie.pl\/wp-content\/uploads\/2020\/05\/Sw_szkoly20_24-180x180.jpg 180w, http:\/\/sp.uchanie.pl\/wp-content\/uploads\/2020\/05\/Sw_szkoly20_24-60x60.jpg 60w\" sizes=\"auto, (max-width: 150px) 100vw, 150px\" \/><\/a>\n\t\t\t<\/dt><\/dl><br style=\"clear: both\" \/><dl class='gallery-item'>\n\t\t\t<dt class='gallery-icon portrait'>\n\t\t\t\t<a href='http:\/\/sp.uchanie.pl\/index.php\/2020\/05\/18\/100-rocznica-urodzin-papieza-jana-pawla-ii\/sw_szkoly20_25\/'><img loading=\"lazy\" decoding=\"async\" width=\"150\" height=\"150\" src=\"http:\/\/sp.uchanie.pl\/wp-content\/uploads\/2020\/05\/Sw_szkoly20_25-150x150.jpg\" class=\"attachment-thumbnail size-thumbnail\" alt=\"\" srcset=\"http:\/\/sp.uchanie.pl\/wp-content\/uploads\/2020\/05\/Sw_szkoly20_25-150x150.jpg 150w, http:\/\/sp.uchanie.pl\/wp-content\/uploads\/2020\/05\/Sw_szkoly20_25-180x180.jpg 180w, http:\/\/sp.uchanie.pl\/wp-content\/uploads\/2020\/05\/Sw_szkoly20_25-60x60.jpg 60w\" sizes=\"auto, (max-width: 150px) 100vw, 150px\" \/><\/a>\n\t\t\t<\/dt><\/dl><dl class='gallery-item'>\n\t\t\t<dt class='gallery-icon portrait'>\n\t\t\t\t<a href='http:\/\/sp.uchanie.pl\/index.php\/2020\/05\/18\/100-rocznica-urodzin-papieza-jana-pawla-ii\/sw_szkoly20_26\/'><img loading=\"lazy\" decoding=\"async\" width=\"150\" height=\"150\" src=\"http:\/\/sp.uchanie.pl\/wp-content\/uploads\/2020\/05\/Sw_szkoly20_26-150x150.jpg\" class=\"attachment-thumbnail size-thumbnail\" alt=\"\" srcset=\"http:\/\/sp.uchanie.pl\/wp-content\/uploads\/2020\/05\/Sw_szkoly20_26-150x150.jpg 150w, http:\/\/sp.uchanie.pl\/wp-content\/uploads\/2020\/05\/Sw_szkoly20_26-180x180.jpg 180w, http:\/\/sp.uchanie.pl\/wp-content\/uploads\/2020\/05\/Sw_szkoly20_26-60x60.jpg 60w\" sizes=\"auto, (max-width: 150px) 100vw, 150px\" \/><\/a>\n\t\t\t<\/dt><\/dl><dl class='gallery-item'>\n\t\t\t<dt class='gallery-icon portrait'>\n\t\t\t\t<a href='http:\/\/sp.uchanie.pl\/index.php\/2020\/05\/18\/100-rocznica-urodzin-papieza-jana-pawla-ii\/smart\/'><img loading=\"lazy\" decoding=\"async\" width=\"150\" height=\"150\" src=\"http:\/\/sp.uchanie.pl\/wp-content\/uploads\/2020\/05\/Sw_szkoly20_27-150x150.jpg\" class=\"attachment-thumbnail size-thumbnail\" alt=\"\" aria-describedby=\"gallery-1-6262\" srcset=\"http:\/\/sp.uchanie.pl\/wp-content\/uploads\/2020\/05\/Sw_szkoly20_27-150x150.jpg 150w, http:\/\/sp.uchanie.pl\/wp-content\/uploads\/2020\/05\/Sw_szkoly20_27-180x180.jpg 180w, http:\/\/sp.uchanie.pl\/wp-content\/uploads\/2020\/05\/Sw_szkoly20_27-60x60.jpg 60w\" sizes=\"auto, (max-width: 150px) 100vw, 150px\" \/><\/a>\n\t\t\t<\/dt>\n\t\t\t\t<dd class='wp-caption-text gallery-caption' id='gallery-1-6262'>\n\t\t\t\tsmart\n\t\t\t\t<\/dd><\/dl><br style=\"clear: both\" \/><dl class='gallery-item'>\n\t\t\t<dt class='gallery-icon portrait'>\n\t\t\t\t<a href='http:\/\/sp.uchanie.pl\/index.php\/2020\/05\/18\/100-rocznica-urodzin-papieza-jana-pawla-ii\/sw_szkoly20_28\/'><img loading=\"lazy\" decoding=\"async\" width=\"150\" height=\"150\" src=\"http:\/\/sp.uchanie.pl\/wp-content\/uploads\/2020\/05\/Sw_szkoly20_28-150x150.jpg\" class=\"attachment-thumbnail size-thumbnail\" alt=\"\" srcset=\"http:\/\/sp.uchanie.pl\/wp-content\/uploads\/2020\/05\/Sw_szkoly20_28-150x150.jpg 150w, http:\/\/sp.uchanie.pl\/wp-content\/uploads\/2020\/05\/Sw_szkoly20_28-180x180.jpg 180w, http:\/\/sp.uchanie.pl\/wp-content\/uploads\/2020\/05\/Sw_szkoly20_28-60x60.jpg 60w\" sizes=\"auto, (max-width: 150px) 100vw, 150px\" \/><\/a>\n\t\t\t<\/dt><\/dl><dl class='gallery-item'>\n\t\t\t<dt class='gallery-icon portrait'>\n\t\t\t\t<a href='http:\/\/sp.uchanie.pl\/index.php\/2020\/05\/18\/100-rocznica-urodzin-papieza-jana-pawla-ii\/sw_szkoly20_29\/'><img loading=\"lazy\" decoding=\"async\" width=\"150\" height=\"150\" src=\"http:\/\/sp.uchanie.pl\/wp-content\/uploads\/2020\/05\/Sw_szkoly20_29-150x150.jpg\" class=\"attachment-thumbnail size-thumbnail\" alt=\"\" srcset=\"http:\/\/sp.uchanie.pl\/wp-content\/uploads\/2020\/05\/Sw_szkoly20_29-150x150.jpg 150w, http:\/\/sp.uchanie.pl\/wp-content\/uploads\/2020\/05\/Sw_szkoly20_29-180x180.jpg 180w, http:\/\/sp.uchanie.pl\/wp-content\/uploads\/2020\/05\/Sw_szkoly20_29-60x60.jpg 60w\" sizes=\"auto, (max-width: 150px) 100vw, 150px\" \/><\/a>\n\t\t\t<\/dt><\/dl><dl class='gallery-item'>\n\t\t\t<dt class='gallery-icon portrait'>\n\t\t\t\t<a href='http:\/\/sp.uchanie.pl\/index.php\/2020\/05\/18\/100-rocznica-urodzin-papieza-jana-pawla-ii\/all-focus\/'><img loading=\"lazy\" decoding=\"async\" width=\"150\" height=\"150\" src=\"http:\/\/sp.uchanie.pl\/wp-content\/uploads\/2020\/05\/Sw_szkoly20_30-150x150.jpg\" class=\"attachment-thumbnail size-thumbnail\" alt=\"\" aria-describedby=\"gallery-1-6265\" srcset=\"http:\/\/sp.uchanie.pl\/wp-content\/uploads\/2020\/05\/Sw_szkoly20_30-150x150.jpg 150w, http:\/\/sp.uchanie.pl\/wp-content\/uploads\/2020\/05\/Sw_szkoly20_30-180x180.jpg 180w, http:\/\/sp.uchanie.pl\/wp-content\/uploads\/2020\/05\/Sw_szkoly20_30-60x60.jpg 60w\" sizes=\"auto, (max-width: 150px) 100vw, 150px\" \/><\/a>\n\t\t\t<\/dt>\n\t\t\t\t<dd class='wp-caption-text gallery-caption' id='gallery-1-6265'>\n\t\t\t\tAll-focus\n\t\t\t\t<\/dd><\/dl><br style=\"clear: both\" \/><dl class='gallery-item'>\n\t\t\t<dt class='gallery-icon portrait'>\n\t\t\t\t<a href='http:\/\/sp.uchanie.pl\/index.php\/2020\/05\/18\/100-rocznica-urodzin-papieza-jana-pawla-ii\/all-focus-2\/'><img loading=\"lazy\" decoding=\"async\" width=\"150\" height=\"150\" src=\"http:\/\/sp.uchanie.pl\/wp-content\/uploads\/2020\/05\/Sw_szkoly20_31-150x150.jpg\" class=\"attachment-thumbnail size-thumbnail\" alt=\"\" aria-describedby=\"gallery-1-6266\" srcset=\"http:\/\/sp.uchanie.pl\/wp-content\/uploads\/2020\/05\/Sw_szkoly20_31-150x150.jpg 150w, http:\/\/sp.uchanie.pl\/wp-content\/uploads\/2020\/05\/Sw_szkoly20_31-180x180.jpg 180w, http:\/\/sp.uchanie.pl\/wp-content\/uploads\/2020\/05\/Sw_szkoly20_31-60x60.jpg 60w\" sizes=\"auto, (max-width: 150px) 100vw, 150px\" \/><\/a>\n\t\t\t<\/dt>\n\t\t\t\t<dd class='wp-caption-text gallery-caption' id='gallery-1-6266'>\n\t\t\t\tAll-focus\n\t\t\t\t<\/dd><\/dl><dl class='gallery-item'>\n\t\t\t<dt class='gallery-icon portrait'>\n\t\t\t\t<a href='http:\/\/sp.uchanie.pl\/index.php\/2020\/05\/18\/100-rocznica-urodzin-papieza-jana-pawla-ii\/sw_szkoly20_32\/'><img loading=\"lazy\" decoding=\"async\" width=\"150\" height=\"150\" src=\"http:\/\/sp.uchanie.pl\/wp-content\/uploads\/2020\/05\/Sw_szkoly20_32-150x150.jpg\" class=\"attachment-thumbnail size-thumbnail\" alt=\"\" srcset=\"http:\/\/sp.uchanie.pl\/wp-content\/uploads\/2020\/05\/Sw_szkoly20_32-150x150.jpg 150w, http:\/\/sp.uchanie.pl\/wp-content\/uploads\/2020\/05\/Sw_szkoly20_32-180x180.jpg 180w, http:\/\/sp.uchanie.pl\/wp-content\/uploads\/2020\/05\/Sw_szkoly20_32-60x60.jpg 60w\" sizes=\"auto, (max-width: 150px) 100vw, 150px\" \/><\/a>\n\t\t\t<\/dt><\/dl><dl class='gallery-item'>\n\t\t\t<dt class='gallery-icon portrait'>\n\t\t\t\t<a href='http:\/\/sp.uchanie.pl\/index.php\/2020\/05\/18\/100-rocznica-urodzin-papieza-jana-pawla-ii\/sw_szkoly20_33\/'><img loading=\"lazy\" decoding=\"async\" width=\"150\" height=\"150\" src=\"http:\/\/sp.uchanie.pl\/wp-content\/uploads\/2020\/05\/Sw_szkoly20_33-150x150.jpg\" class=\"attachment-thumbnail size-thumbnail\" alt=\"\" srcset=\"http:\/\/sp.uchanie.pl\/wp-content\/uploads\/2020\/05\/Sw_szkoly20_33-150x150.jpg 150w, http:\/\/sp.uchanie.pl\/wp-content\/uploads\/2020\/05\/Sw_szkoly20_33-180x180.jpg 180w, http:\/\/sp.uchanie.pl\/wp-content\/uploads\/2020\/05\/Sw_szkoly20_33-60x60.jpg 60w\" sizes=\"auto, (max-width: 150px) 100vw, 150px\" \/><\/a>\n\t\t\t<\/dt><\/dl><br style=\"clear: both\" \/><dl class='gallery-item'>\n\t\t\t<dt class='gallery-icon portrait'>\n\t\t\t\t<a href='http:\/\/sp.uchanie.pl\/index.php\/2020\/05\/18\/100-rocznica-urodzin-papieza-jana-pawla-ii\/sw_szkoly20_34\/'><img loading=\"lazy\" decoding=\"async\" width=\"150\" height=\"150\" src=\"http:\/\/sp.uchanie.pl\/wp-content\/uploads\/2020\/05\/Sw_szkoly20_34-150x150.jpg\" class=\"attachment-thumbnail size-thumbnail\" alt=\"\" srcset=\"http:\/\/sp.uchanie.pl\/wp-content\/uploads\/2020\/05\/Sw_szkoly20_34-150x150.jpg 150w, http:\/\/sp.uchanie.pl\/wp-content\/uploads\/2020\/05\/Sw_szkoly20_34-180x180.jpg 180w, http:\/\/sp.uchanie.pl\/wp-content\/uploads\/2020\/05\/Sw_szkoly20_34-60x60.jpg 60w\" sizes=\"auto, (max-width: 150px) 100vw, 150px\" \/><\/a>\n\t\t\t<\/dt><\/dl><dl class='gallery-item'>\n\t\t\t<dt class='gallery-icon portrait'>\n\t\t\t\t<a href='http:\/\/sp.uchanie.pl\/index.php\/2020\/05\/18\/100-rocznica-urodzin-papieza-jana-pawla-ii\/sw_szkoly20_35\/'><img loading=\"lazy\" decoding=\"async\" width=\"150\" height=\"150\" src=\"http:\/\/sp.uchanie.pl\/wp-content\/uploads\/2020\/05\/Sw_szkoly20_35-150x150.jpg\" class=\"attachment-thumbnail size-thumbnail\" alt=\"\" srcset=\"http:\/\/sp.uchanie.pl\/wp-content\/uploads\/2020\/05\/Sw_szkoly20_35-150x150.jpg 150w, http:\/\/sp.uchanie.pl\/wp-content\/uploads\/2020\/05\/Sw_szkoly20_35-180x180.jpg 180w, http:\/\/sp.uchanie.pl\/wp-content\/uploads\/2020\/05\/Sw_szkoly20_35-60x60.jpg 60w\" sizes=\"auto, (max-width: 150px) 100vw, 150px\" \/><\/a>\n\t\t\t<\/dt><\/dl><dl class='gallery-item'>\n\t\t\t<dt class='gallery-icon portrait'>\n\t\t\t\t<a href='http:\/\/sp.uchanie.pl\/index.php\/2020\/05\/18\/100-rocznica-urodzin-papieza-jana-pawla-ii\/sw_szkoly20_36\/'><img loading=\"lazy\" decoding=\"async\" width=\"150\" height=\"150\" src=\"http:\/\/sp.uchanie.pl\/wp-content\/uploads\/2020\/05\/Sw_szkoly20_36-150x150.jpg\" class=\"attachment-thumbnail size-thumbnail\" alt=\"\" srcset=\"http:\/\/sp.uchanie.pl\/wp-content\/uploads\/2020\/05\/Sw_szkoly20_36-150x150.jpg 150w, http:\/\/sp.uchanie.pl\/wp-content\/uploads\/2020\/05\/Sw_szkoly20_36-180x180.jpg 180w, http:\/\/sp.uchanie.pl\/wp-content\/uploads\/2020\/05\/Sw_szkoly20_36-60x60.jpg 60w\" sizes=\"auto, (max-width: 150px) 100vw, 150px\" \/><\/a>\n\t\t\t<\/dt><\/dl><br style=\"clear: both\" \/><dl class='gallery-item'>\n\t\t\t<dt class='gallery-icon portrait'>\n\t\t\t\t<a href='http:\/\/sp.uchanie.pl\/index.php\/2020\/05\/18\/100-rocznica-urodzin-papieza-jana-pawla-ii\/sw_szkoly20_37\/'><img loading=\"lazy\" decoding=\"async\" width=\"150\" height=\"150\" src=\"http:\/\/sp.uchanie.pl\/wp-content\/uploads\/2020\/05\/Sw_szkoly20_37-150x150.jpg\" class=\"attachment-thumbnail size-thumbnail\" alt=\"\" srcset=\"http:\/\/sp.uchanie.pl\/wp-content\/uploads\/2020\/05\/Sw_szkoly20_37-150x150.jpg 150w, http:\/\/sp.uchanie.pl\/wp-content\/uploads\/2020\/05\/Sw_szkoly20_37-180x180.jpg 180w, http:\/\/sp.uchanie.pl\/wp-content\/uploads\/2020\/05\/Sw_szkoly20_37-60x60.jpg 60w\" sizes=\"auto, (max-width: 150px) 100vw, 150px\" \/><\/a>\n\t\t\t<\/dt><\/dl><dl class='gallery-item'>\n\t\t\t<dt class='gallery-icon portrait'>\n\t\t\t\t<a href='http:\/\/sp.uchanie.pl\/index.php\/2020\/05\/18\/100-rocznica-urodzin-papieza-jana-pawla-ii\/sw_szkoly20_38\/'><img loading=\"lazy\" decoding=\"async\" width=\"150\" height=\"150\" src=\"http:\/\/sp.uchanie.pl\/wp-content\/uploads\/2020\/05\/Sw_szkoly20_38-150x150.jpg\" class=\"attachment-thumbnail size-thumbnail\" alt=\"\" srcset=\"http:\/\/sp.uchanie.pl\/wp-content\/uploads\/2020\/05\/Sw_szkoly20_38-150x150.jpg 150w, http:\/\/sp.uchanie.pl\/wp-content\/uploads\/2020\/05\/Sw_szkoly20_38-180x180.jpg 180w, http:\/\/sp.uchanie.pl\/wp-content\/uploads\/2020\/05\/Sw_szkoly20_38-60x60.jpg 60w\" sizes=\"auto, (max-width: 150px) 100vw, 150px\" \/><\/a>\n\t\t\t<\/dt><\/dl><dl class='gallery-item'>\n\t\t\t<dt class='gallery-icon portrait'>\n\t\t\t\t<a href='http:\/\/sp.uchanie.pl\/index.php\/2020\/05\/18\/100-rocznica-urodzin-papieza-jana-pawla-ii\/sw_szkoly20_39\/'><img loading=\"lazy\" decoding=\"async\" width=\"150\" height=\"150\" src=\"http:\/\/sp.uchanie.pl\/wp-content\/uploads\/2020\/05\/Sw_szkoly20_39-150x150.jpg\" class=\"attachment-thumbnail size-thumbnail\" alt=\"\" srcset=\"http:\/\/sp.uchanie.pl\/wp-content\/uploads\/2020\/05\/Sw_szkoly20_39-150x150.jpg 150w, http:\/\/sp.uchanie.pl\/wp-content\/uploads\/2020\/05\/Sw_szkoly20_39-180x180.jpg 180w, http:\/\/sp.uchanie.pl\/wp-content\/uploads\/2020\/05\/Sw_szkoly20_39-60x60.jpg 60w\" sizes=\"auto, (max-width: 150px) 100vw, 150px\" \/><\/a>\n\t\t\t<\/dt><\/dl><br style=\"clear: both\" \/><dl class='gallery-item'>\n\t\t\t<dt class='gallery-icon portrait'>\n\t\t\t\t<a href='http:\/\/sp.uchanie.pl\/index.php\/2020\/05\/18\/100-rocznica-urodzin-papieza-jana-pawla-ii\/sw_szkoly20_40\/'><img loading=\"lazy\" decoding=\"async\" width=\"150\" height=\"150\" src=\"http:\/\/sp.uchanie.pl\/wp-content\/uploads\/2020\/05\/Sw_szkoly20_40-150x150.jpg\" class=\"attachment-thumbnail size-thumbnail\" alt=\"\" srcset=\"http:\/\/sp.uchanie.pl\/wp-content\/uploads\/2020\/05\/Sw_szkoly20_40-150x150.jpg 150w, http:\/\/sp.uchanie.pl\/wp-content\/uploads\/2020\/05\/Sw_szkoly20_40-180x180.jpg 180w, http:\/\/sp.uchanie.pl\/wp-content\/uploads\/2020\/05\/Sw_szkoly20_40-60x60.jpg 60w\" sizes=\"auto, (max-width: 150px) 100vw, 150px\" \/><\/a>\n\t\t\t<\/dt><\/dl><dl class='gallery-item'>\n\t\t\t<dt class='gallery-icon portrait'>\n\t\t\t\t<a href='http:\/\/sp.uchanie.pl\/index.php\/2020\/05\/18\/100-rocznica-urodzin-papieza-jana-pawla-ii\/sw_szkoly20_41\/'><img loading=\"lazy\" decoding=\"async\" width=\"150\" height=\"150\" src=\"http:\/\/sp.uchanie.pl\/wp-content\/uploads\/2020\/05\/Sw_szkoly20_41-150x150.jpg\" class=\"attachment-thumbnail size-thumbnail\" alt=\"\" srcset=\"http:\/\/sp.uchanie.pl\/wp-content\/uploads\/2020\/05\/Sw_szkoly20_41-150x150.jpg 150w, http:\/\/sp.uchanie.pl\/wp-content\/uploads\/2020\/05\/Sw_szkoly20_41-180x180.jpg 180w, http:\/\/sp.uchanie.pl\/wp-content\/uploads\/2020\/05\/Sw_szkoly20_41-60x60.jpg 60w\" sizes=\"auto, (max-width: 150px) 100vw, 150px\" \/><\/a>\n\t\t\t<\/dt><\/dl><dl class='gallery-item'>\n\t\t\t<dt class='gallery-icon portrait'>\n\t\t\t\t<a href='http:\/\/sp.uchanie.pl\/index.php\/2020\/05\/18\/100-rocznica-urodzin-papieza-jana-pawla-ii\/sw_szkoly20_42\/'><img loading=\"lazy\" decoding=\"async\" width=\"150\" height=\"150\" src=\"http:\/\/sp.uchanie.pl\/wp-content\/uploads\/2020\/05\/Sw_szkoly20_42-150x150.jpg\" class=\"attachment-thumbnail size-thumbnail\" alt=\"\" srcset=\"http:\/\/sp.uchanie.pl\/wp-content\/uploads\/2020\/05\/Sw_szkoly20_42-150x150.jpg 150w, http:\/\/sp.uchanie.pl\/wp-content\/uploads\/2020\/05\/Sw_szkoly20_42-180x180.jpg 180w, http:\/\/sp.uchanie.pl\/wp-content\/uploads\/2020\/05\/Sw_szkoly20_42-60x60.jpg 60w\" sizes=\"auto, (max-width: 150px) 100vw, 150px\" \/><\/a>\n\t\t\t<\/dt><\/dl><br style=\"clear: both\" \/><dl class='gallery-item'>\n\t\t\t<dt class='gallery-icon portrait'>\n\t\t\t\t<a href='http:\/\/sp.uchanie.pl\/index.php\/2020\/05\/18\/100-rocznica-urodzin-papieza-jana-pawla-ii\/sw_szkoly20_43\/'><img loading=\"lazy\" decoding=\"async\" width=\"150\" height=\"150\" src=\"http:\/\/sp.uchanie.pl\/wp-content\/uploads\/2020\/05\/Sw_szkoly20_43-150x150.jpg\" class=\"attachment-thumbnail size-thumbnail\" alt=\"\" srcset=\"http:\/\/sp.uchanie.pl\/wp-content\/uploads\/2020\/05\/Sw_szkoly20_43-150x150.jpg 150w, http:\/\/sp.uchanie.pl\/wp-content\/uploads\/2020\/05\/Sw_szkoly20_43-180x180.jpg 180w, http:\/\/sp.uchanie.pl\/wp-content\/uploads\/2020\/05\/Sw_szkoly20_43-60x60.jpg 60w\" sizes=\"auto, (max-width: 150px) 100vw, 150px\" \/><\/a>\n\t\t\t<\/dt><\/dl><dl class='gallery-item'>\n\t\t\t<dt class='gallery-icon portrait'>\n\t\t\t\t<a href='http:\/\/sp.uchanie.pl\/index.php\/2020\/05\/18\/100-rocznica-urodzin-papieza-jana-pawla-ii\/sw_szkoly20_44\/'><img loading=\"lazy\" decoding=\"async\" width=\"150\" height=\"150\" src=\"http:\/\/sp.uchanie.pl\/wp-content\/uploads\/2020\/05\/Sw_szkoly20_44-150x150.jpg\" class=\"attachment-thumbnail size-thumbnail\" alt=\"\" srcset=\"http:\/\/sp.uchanie.pl\/wp-content\/uploads\/2020\/05\/Sw_szkoly20_44-150x150.jpg 150w, http:\/\/sp.uchanie.pl\/wp-content\/uploads\/2020\/05\/Sw_szkoly20_44-180x180.jpg 180w, http:\/\/sp.uchanie.pl\/wp-content\/uploads\/2020\/05\/Sw_szkoly20_44-60x60.jpg 60w\" sizes=\"auto, (max-width: 150px) 100vw, 150px\" \/><\/a>\n\t\t\t<\/dt><\/dl><dl class='gallery-item'>\n\t\t\t<dt class='gallery-icon portrait'>\n\t\t\t\t<a href='http:\/\/sp.uchanie.pl\/index.php\/2020\/05\/18\/100-rocznica-urodzin-papieza-jana-pawla-ii\/sw_szkoly20_45\/'><img loading=\"lazy\" decoding=\"async\" width=\"150\" height=\"150\" src=\"http:\/\/sp.uchanie.pl\/wp-content\/uploads\/2020\/05\/Sw_szkoly20_45-150x150.jpg\" class=\"attachment-thumbnail size-thumbnail\" alt=\"\" srcset=\"http:\/\/sp.uchanie.pl\/wp-content\/uploads\/2020\/05\/Sw_szkoly20_45-150x150.jpg 150w, http:\/\/sp.uchanie.pl\/wp-content\/uploads\/2020\/05\/Sw_szkoly20_45-180x180.jpg 180w, http:\/\/sp.uchanie.pl\/wp-content\/uploads\/2020\/05\/Sw_szkoly20_45-60x60.jpg 60w\" sizes=\"auto, (max-width: 150px) 100vw, 150px\" \/><\/a>\n\t\t\t<\/dt><\/dl><br style=\"clear: both\" \/><dl class='gallery-item'>\n\t\t\t<dt class='gallery-icon portrait'>\n\t\t\t\t<a href='http:\/\/sp.uchanie.pl\/index.php\/2020\/05\/18\/100-rocznica-urodzin-papieza-jana-pawla-ii\/sw_szkoly20_46\/'><img loading=\"lazy\" decoding=\"async\" width=\"150\" height=\"150\" src=\"http:\/\/sp.uchanie.pl\/wp-content\/uploads\/2020\/05\/Sw_szkoly20_46-150x150.jpg\" class=\"attachment-thumbnail size-thumbnail\" alt=\"\" srcset=\"http:\/\/sp.uchanie.pl\/wp-content\/uploads\/2020\/05\/Sw_szkoly20_46-150x150.jpg 150w, http:\/\/sp.uchanie.pl\/wp-content\/uploads\/2020\/05\/Sw_szkoly20_46-180x180.jpg 180w, http:\/\/sp.uchanie.pl\/wp-content\/uploads\/2020\/05\/Sw_szkoly20_46-60x60.jpg 60w\" sizes=\"auto, (max-width: 150px) 100vw, 150px\" \/><\/a>\n\t\t\t<\/dt><\/dl><dl class='gallery-item'>\n\t\t\t<dt class='gallery-icon portrait'>\n\t\t\t\t<a href='http:\/\/sp.uchanie.pl\/index.php\/2020\/05\/18\/100-rocznica-urodzin-papieza-jana-pawla-ii\/sw_szkoly20_47\/'><img loading=\"lazy\" decoding=\"async\" width=\"150\" height=\"150\" src=\"http:\/\/sp.uchanie.pl\/wp-content\/uploads\/2020\/05\/Sw_szkoly20_47-150x150.jpg\" class=\"attachment-thumbnail size-thumbnail\" alt=\"\" srcset=\"http:\/\/sp.uchanie.pl\/wp-content\/uploads\/2020\/05\/Sw_szkoly20_47-150x150.jpg 150w, http:\/\/sp.uchanie.pl\/wp-content\/uploads\/2020\/05\/Sw_szkoly20_47-180x180.jpg 180w, http:\/\/sp.uchanie.pl\/wp-content\/uploads\/2020\/05\/Sw_szkoly20_47-60x60.jpg 60w\" sizes=\"auto, (max-width: 150px) 100vw, 150px\" \/><\/a>\n\t\t\t<\/dt><\/dl><dl class='gallery-item'>\n\t\t\t<dt class='gallery-icon portrait'>\n\t\t\t\t<a href='http:\/\/sp.uchanie.pl\/index.php\/2020\/05\/18\/100-rocznica-urodzin-papieza-jana-pawla-ii\/sw_szkoly20_48\/'><img loading=\"lazy\" decoding=\"async\" width=\"150\" height=\"150\" src=\"http:\/\/sp.uchanie.pl\/wp-content\/uploads\/2020\/05\/Sw_szkoly20_48-150x150.jpg\" class=\"attachment-thumbnail size-thumbnail\" alt=\"\" srcset=\"http:\/\/sp.uchanie.pl\/wp-content\/uploads\/2020\/05\/Sw_szkoly20_48-150x150.jpg 150w, http:\/\/sp.uchanie.pl\/wp-content\/uploads\/2020\/05\/Sw_szkoly20_48-180x180.jpg 180w, http:\/\/sp.uchanie.pl\/wp-content\/uploads\/2020\/05\/Sw_szkoly20_48-60x60.jpg 60w\" sizes=\"auto, (max-width: 150px) 100vw, 150px\" \/><\/a>\n\t\t\t<\/dt><\/dl><br style=\"clear: both\" \/><dl class='gallery-item'>\n\t\t\t<dt class='gallery-icon landscape'>\n\t\t\t\t<a href='http:\/\/sp.uchanie.pl\/index.php\/2020\/05\/18\/100-rocznica-urodzin-papieza-jana-pawla-ii\/sw_szkoly20_49\/'><img loading=\"lazy\" decoding=\"async\" width=\"150\" height=\"150\" src=\"http:\/\/sp.uchanie.pl\/wp-content\/uploads\/2020\/05\/Sw_szkoly20_49-150x150.jpg\" class=\"attachment-thumbnail size-thumbnail\" alt=\"\" srcset=\"http:\/\/sp.uchanie.pl\/wp-content\/uploads\/2020\/05\/Sw_szkoly20_49-150x150.jpg 150w, http:\/\/sp.uchanie.pl\/wp-content\/uploads\/2020\/05\/Sw_szkoly20_49-180x180.jpg 180w, http:\/\/sp.uchanie.pl\/wp-content\/uploads\/2020\/05\/Sw_szkoly20_49-60x60.jpg 60w\" sizes=\"auto, (max-width: 150px) 100vw, 150px\" \/><\/a>\n\t\t\t<\/dt><\/dl><dl class='gallery-item'>\n\t\t\t<dt class='gallery-icon portrait'>\n\t\t\t\t<a href='http:\/\/sp.uchanie.pl\/index.php\/2020\/05\/18\/100-rocznica-urodzin-papieza-jana-pawla-ii\/sw_szkoly20_50\/'><img loading=\"lazy\" decoding=\"async\" width=\"150\" height=\"150\" src=\"http:\/\/sp.uchanie.pl\/wp-content\/uploads\/2020\/05\/Sw_szkoly20_50-150x150.jpg\" class=\"attachment-thumbnail size-thumbnail\" alt=\"\" srcset=\"http:\/\/sp.uchanie.pl\/wp-content\/uploads\/2020\/05\/Sw_szkoly20_50-150x150.jpg 150w, http:\/\/sp.uchanie.pl\/wp-content\/uploads\/2020\/05\/Sw_szkoly20_50-180x180.jpg 180w, http:\/\/sp.uchanie.pl\/wp-content\/uploads\/2020\/05\/Sw_szkoly20_50-60x60.jpg 60w\" sizes=\"auto, (max-width: 150px) 100vw, 150px\" \/><\/a>\n\t\t\t<\/dt><\/dl><dl class='gallery-item'>\n\t\t\t<dt class='gallery-icon landscape'>\n\t\t\t\t<a href='http:\/\/sp.uchanie.pl\/index.php\/2020\/05\/18\/100-rocznica-urodzin-papieza-jana-pawla-ii\/sw_szkoly20_51\/'><img loading=\"lazy\" decoding=\"async\" width=\"150\" height=\"150\" src=\"http:\/\/sp.uchanie.pl\/wp-content\/uploads\/2020\/05\/Sw_szkoly20_51-150x150.jpg\" class=\"attachment-thumbnail size-thumbnail\" alt=\"\" srcset=\"http:\/\/sp.uchanie.pl\/wp-content\/uploads\/2020\/05\/Sw_szkoly20_51-150x150.jpg 150w, http:\/\/sp.uchanie.pl\/wp-content\/uploads\/2020\/05\/Sw_szkoly20_51-180x180.jpg 180w, http:\/\/sp.uchanie.pl\/wp-content\/uploads\/2020\/05\/Sw_szkoly20_51-60x60.jpg 60w\" sizes=\"auto, (max-width: 150px) 100vw, 150px\" \/><\/a>\n\t\t\t<\/dt><\/dl><br style=\"clear: both\" \/><dl class='gallery-item'>\n\t\t\t<dt class='gallery-icon portrait'>\n\t\t\t\t<a href='http:\/\/sp.uchanie.pl\/index.php\/2020\/05\/18\/100-rocznica-urodzin-papieza-jana-pawla-ii\/sw_szkoly20_52\/'><img loading=\"lazy\" decoding=\"async\" width=\"150\" height=\"150\" src=\"http:\/\/sp.uchanie.pl\/wp-content\/uploads\/2020\/05\/Sw_szkoly20_52-150x150.jpg\" class=\"attachment-thumbnail size-thumbnail\" alt=\"\" srcset=\"http:\/\/sp.uchanie.pl\/wp-content\/uploads\/2020\/05\/Sw_szkoly20_52-150x150.jpg 150w, http:\/\/sp.uchanie.pl\/wp-content\/uploads\/2020\/05\/Sw_szkoly20_52-180x180.jpg 180w, http:\/\/sp.uchanie.pl\/wp-content\/uploads\/2020\/05\/Sw_szkoly20_52-60x60.jpg 60w\" sizes=\"auto, (max-width: 150px) 100vw, 150px\" \/><\/a>\n\t\t\t<\/dt><\/dl><dl class='gallery-item'>\n\t\t\t<dt class='gallery-icon portrait'>\n\t\t\t\t<a href='http:\/\/sp.uchanie.pl\/index.php\/2020\/05\/18\/100-rocznica-urodzin-papieza-jana-pawla-ii\/sw_szkoly20_53\/'><img loading=\"lazy\" decoding=\"async\" width=\"150\" height=\"150\" src=\"http:\/\/sp.uchanie.pl\/wp-content\/uploads\/2020\/05\/Sw_szkoly20_53-150x150.jpg\" class=\"attachment-thumbnail size-thumbnail\" alt=\"\" srcset=\"http:\/\/sp.uchanie.pl\/wp-content\/uploads\/2020\/05\/Sw_szkoly20_53-150x150.jpg 150w, http:\/\/sp.uchanie.pl\/wp-content\/uploads\/2020\/05\/Sw_szkoly20_53-180x180.jpg 180w, http:\/\/sp.uchanie.pl\/wp-content\/uploads\/2020\/05\/Sw_szkoly20_53-60x60.jpg 60w\" sizes=\"auto, (max-width: 150px) 100vw, 150px\" \/><\/a>\n\t\t\t<\/dt><\/dl><dl class='gallery-item'>\n\t\t\t<dt class='gallery-icon portrait'>\n\t\t\t\t<a href='http:\/\/sp.uchanie.pl\/index.php\/2020\/05\/18\/100-rocznica-urodzin-papieza-jana-pawla-ii\/sw_szkoly20_54\/'><img loading=\"lazy\" decoding=\"async\" width=\"150\" height=\"150\" src=\"http:\/\/sp.uchanie.pl\/wp-content\/uploads\/2020\/05\/Sw_szkoly20_54-150x150.jpg\" class=\"attachment-thumbnail size-thumbnail\" alt=\"\" srcset=\"http:\/\/sp.uchanie.pl\/wp-content\/uploads\/2020\/05\/Sw_szkoly20_54-150x150.jpg 150w, http:\/\/sp.uchanie.pl\/wp-content\/uploads\/2020\/05\/Sw_szkoly20_54-180x180.jpg 180w, http:\/\/sp.uchanie.pl\/wp-content\/uploads\/2020\/05\/Sw_szkoly20_54-60x60.jpg 60w\" sizes=\"auto, (max-width: 150px) 100vw, 150px\" \/><\/a>\n\t\t\t<\/dt><\/dl><br style=\"clear: both\" \/><dl class='gallery-item'>\n\t\t\t<dt class='gallery-icon portrait'>\n\t\t\t\t<a href='http:\/\/sp.uchanie.pl\/index.php\/2020\/05\/18\/100-rocznica-urodzin-papieza-jana-pawla-ii\/all-focus-3\/'><img loading=\"lazy\" decoding=\"async\" width=\"150\" height=\"150\" src=\"http:\/\/sp.uchanie.pl\/wp-content\/uploads\/2020\/05\/Sw_szkoly20_55-150x150.jpg\" class=\"attachment-thumbnail size-thumbnail\" alt=\"\" aria-describedby=\"gallery-1-6290\" srcset=\"http:\/\/sp.uchanie.pl\/wp-content\/uploads\/2020\/05\/Sw_szkoly20_55-150x150.jpg 150w, http:\/\/sp.uchanie.pl\/wp-content\/uploads\/2020\/05\/Sw_szkoly20_55-180x180.jpg 180w, http:\/\/sp.uchanie.pl\/wp-content\/uploads\/2020\/05\/Sw_szkoly20_55-60x60.jpg 60w\" sizes=\"auto, (max-width: 150px) 100vw, 150px\" \/><\/a>\n\t\t\t<\/dt>\n\t\t\t\t<dd class='wp-caption-text gallery-caption' id='gallery-1-6290'>\n\t\t\t\tAll-focus\n\t\t\t\t<\/dd><\/dl><dl class='gallery-item'>\n\t\t\t<dt class='gallery-icon portrait'>\n\t\t\t\t<a href='http:\/\/sp.uchanie.pl\/index.php\/2020\/05\/18\/100-rocznica-urodzin-papieza-jana-pawla-ii\/sw_szkoly20_56\/'><img loading=\"lazy\" decoding=\"async\" width=\"150\" height=\"150\" src=\"http:\/\/sp.uchanie.pl\/wp-content\/uploads\/2020\/05\/Sw_szkoly20_56-150x150.jpg\" class=\"attachment-thumbnail size-thumbnail\" alt=\"\" srcset=\"http:\/\/sp.uchanie.pl\/wp-content\/uploads\/2020\/05\/Sw_szkoly20_56-150x150.jpg 150w, http:\/\/sp.uchanie.pl\/wp-content\/uploads\/2020\/05\/Sw_szkoly20_56-180x180.jpg 180w, http:\/\/sp.uchanie.pl\/wp-content\/uploads\/2020\/05\/Sw_szkoly20_56-60x60.jpg 60w\" sizes=\"auto, (max-width: 150px) 100vw, 150px\" \/><\/a>\n\t\t\t<\/dt><\/dl><dl class='gallery-item'>\n\t\t\t<dt class='gallery-icon portrait'>\n\t\t\t\t<a href='http:\/\/sp.uchanie.pl\/index.php\/2020\/05\/18\/100-rocznica-urodzin-papieza-jana-pawla-ii\/sw_szkoly20_57\/'><img loading=\"lazy\" decoding=\"async\" width=\"150\" height=\"150\" src=\"http:\/\/sp.uchanie.pl\/wp-content\/uploads\/2020\/05\/Sw_szkoly20_57-150x150.jpg\" class=\"attachment-thumbnail size-thumbnail\" alt=\"\" srcset=\"http:\/\/sp.uchanie.pl\/wp-content\/uploads\/2020\/05\/Sw_szkoly20_57-150x150.jpg 150w, http:\/\/sp.uchanie.pl\/wp-content\/uploads\/2020\/05\/Sw_szkoly20_57-180x180.jpg 180w, http:\/\/sp.uchanie.pl\/wp-content\/uploads\/2020\/05\/Sw_szkoly20_57-60x60.jpg 60w\" sizes=\"auto, (max-width: 150px) 100vw, 150px\" \/><\/a>\n\t\t\t<\/dt><\/dl><br style=\"clear: both\" \/><dl class='gallery-item'>\n\t\t\t<dt class='gallery-icon portrait'>\n\t\t\t\t<a href='http:\/\/sp.uchanie.pl\/index.php\/2020\/05\/18\/100-rocznica-urodzin-papieza-jana-pawla-ii\/sw_szkoly20_58\/'><img loading=\"lazy\" decoding=\"async\" width=\"150\" height=\"150\" src=\"http:\/\/sp.uchanie.pl\/wp-content\/uploads\/2020\/05\/Sw_szkoly20_58-150x150.jpg\" class=\"attachment-thumbnail size-thumbnail\" alt=\"\" srcset=\"http:\/\/sp.uchanie.pl\/wp-content\/uploads\/2020\/05\/Sw_szkoly20_58-150x150.jpg 150w, http:\/\/sp.uchanie.pl\/wp-content\/uploads\/2020\/05\/Sw_szkoly20_58-180x180.jpg 180w, http:\/\/sp.uchanie.pl\/wp-content\/uploads\/2020\/05\/Sw_szkoly20_58-60x60.jpg 60w\" sizes=\"auto, (max-width: 150px) 100vw, 150px\" \/><\/a>\n\t\t\t<\/dt><\/dl><dl class='gallery-item'>\n\t\t\t<dt class='gallery-icon portrait'>\n\t\t\t\t<a href='http:\/\/sp.uchanie.pl\/index.php\/2020\/05\/18\/100-rocznica-urodzin-papieza-jana-pawla-ii\/sw_szkoly20_59\/'><img loading=\"lazy\" decoding=\"async\" width=\"150\" height=\"150\" src=\"http:\/\/sp.uchanie.pl\/wp-content\/uploads\/2020\/05\/Sw_szkoly20_59-150x150.jpg\" class=\"attachment-thumbnail size-thumbnail\" alt=\"\" srcset=\"http:\/\/sp.uchanie.pl\/wp-content\/uploads\/2020\/05\/Sw_szkoly20_59-150x150.jpg 150w, http:\/\/sp.uchanie.pl\/wp-content\/uploads\/2020\/05\/Sw_szkoly20_59-180x180.jpg 180w, http:\/\/sp.uchanie.pl\/wp-content\/uploads\/2020\/05\/Sw_szkoly20_59-60x60.jpg 60w\" sizes=\"auto, (max-width: 150px) 100vw, 150px\" \/><\/a>\n\t\t\t<\/dt><\/dl><dl class='gallery-item'>\n\t\t\t<dt class='gallery-icon portrait'>\n\t\t\t\t<a href='http:\/\/sp.uchanie.pl\/index.php\/2020\/05\/18\/100-rocznica-urodzin-papieza-jana-pawla-ii\/sw_szkoly20_60\/'><img loading=\"lazy\" decoding=\"async\" width=\"150\" height=\"150\" src=\"http:\/\/sp.uchanie.pl\/wp-content\/uploads\/2020\/05\/Sw_szkoly20_60-150x150.jpg\" class=\"attachment-thumbnail size-thumbnail\" alt=\"\" srcset=\"http:\/\/sp.uchanie.pl\/wp-content\/uploads\/2020\/05\/Sw_szkoly20_60-150x150.jpg 150w, http:\/\/sp.uchanie.pl\/wp-content\/uploads\/2020\/05\/Sw_szkoly20_60-180x180.jpg 180w, http:\/\/sp.uchanie.pl\/wp-content\/uploads\/2020\/05\/Sw_szkoly20_60-60x60.jpg 60w\" sizes=\"auto, (max-width: 150px) 100vw, 150px\" \/><\/a>\n\t\t\t<\/dt><\/dl><br style=\"clear: both\" \/><dl class='gallery-item'>\n\t\t\t<dt class='gallery-icon portrait'>\n\t\t\t\t<a href='http:\/\/sp.uchanie.pl\/index.php\/2020\/05\/18\/100-rocznica-urodzin-papieza-jana-pawla-ii\/sw_szkoly20_61\/'><img loading=\"lazy\" decoding=\"async\" width=\"150\" height=\"150\" src=\"http:\/\/sp.uchanie.pl\/wp-content\/uploads\/2020\/05\/Sw_szkoly20_61-150x150.jpg\" class=\"attachment-thumbnail size-thumbnail\" alt=\"\" srcset=\"http:\/\/sp.uchanie.pl\/wp-content\/uploads\/2020\/05\/Sw_szkoly20_61-150x150.jpg 150w, http:\/\/sp.uchanie.pl\/wp-content\/uploads\/2020\/05\/Sw_szkoly20_61-180x180.jpg 180w, http:\/\/sp.uchanie.pl\/wp-content\/uploads\/2020\/05\/Sw_szkoly20_61-60x60.jpg 60w\" sizes=\"auto, (max-width: 150px) 100vw, 150px\" \/><\/a>\n\t\t\t<\/dt><\/dl><dl class='gallery-item'>\n\t\t\t<dt class='gallery-icon portrait'>\n\t\t\t\t<a href='http:\/\/sp.uchanie.pl\/index.php\/2020\/05\/18\/100-rocznica-urodzin-papieza-jana-pawla-ii\/sw_szkoly20_62\/'><img loading=\"lazy\" decoding=\"async\" width=\"150\" height=\"150\" src=\"http:\/\/sp.uchanie.pl\/wp-content\/uploads\/2020\/05\/Sw_szkoly20_62-150x150.jpg\" class=\"attachment-thumbnail size-thumbnail\" alt=\"\" srcset=\"http:\/\/sp.uchanie.pl\/wp-content\/uploads\/2020\/05\/Sw_szkoly20_62-150x150.jpg 150w, http:\/\/sp.uchanie.pl\/wp-content\/uploads\/2020\/05\/Sw_szkoly20_62-180x180.jpg 180w, http:\/\/sp.uchanie.pl\/wp-content\/uploads\/2020\/05\/Sw_szkoly20_62-60x60.jpg 60w\" sizes=\"auto, (max-width: 150px) 100vw, 150px\" \/><\/a>\n\t\t\t<\/dt><\/dl><dl class='gallery-item'>\n\t\t\t<dt class='gallery-icon portrait'>\n\t\t\t\t<a href='http:\/\/sp.uchanie.pl\/index.php\/2020\/05\/18\/100-rocznica-urodzin-papieza-jana-pawla-ii\/sw_szkoly20_63\/'><img loading=\"lazy\" decoding=\"async\" width=\"150\" height=\"150\" src=\"http:\/\/sp.uchanie.pl\/wp-content\/uploads\/2020\/05\/Sw_szkoly20_63-150x150.jpg\" class=\"attachment-thumbnail size-thumbnail\" alt=\"\" srcset=\"http:\/\/sp.uchanie.pl\/wp-content\/uploads\/2020\/05\/Sw_szkoly20_63-150x150.jpg 150w, http:\/\/sp.uchanie.pl\/wp-content\/uploads\/2020\/05\/Sw_szkoly20_63-180x180.jpg 180w, http:\/\/sp.uchanie.pl\/wp-content\/uploads\/2020\/05\/Sw_szkoly20_63-60x60.jpg 60w\" sizes=\"auto, (max-width: 150px) 100vw, 150px\" \/><\/a>\n\t\t\t<\/dt><\/dl><br style=\"clear: both\" \/><dl class='gallery-item'>\n\t\t\t<dt class='gallery-icon portrait'>\n\t\t\t\t<a href='http:\/\/sp.uchanie.pl\/index.php\/2020\/05\/18\/100-rocznica-urodzin-papieza-jana-pawla-ii\/sw_szkoly20_64\/'><img loading=\"lazy\" decoding=\"async\" width=\"150\" height=\"150\" src=\"http:\/\/sp.uchanie.pl\/wp-content\/uploads\/2020\/05\/Sw_szkoly20_64-150x150.jpg\" class=\"attachment-thumbnail size-thumbnail\" alt=\"\" srcset=\"http:\/\/sp.uchanie.pl\/wp-content\/uploads\/2020\/05\/Sw_szkoly20_64-150x150.jpg 150w, http:\/\/sp.uchanie.pl\/wp-content\/uploads\/2020\/05\/Sw_szkoly20_64-180x180.jpg 180w, http:\/\/sp.uchanie.pl\/wp-content\/uploads\/2020\/05\/Sw_szkoly20_64-60x60.jpg 60w\" sizes=\"auto, (max-width: 150px) 100vw, 150px\" \/><\/a>\n\t\t\t<\/dt><\/dl><dl class='gallery-item'>\n\t\t\t<dt class='gallery-icon portrait'>\n\t\t\t\t<a href='http:\/\/sp.uchanie.pl\/index.php\/2020\/05\/18\/100-rocznica-urodzin-papieza-jana-pawla-ii\/sw_szkoly20_65\/'><img loading=\"lazy\" decoding=\"async\" width=\"150\" height=\"150\" src=\"http:\/\/sp.uchanie.pl\/wp-content\/uploads\/2020\/05\/Sw_szkoly20_65-150x150.jpeg\" class=\"attachment-thumbnail size-thumbnail\" alt=\"\" srcset=\"http:\/\/sp.uchanie.pl\/wp-content\/uploads\/2020\/05\/Sw_szkoly20_65-150x150.jpeg 150w, http:\/\/sp.uchanie.pl\/wp-content\/uploads\/2020\/05\/Sw_szkoly20_65-180x180.jpeg 180w, http:\/\/sp.uchanie.pl\/wp-content\/uploads\/2020\/05\/Sw_szkoly20_65-60x60.jpeg 60w\" sizes=\"auto, (max-width: 150px) 100vw, 150px\" \/><\/a>\n\t\t\t<\/dt><\/dl><dl class='gallery-item'>\n\t\t\t<dt class='gallery-icon portrait'>\n\t\t\t\t<a href='http:\/\/sp.uchanie.pl\/index.php\/2020\/05\/18\/100-rocznica-urodzin-papieza-jana-pawla-ii\/sw_szkoly20_66\/'><img loading=\"lazy\" decoding=\"async\" width=\"150\" height=\"150\" src=\"http:\/\/sp.uchanie.pl\/wp-content\/uploads\/2020\/05\/Sw_szkoly20_66-150x150.jpeg\" class=\"attachment-thumbnail size-thumbnail\" alt=\"\" srcset=\"http:\/\/sp.uchanie.pl\/wp-content\/uploads\/2020\/05\/Sw_szkoly20_66-150x150.jpeg 150w, http:\/\/sp.uchanie.pl\/wp-content\/uploads\/2020\/05\/Sw_szkoly20_66-180x180.jpeg 180w, http:\/\/sp.uchanie.pl\/wp-content\/uploads\/2020\/05\/Sw_szkoly20_66-60x60.jpeg 60w\" sizes=\"auto, (max-width: 150px) 100vw, 150px\" \/><\/a>\n\t\t\t<\/dt><\/dl><br style=\"clear: both\" \/><dl class='gallery-item'>\n\t\t\t<dt class='gallery-icon landscape'>\n\t\t\t\t<a href='http:\/\/sp.uchanie.pl\/index.php\/2020\/05\/18\/100-rocznica-urodzin-papieza-jana-pawla-ii\/sw_szkoly20_67\/'><img loading=\"lazy\" decoding=\"async\" width=\"150\" height=\"150\" src=\"http:\/\/sp.uchanie.pl\/wp-content\/uploads\/2020\/05\/Sw_szkoly20_67-150x150.jpeg\" class=\"attachment-thumbnail size-thumbnail\" alt=\"\" srcset=\"http:\/\/sp.uchanie.pl\/wp-content\/uploads\/2020\/05\/Sw_szkoly20_67-150x150.jpeg 150w, http:\/\/sp.uchanie.pl\/wp-content\/uploads\/2020\/05\/Sw_szkoly20_67-180x180.jpeg 180w, http:\/\/sp.uchanie.pl\/wp-content\/uploads\/2020\/05\/Sw_szkoly20_67-60x60.jpeg 60w\" sizes=\"auto, (max-width: 150px) 100vw, 150px\" \/><\/a>\n\t\t\t<\/dt><\/dl>\n\t\t\t<br style='clear: both' \/>\n\t\t<\/div>\n\n","protected":false},"excerpt":{"rendered":"<p>18 maja 2020 roku przypada 100. rocznica urodzin Jana Paw\u0142a II &#8211;\u00a0 patrona naszej szko\u0142y. W 13 rocznic\u0119 nadania imienia szkole \u015bwi\u0119towanie rozpocz\u0119li\u015bmy msz\u0105 \u015bwi\u0119t\u0105. \u00a0W zwi\u0105zku sytuacj\u0119 w jakiej&#8230; <a href=\"http:\/\/sp.uchanie.pl\/index.php\/2020\/05\/18\/100-rocznica-urodzin-papieza-jana-pawla-ii\/\">Read more &raquo;<\/a><\/p>\n","protected":false},"author":1,"featured_media":6255,"comment_status":"closed","ping_status":"closed","sticky":false,"template":"","format":"standard","meta":{"footnotes":""},"categories":[6],"tags":[],"class_list":["post-6235","post","type-post","status-publish","format-standard","has-post-thumbnail","hentry","category-aktualnoci"],"_links":{"self":[{"href":"http:\/\/sp.uchanie.pl\/index.php\/wp-json\/wp\/v2\/posts\/6235","targetHints":{"allow":["GET"]}}],"collection":[{"href":"http:\/\/sp.uchanie.pl\/index.php\/wp-json\/wp\/v2\/posts"}],"about":[{"href":"http:\/\/sp.uchanie.pl\/index.php\/wp-json\/wp\/v2\/types\/post"}],"author":[{"embeddable":true,"href":"http:\/\/sp.uchanie.pl\/index.php\/wp-json\/wp\/v2\/users\/1"}],"replies":[{"embeddable":true,"href":"http:\/\/sp.uchanie.pl\/index.php\/wp-json\/wp\/v2\/comments?post=6235"}],"version-history":[{"count":2,"href":"http:\/\/sp.uchanie.pl\/index.php\/wp-json\/wp\/v2\/posts\/6235\/revisions"}],"predecessor-version":[{"id":6486,"href":"http:\/\/sp.uchanie.pl\/index.php\/wp-json\/wp\/v2\/posts\/6235\/revisions\/6486"}],"wp:featuredmedia":[{"embeddable":true,"href":"http:\/\/sp.uchanie.pl\/index.php\/wp-json\/wp\/v2\/media\/6255"}],"wp:attachment":[{"href":"http:\/\/sp.uchanie.pl\/index.php\/wp-json\/wp\/v2\/media?parent=6235"}],"wp:term":[{"taxonomy":"category","embeddable":true,"href":"http:\/\/sp.uchanie.pl\/index.php\/wp-json\/wp\/v2\/categories?post=6235"},{"taxonomy":"post_tag","embeddable":true,"href":"http:\/\/sp.uchanie.pl\/index.php\/wp-json\/wp\/v2\/tags?post=6235"}],"curies":[{"name":"wp","href":"https:\/\/api.w.org\/{rel}","templated":true}]}}