{"id":517,"date":"2015-11-11T17:47:27","date_gmt":"2015-11-11T16:47:27","guid":{"rendered":"http:\/\/192.168.1.2\/index.php\/2015\/11\/11\/97-rocznica-odzyskania-niepodlegoci\/"},"modified":"2015-11-11T17:47:27","modified_gmt":"2015-11-11T16:47:27","slug":"97-rocznica-odzyskania-niepodlegoci","status":"publish","type":"post","link":"http:\/\/sp.uchanie.pl\/index.php\/2015\/11\/11\/97-rocznica-odzyskania-niepodlegoci\/","title":{"rendered":"97 Rocznica Odzyskania Niepodleg\u0142o\u015bci"},"content":{"rendered":"<p>W dniu dzisiejszym o godzinie 9<sup>00<\/sup> uroczyst\u0105 msz\u0105 \u015bw. celebrowan\u0105 przez ks kanonika Kazimierza Stelmaszczuka rozpocz\u0119\u0142y si\u0119 uroczysto\u015bci zwi\u0105zane z 97 Rocznic\u0105 Odzyskania Niepodleg\u0142o\u015bci. Nasz\u0105 szko\u0142\u0119 reprezentowa\u0142 Poczet Sztandarowy, Pan Dyrektor Piotr Zdrojko oraz nauczyciele i pracownicy. Po mszy \u015bw. uczestnicy uroczysto\u015bci udali si\u0119 na cmentarz, gdzie przy Grobie Nieznanego \u017bo\u0142nierza z\u0142o\u017cyli wie\u0144ce i wi\u0105zanki. Nast\u0119pnie uczestnicy Dnia Niepodleg\u0142o\u015bci udali si\u0119 do Gminnego O\u015brodka Kultury w Uchaniach na cz\u0119\u015b\u0107 artystyczn\u0105 zwi\u0105zan\u0105 z dzisiejszym \u015bwi\u0119tem.  <!--more-->  <\/p>\n<p style=\"text-align: center;\"><img loading=\"lazy\" decoding=\"async\" class=\" size-full wp-image-510\" src=\"http:\/\/192.168.1.2\/wp-content\/uploads\/2015\/11\/11list2015_1.jpg\" border=\"0\" alt=\"97 Rocznica Odzyskania Niepodleg\u0142o\u015bci\" title=\"97 Rocznica Odzyskania Niepodleg\u0142o\u015bci\" width=\"455\" height=\"341\" srcset=\"http:\/\/sp.uchanie.pl\/wp-content\/uploads\/2015\/11\/11list2015_1.jpg 800w, http:\/\/sp.uchanie.pl\/wp-content\/uploads\/2015\/11\/11list2015_1-300x225.jpg 300w, http:\/\/sp.uchanie.pl\/wp-content\/uploads\/2015\/11\/11list2015_1-768x576.jpg 768w\" sizes=\"auto, (max-width: 455px) 100vw, 455px\" \/><\/p>\n<p style=\"text-align: center;\"><img loading=\"lazy\" decoding=\"async\" class=\" size-full wp-image-511\" src=\"http:\/\/192.168.1.2\/wp-content\/uploads\/2015\/11\/11list2015_2.jpg\" border=\"0\" alt=\"97 Rocznica Odzyskania Niepodleg\u0142o\u015bci\" title=\"97 Rocznica Odzyskania Niepodleg\u0142o\u015bci\" width=\"454\" height=\"341\" srcset=\"http:\/\/sp.uchanie.pl\/wp-content\/uploads\/2015\/11\/11list2015_2.jpg 800w, http:\/\/sp.uchanie.pl\/wp-content\/uploads\/2015\/11\/11list2015_2-300x225.jpg 300w, http:\/\/sp.uchanie.pl\/wp-content\/uploads\/2015\/11\/11list2015_2-768x576.jpg 768w\" sizes=\"auto, (max-width: 454px) 100vw, 454px\" \/><\/p>\n<p style=\"text-align: center;\"><img loading=\"lazy\" decoding=\"async\" class=\" size-full wp-image-512\" src=\"http:\/\/192.168.1.2\/wp-content\/uploads\/2015\/11\/11list2015_3.jpg\" border=\"0\" alt=\"97 Rocznica Odzyskania Niepodleg\u0142o\u015bci\" title=\"97 Rocznica Odzyskania Niepodleg\u0142o\u015bci\" width=\"454\" height=\"340\" srcset=\"http:\/\/sp.uchanie.pl\/wp-content\/uploads\/2015\/11\/11list2015_3.jpg 800w, http:\/\/sp.uchanie.pl\/wp-content\/uploads\/2015\/11\/11list2015_3-300x225.jpg 300w, http:\/\/sp.uchanie.pl\/wp-content\/uploads\/2015\/11\/11list2015_3-768x576.jpg 768w\" sizes=\"auto, (max-width: 454px) 100vw, 454px\" \/><\/p>\n<p style=\"text-align: center;\"><img loading=\"lazy\" decoding=\"async\" class=\" size-full wp-image-513\" src=\"http:\/\/192.168.1.2\/wp-content\/uploads\/2015\/11\/11list2015_4.jpg\" border=\"0\" alt=\"97 Rocznica Odzyskania Niepodleg\u0142o\u015bci\" title=\"97 Rocznica Odzyskania Niepodleg\u0142o\u015bci\" width=\"452\" height=\"338\" srcset=\"http:\/\/sp.uchanie.pl\/wp-content\/uploads\/2015\/11\/11list2015_4.jpg 800w, http:\/\/sp.uchanie.pl\/wp-content\/uploads\/2015\/11\/11list2015_4-300x225.jpg 300w, http:\/\/sp.uchanie.pl\/wp-content\/uploads\/2015\/11\/11list2015_4-768x576.jpg 768w\" sizes=\"auto, (max-width: 452px) 100vw, 452px\" \/><\/p>\n<p style=\"text-align: center;\"><img loading=\"lazy\" decoding=\"async\" class=\" size-full wp-image-514\" src=\"http:\/\/192.168.1.2\/wp-content\/uploads\/2015\/11\/11list2015_5.jpg\" border=\"0\" alt=\"97 Rocznica Odzyskania Niepodleg\u0142o\u015bci\" title=\"97 Rocznica Odzyskania Niepodleg\u0142o\u015bci\" width=\"453\" height=\"339\" srcset=\"http:\/\/sp.uchanie.pl\/wp-content\/uploads\/2015\/11\/11list2015_5.jpg 800w, http:\/\/sp.uchanie.pl\/wp-content\/uploads\/2015\/11\/11list2015_5-300x225.jpg 300w, http:\/\/sp.uchanie.pl\/wp-content\/uploads\/2015\/11\/11list2015_5-768x576.jpg 768w\" sizes=\"auto, (max-width: 453px) 100vw, 453px\" \/><\/p>\n<p style=\"text-align: center;\"><img loading=\"lazy\" decoding=\"async\" class=\" size-full wp-image-515\" src=\"http:\/\/192.168.1.2\/wp-content\/uploads\/2015\/11\/11list2015_6.jpg\" border=\"0\" alt=\"97 Rocznica Odzyskania Niepodleg\u0142o\u015bci\" title=\"97 Rocznica Odzyskania Niepodleg\u0142o\u015bci\" width=\"451\" height=\"336\" \/><\/p>\n<p style=\"text-align: center;\"><img loading=\"lazy\" decoding=\"async\" class=\" size-full wp-image-516\" src=\"http:\/\/192.168.1.2\/wp-content\/uploads\/2015\/11\/11list2015_7.jpg\" border=\"0\" alt=\"97 Rocznica Odzyskania Niepodleg\u0142o\u015bci\" title=\"97 Rocznica Odzyskania Niepodleg\u0142o\u015bci\" width=\"452\" height=\"338\" srcset=\"http:\/\/sp.uchanie.pl\/wp-content\/uploads\/2015\/11\/11list2015_7.jpg 800w, http:\/\/sp.uchanie.pl\/wp-content\/uploads\/2015\/11\/11list2015_7-300x225.jpg 300w, http:\/\/sp.uchanie.pl\/wp-content\/uploads\/2015\/11\/11list2015_7-768x576.jpg 768w\" sizes=\"auto, (max-width: 452px) 100vw, 452px\" \/><\/p>\n<p style=\"text-align: center;\">\n<hr \/>\n","protected":false},"excerpt":{"rendered":"<p>W dniu dzisiejszym o godzinie 900 uroczyst\u0105 msz\u0105 \u015bw. celebrowan\u0105 przez ks kanonika Kazimierza Stelmaszczuka rozpocz\u0119\u0142y si\u0119 uroczysto\u015bci zwi\u0105zane z 97 Rocznic\u0105 Odzyskania Niepodleg\u0142o\u015bci. Nasz\u0105 szko\u0142\u0119 reprezentowa\u0142 Poczet Sztandarowy, Pan&#8230; <a href=\"http:\/\/sp.uchanie.pl\/index.php\/2015\/11\/11\/97-rocznica-odzyskania-niepodlegoci\/\">Read more &raquo;<\/a><\/p>\n","protected":false},"author":1,"featured_media":510,"comment_status":"closed","ping_status":"open","sticky":false,"template":"","format":"standard","meta":{"footnotes":""},"categories":[6],"tags":[],"class_list":["post-517","post","type-post","status-publish","format-standard","has-post-thumbnail","hentry","category-aktualnoci"],"_links":{"self":[{"href":"http:\/\/sp.uchanie.pl\/index.php\/wp-json\/wp\/v2\/posts\/517","targetHints":{"allow":["GET"]}}],"collection":[{"href":"http:\/\/sp.uchanie.pl\/index.php\/wp-json\/wp\/v2\/posts"}],"about":[{"href":"http:\/\/sp.uchanie.pl\/index.php\/wp-json\/wp\/v2\/types\/post"}],"author":[{"embeddable":true,"href":"http:\/\/sp.uchanie.pl\/index.php\/wp-json\/wp\/v2\/users\/1"}],"replies":[{"embeddable":true,"href":"http:\/\/sp.uchanie.pl\/index.php\/wp-json\/wp\/v2\/comments?post=517"}],"version-history":[{"count":0,"href":"http:\/\/sp.uchanie.pl\/index.php\/wp-json\/wp\/v2\/posts\/517\/revisions"}],"wp:featuredmedia":[{"embeddable":true,"href":"http:\/\/sp.uchanie.pl\/index.php\/wp-json\/wp\/v2\/media\/510"}],"wp:attachment":[{"href":"http:\/\/sp.uchanie.pl\/index.php\/wp-json\/wp\/v2\/media?parent=517"}],"wp:term":[{"taxonomy":"category","embeddable":true,"href":"http:\/\/sp.uchanie.pl\/index.php\/wp-json\/wp\/v2\/categories?post=517"},{"taxonomy":"post_tag","embeddable":true,"href":"http:\/\/sp.uchanie.pl\/index.php\/wp-json\/wp\/v2\/tags?post=517"}],"curies":[{"name":"wp","href":"https:\/\/api.w.org\/{rel}","templated":true}]}}