{"id":323,"date":"2014-05-18T12:50:46","date_gmt":"2014-05-18T10:50:46","guid":{"rendered":"http:\/\/192.168.1.2\/index.php\/2014\/05\/18\/vii-rocznica-nadania-imienia-naszej-szkole\/"},"modified":"2014-05-18T12:50:46","modified_gmt":"2014-05-18T10:50:46","slug":"vii-rocznica-nadania-imienia-naszej-szkole","status":"publish","type":"post","link":"http:\/\/sp.uchanie.pl\/index.php\/2014\/05\/18\/vii-rocznica-nadania-imienia-naszej-szkole\/","title":{"rendered":"VII Rocznica Nadania Imienia naszej szkole"},"content":{"rendered":"<p><span style=\"font-size: small;\"><span style=\"line-height: 115%;\" lang=\"PL\">Dnia  18 maja 2014r o godzinie 9<sup>00<\/sup> w ko\u015bciele parafialnym w Uchaniach  rozpocz\u0119\u0142a si\u0119 Msza \u015awi\u0119ta jako dzi\u0119kczynienie za kanonizacj\u0119 Jana Paw\u0142a II oraz w intencji spo\u0142eczno\u015bci naszej szko\u0142y z okazji VII rocznicy nadania imienia Papie\u017ca Jana Paw\u0142a II. Przed msz\u0105 \u015bwi\u0119t\u0105 kr\u00f3tki monta\u017c  s\u0142owno &#8211; muzyczny przedstawili uczniowie naszej szko\u0142y. Msz\u0119 \u015bwi\u0119t\u0105 celebrowa\u0142 ksi\u0105dz kanonik Kazimierz Stelmaszczuk. Na Msz\u0119 \u015bwi\u0119t\u0105 przybyli r\u00f3wnie\u017c nauczyciele i uczniowie wraz z Pocztem Sztandarowym z Gimnazjum im. ks. St. Staszica w Uchaniach z siedzib\u0105 w Jaros\u0142awcu. Uroczysta Akademia z monta\u017cem s\u0142owno &#8211; muzycznym  w naszej szkole 19 maja 2014r.  <!--more-->  <\/span><\/span><\/p>\n<p style=\"text-align: center;\"><span style=\"font-size: small;\"><span style=\"line-height: 115%;\" lang=\"PL\"><img loading=\"lazy\" decoding=\"async\" class=\" size-full wp-image-318\" src=\"http:\/\/192.168.1.2\/wp-content\/uploads\/2014\/05\/sw_szkoly_2014_1.jpg\" border=\"0\" alt=\"VII Rocznica Nadania Imienia\" title=\"VII Rocznica Nadania Imienia\" width=\"284\" height=\"427\" srcset=\"http:\/\/sp.uchanie.pl\/wp-content\/uploads\/2014\/05\/sw_szkoly_2014_1.jpg 533w, http:\/\/sp.uchanie.pl\/wp-content\/uploads\/2014\/05\/sw_szkoly_2014_1-200x300.jpg 200w\" sizes=\"auto, (max-width: 284px) 100vw, 284px\" \/><\/span><\/span><\/p>\n<p style=\"text-align: center;\"><span style=\"font-size: small;\"><span style=\"line-height: 115%;\" lang=\"PL\"><img loading=\"lazy\" decoding=\"async\" class=\" size-full wp-image-319\" src=\"http:\/\/192.168.1.2\/wp-content\/uploads\/2014\/05\/sw_szkoly_2014_2.jpg\" border=\"0\" alt=\"VII Rocznica Nadania Imienia\" title=\"VII Rocznica Nadania Imienia\" width=\"434\" height=\"288\" srcset=\"http:\/\/sp.uchanie.pl\/wp-content\/uploads\/2014\/05\/sw_szkoly_2014_2.jpg 800w, http:\/\/sp.uchanie.pl\/wp-content\/uploads\/2014\/05\/sw_szkoly_2014_2-300x200.jpg 300w, http:\/\/sp.uchanie.pl\/wp-content\/uploads\/2014\/05\/sw_szkoly_2014_2-768x512.jpg 768w\" sizes=\"auto, (max-width: 434px) 100vw, 434px\" \/><\/span><\/span><\/p>\n<p style=\"text-align: center;\"><span style=\"font-size: small;\"><span style=\"line-height: 115%;\" lang=\"PL\"><img loading=\"lazy\" decoding=\"async\" class=\" size-full wp-image-320\" src=\"http:\/\/192.168.1.2\/wp-content\/uploads\/2014\/05\/sw_szkoly_2014_3.jpg\" border=\"0\" alt=\"VII Rocznica Nadania Imienia\" title=\"VII Rocznica Nadania Imienia\" width=\"434\" height=\"288\" srcset=\"http:\/\/sp.uchanie.pl\/wp-content\/uploads\/2014\/05\/sw_szkoly_2014_3.jpg 800w, http:\/\/sp.uchanie.pl\/wp-content\/uploads\/2014\/05\/sw_szkoly_2014_3-300x200.jpg 300w, http:\/\/sp.uchanie.pl\/wp-content\/uploads\/2014\/05\/sw_szkoly_2014_3-768x512.jpg 768w\" sizes=\"auto, (max-width: 434px) 100vw, 434px\" \/><\/span><\/span><\/p>\n<p style=\"text-align: center;\"><span style=\"font-size: small;\"><span style=\"line-height: 115%;\" lang=\"PL\"><img loading=\"lazy\" decoding=\"async\" class=\" size-full wp-image-321\" src=\"http:\/\/192.168.1.2\/wp-content\/uploads\/2014\/05\/sw_szkoly_2014_4.jpg\" border=\"0\" alt=\"VII Rocznica Nadania Imienia\" title=\"VII Rocznica Nadania Imienia\" width=\"443\" height=\"295\" srcset=\"http:\/\/sp.uchanie.pl\/wp-content\/uploads\/2014\/05\/sw_szkoly_2014_4.jpg 800w, http:\/\/sp.uchanie.pl\/wp-content\/uploads\/2014\/05\/sw_szkoly_2014_4-300x200.jpg 300w, http:\/\/sp.uchanie.pl\/wp-content\/uploads\/2014\/05\/sw_szkoly_2014_4-768x512.jpg 768w\" sizes=\"auto, (max-width: 443px) 100vw, 443px\" \/><\/span><\/span><\/p>\n<p style=\"text-align: center;\"><span style=\"font-size: small;\"><span style=\"line-height: 115%;\" lang=\"PL\"><img loading=\"lazy\" decoding=\"async\" class=\" size-full wp-image-322\" src=\"http:\/\/192.168.1.2\/wp-content\/uploads\/2014\/05\/sw_szkoly_2014_5.jpg\" border=\"0\" alt=\"VII Rocznica Nadania Imienia\" title=\"VII Rocznica Nadania Imienia\" width=\"447\" height=\"296\" \/><\/span><\/span><\/p>\n<p style=\"text-align: center;\"><span style=\"font-size: small;\"><span style=\"line-height: 115%;\" lang=\"PL\"><br \/><\/span><\/span><\/p>\n","protected":false},"excerpt":{"rendered":"<p>Dnia 18 maja 2014r o godzinie 900 w ko\u015bciele parafialnym w Uchaniach rozpocz\u0119\u0142a si\u0119 Msza \u015awi\u0119ta jako dzi\u0119kczynienie za kanonizacj\u0119 Jana Paw\u0142a II oraz w intencji spo\u0142eczno\u015bci naszej szko\u0142y z&#8230; <a href=\"http:\/\/sp.uchanie.pl\/index.php\/2014\/05\/18\/vii-rocznica-nadania-imienia-naszej-szkole\/\">Read more &raquo;<\/a><\/p>\n","protected":false},"author":1,"featured_media":318,"comment_status":"closed","ping_status":"open","sticky":false,"template":"","format":"standard","meta":{"footnotes":""},"categories":[6],"tags":[],"class_list":["post-323","post","type-post","status-publish","format-standard","has-post-thumbnail","hentry","category-aktualnoci"],"_links":{"self":[{"href":"http:\/\/sp.uchanie.pl\/index.php\/wp-json\/wp\/v2\/posts\/323","targetHints":{"allow":["GET"]}}],"collection":[{"href":"http:\/\/sp.uchanie.pl\/index.php\/wp-json\/wp\/v2\/posts"}],"about":[{"href":"http:\/\/sp.uchanie.pl\/index.php\/wp-json\/wp\/v2\/types\/post"}],"author":[{"embeddable":true,"href":"http:\/\/sp.uchanie.pl\/index.php\/wp-json\/wp\/v2\/users\/1"}],"replies":[{"embeddable":true,"href":"http:\/\/sp.uchanie.pl\/index.php\/wp-json\/wp\/v2\/comments?post=323"}],"version-history":[{"count":0,"href":"http:\/\/sp.uchanie.pl\/index.php\/wp-json\/wp\/v2\/posts\/323\/revisions"}],"wp:featuredmedia":[{"embeddable":true,"href":"http:\/\/sp.uchanie.pl\/index.php\/wp-json\/wp\/v2\/media\/318"}],"wp:attachment":[{"href":"http:\/\/sp.uchanie.pl\/index.php\/wp-json\/wp\/v2\/media?parent=323"}],"wp:term":[{"taxonomy":"category","embeddable":true,"href":"http:\/\/sp.uchanie.pl\/index.php\/wp-json\/wp\/v2\/categories?post=323"},{"taxonomy":"post_tag","embeddable":true,"href":"http:\/\/sp.uchanie.pl\/index.php\/wp-json\/wp\/v2\/tags?post=323"}],"curies":[{"name":"wp","href":"https:\/\/api.w.org\/{rel}","templated":true}]}}