{"id":2839,"date":"2020-01-05T18:24:47","date_gmt":"2020-01-05T17:24:47","guid":{"rendered":"http:\/\/79.190.195.46\/?p=2839"},"modified":"2020-01-05T18:26:26","modified_gmt":"2020-01-05T17:26:26","slug":"wychowanie-przez-czytanie","status":"publish","type":"post","link":"http:\/\/sp.uchanie.pl\/index.php\/2020\/01\/05\/wychowanie-przez-czytanie\/","title":{"rendered":"\u201eWychowanie przez czytanie\u201d"},"content":{"rendered":"<p align=\"center\"><span style=\"font-family: Times New Roman, serif;\"><span style=\"font-size: large;\"><i><u><b>Dzi\u0119kujemy za przygod\u0119!<\/b><\/u><\/i><\/span><\/span><\/p>\n<p><span style=\"font-family: 'Times New Roman', serif; color: #000000;\"><span style=\"font-size: large;\">Uczniowie Szko\u0142y Podstawowej w Uchaniach przyst\u0105pili do programu \u201eWychowanie przez czytanie\u201d &#8211; 2019.<\/span><\/span><\/p>\n<p><span style=\"font-family: 'Times New Roman', serif; color: #000000;\"><span style=\"font-size: large;\">Program polega\u0142 na tym, \u017ce uczniowie zapoznawali si\u0119 z opowiadaniami <\/span><\/span><\/p>\n<p><span style=\"font-family: 'Times New Roman', serif; color: #000000;\"><span style=\"font-size: large;\">o warto\u015bciach moralnych. Poznali takie warto\u015bci jak: szacunek, \u017cyczliwo\u015b\u0107, uczciwo\u015b\u0107, odwaga, pokojowo\u015b\u0107, sprawiedliwo\u015b\u0107, przyzwoito\u015b\u0107, przyja\u017a\u0144, pi\u0119kno, solidarno\u015b\u0107, optymizm i m\u0105dro\u015b\u0107 poprzez opowiadania literackie napisane przez znakomitych autor\u00f3w ksi\u0105\u017cek dla dzieci.<\/span><\/span><\/p>\n<p><span style=\"color: #000000;\"> <span style=\"font-family: Times New Roman, serif;\"><span style=\"font-size: large;\">Warto\u015bci moralne to prawdziwe drogowskazy \u017cyciowe, kt\u00f3re u\u0142atwi\u0105 dziecku poruszanie si\u0119 w skomplikowanej przestrzeni relacji mi\u0119dzyludzkich. To kompas, jakiego nie powinno zabrakn\u0105\u0107 \u017cadnemu podr\u00f3\u017cnikowi, kt\u00f3ry ma wkr\u00f3tce wyruszy\u0107 w wielk\u0105 podr\u00f3\u017c \u2013\u00a0w samodzielne \u017cycie.<\/span><\/span><\/span><\/p>\n<p><span style=\"color: #000000;\"> <span style=\"font-family: Times New Roman, serif;\"><span style=\"font-size: large;\">Programem obj\u0119ci zostali uczniowie klas V \u2013 VII.<\/span><\/span><\/span><\/p>\n<p><span style=\"color: #000000;\"><span style=\"font-family: Times New Roman, serif;\"><span style=\"font-size: large;\">Na wszystkich uczni\u00f3w, kt\u00f3rzy wzi\u0119li udzia\u0142 w projekcie, bardzo du\u017ce wra\u017cenie zrobi\u0142y opowiadania, kt\u00f3re omawiali\u015bmy na zaj\u0119ciach i podj\u0119te dzia\u0142ania.<\/span><\/span><\/span><\/p>\n<p><span style=\"color: #000000;\"><span style=\"font-family: Times New Roman, serif;\"><span style=\"font-size: large;\">Najpierw na lekcji wprowadzaj\u0105cej porozmawiali\u015bmy, o jakie wa\u017cne sprawy chodzi w ksi\u0105\u017cce. Nast\u0119pnie przeczytali\u015bmy utwory ze zbioru \u201eGorzka czekolada i inne opowiadania o wa\u017cnych sprawach\u201d. Wsp\u00f3lnie pracowali\u015bmy na lekcjach j\u0119zyka polskiego, zast\u0119pstwach kole\u017ce\u0144skich oraz na zaj\u0119ciach z wychowawc\u0105.<\/span><\/span><\/span><\/p>\n<p><span style=\"color: #000000;\"><span style=\"font-family: Times New Roman, serif;\"><span style=\"font-size: large;\">Dla r\u00f3\u017cnych ludzi r\u00f3\u017cne sprawy s\u0105 wa\u017cne. O nich zacz\u0119li\u015bmy m\u00f3wi\u0107 WARTO\u015aCI.<\/span><\/span><\/span><\/p>\n<p><span style=\"color: #000000;\"><span style=\"font-family: Times New Roman, serif;\"><span style=\"font-size: large;\"><i><u>Zaj\u0119cia <\/u><\/i><\/span><\/span><\/span><span style=\"color: #000000;\"><span style=\"font-family: Times New Roman, serif;\"><span style=\"font-size: large;\"><i><u>realizowane przez Dorot\u0119 Siekierd\u0119:<\/u><\/i><\/span><\/span><\/span><\/p>\n<ul>\n<li><span style=\"color: #000000;\"> <span style=\"font-family: Times New Roman, serif;\"><span style=\"font-size: large;\">Czym jest szacunek? &#8211; kl. Va, Vb \u2013 na podst. opowiadania Katarzyny Ryrych \u201eSzacun i gorzka czekolada\u201d<\/span><\/span><\/span><\/li>\n<li><span style=\"color: #000000;\"> <span style=\"font-family: Times New Roman, serif;\"><span style=\"font-size: large;\">Pi\u0119kno kl. VIa &#8211; na podst. opowiadania Barbary Kosmowskiej \u201eFan \u2013 fatalne zauroczenie\u201d<\/span><\/span><\/span><\/li>\n<li><span style=\"color: #000000;\"><span style=\"font-family: Times New Roman, serif;\"><span style=\"font-size: large;\">Aspekty odwagi \u2013 kl. Vb na podst. opowiadania Katarzyny Terechowicz \u201eKacper\u201d<\/span><\/span><\/span><\/li>\n<li><span style=\"color: #000000;\"><span style=\"font-family: Times New Roman, serif;\"><span style=\"font-size: large;\">Co sk\u0142ada si\u0119 na m\u0105dro\u015b\u0107? &#8211; kl. VII- na podst. opowiadania Andrzeja Maleszki \u201eGenialny Pomyl\u201d<\/span><\/span><\/span><\/li>\n<li><span style=\"color: #000000;\"><span style=\"font-family: Times New Roman, serif;\"><span style=\"font-size: large;\">Aspekty solidarno\u015bci i jej zwi\u0105zek z innymi warto\u015bciami &#8211; kl. VI b &#8211; na podst. opowiadania Katarzyny Ryrych \u201eZ\u0142omek\u201d<\/span><\/span><\/span><\/li>\n<\/ul>\n<p><span style=\"color: #000000;\"><span style=\"font-family: Times New Roman, serif;\"><span style=\"font-size: large;\"><i><u>Zaj\u0119cia <\/u><\/i><\/span><\/span><\/span><span style=\"color: #000000;\"><span style=\"font-family: Times New Roman, serif;\"><span style=\"font-size: large;\"><i><u>realizowane przez Marzen\u0119 Strycharczuk:<\/u><\/i><\/span><\/span><\/span><\/p>\n<ul>\n<li><span style=\"color: #000000;\"><span style=\"font-family: Times New Roman, serif;\"><span style=\"font-size: large;\">Czym jest m\u0105dro\u015b\u0107? &#8211; kl. VI b &#8211; na podst. opowiadania Andrzeja Maleszki \u201eGenialny Pomyl\u201d<\/span><\/span><\/span><\/li>\n<li><span style=\"color: #000000;\"><span style=\"font-family: Times New Roman, serif;\"><span style=\"font-size: large;\">Lekcja o przyja\u017ani &#8211; kl. VI a &#8211; na podst. opowiadania Wojciecha Cesarza \u201eSztuka programowania\u201d<\/span><\/span><\/span><\/li>\n<\/ul>\n<p align=\"center\"><span style=\"color: #000000;\"><span style=\"font-family: Times New Roman, serif;\"><span style=\"font-size: large;\"><i><u>Zaj\u0119cia <\/u><\/i><\/span><\/span><\/span><span style=\"color: #000000;\"><span style=\"font-family: Times New Roman, serif;\"><span style=\"font-size: large;\"><i><u>realizowane przez Katarzyn\u0119 Podg\u00f3rsk\u0105 \u2013 Smo\u0142\u0119<\/u><\/i><\/span><\/span><\/span><\/p>\n<ul>\n<li><span style=\"color: #000000;\"><span style=\"font-family: Times New Roman, serif;\"><span style=\"font-size: large;\"><i>Co oznacza uczciwo\u015b\u0107? &#8211; kl. Va -na podst. opowiadania Katarzyny Ryrych \u201eNiebieska kredka\u201d<\/i><\/span><\/span><\/span><\/li>\n<li><span style=\"color: #000000;\"><span style=\"font-family: Times New Roman, serif;\"><span style=\"font-size: large;\"><i>Czym jest prawdziwa odwaga? &#8211; kl. Va -na podst. opowiadania Katarzyny Terechowicz \u201eKacper\u201d<\/i><\/span><\/span><\/span><\/li>\n<li><span style=\"color: #000000;\"><span style=\"font-family: Times New Roman, serif;\"><span style=\"font-size: large;\"><i>Jak okazywa\u0107 szacunek? &#8211; kl. Va \u2013 na podst. opowiadania Katarzyny Ryrych \u201eSzacun i gorzka czekolada\u201d<\/i><\/span><\/span><\/span><\/li>\n<\/ul>\n<p align=\"center\"><span style=\"color: #000000;\"><span style=\"font-family: Times New Roman, serif;\"><span style=\"font-size: large;\"><i><u>Zaj\u0119cia <\/u><\/i><\/span><\/span><\/span><span style=\"color: #000000;\"><span style=\"font-family: Times New Roman, serif;\"><span style=\"font-size: large;\"><i><u>realizowane przez Marzen\u0119 Czerwonk\u0119<\/u><\/i><\/span><\/span><\/span><\/p>\n<ul>\n<li><span style=\"color: #000000;\"><span style=\"font-family: Times New Roman, serif;\"><span style=\"font-size: large;\">Czym jest wolno\u015b\u0107 \u2013 kl. VII &#8211; na podst. opowiadania Katarzyny Terechowicz i Wojciecha Cesarza \u201eBurza\u201d<\/span><\/span><\/span><\/li>\n<\/ul>\n<p><span style=\"color: #000000;\"> <span style=\"font-family: Times New Roman, serif;\"><span style=\"font-size: large;\">Czytanie dziecku i nauczanie go praktykowania warto\u015bci moralnych z w\u0142asnego przekonania i w\u0142asnej woli to najskuteczniejsza witamina dla jego wszechstronnego rozwoju i szczepionka przeciwko z\u0142ym wp\u0142ywom. To najlepsza rzecz, jak\u0105 mo\u017cemy zrobi\u0107 dla jego szcz\u0119\u015bcia.<\/span><\/span><\/span><\/p>\n\n\t\t<style type=\"text\/css\">\n\t\t\t#gallery-1 {\n\t\t\t\tmargin: auto;\n\t\t\t}\n\t\t\t#gallery-1 .gallery-item {\n\t\t\t\tfloat: left;\n\t\t\t\tmargin-top: 10px;\n\t\t\t\ttext-align: center;\n\t\t\t\twidth: 33%;\n\t\t\t}\n\t\t\t#gallery-1 img {\n\t\t\t\tborder: 2px solid #cfcfcf;\n\t\t\t}\n\t\t\t#gallery-1 .gallery-caption {\n\t\t\t\tmargin-left: 0;\n\t\t\t}\n\t\t\t\/* see gallery_shortcode() in wp-includes\/media.php *\/\n\t\t<\/style>\n\t\t<div id='gallery-1' class='gallery galleryid-2839 gallery-columns-3 gallery-size-thumbnail'><dl class='gallery-item'>\n\t\t\t<dt class='gallery-icon landscape'>\n\t\t\t\t<a href='http:\/\/sp.uchanie.pl\/index.php\/2020\/01\/05\/wychowanie-przez-czytanie\/wychowanie-przez-czytanie_1\/'><img loading=\"lazy\" decoding=\"async\" width=\"150\" height=\"150\" src=\"http:\/\/sp.uchanie.pl\/wp-content\/uploads\/2020\/01\/wychowanie-przez-czytanie_1-150x150.jpg\" class=\"attachment-thumbnail size-thumbnail\" alt=\"\" \/><\/a>\n\t\t\t<\/dt><\/dl><dl class='gallery-item'>\n\t\t\t<dt class='gallery-icon landscape'>\n\t\t\t\t<a href='http:\/\/sp.uchanie.pl\/index.php\/2020\/01\/05\/wychowanie-przez-czytanie\/wychowanie-przez-czytanie_2\/'><img loading=\"lazy\" decoding=\"async\" width=\"150\" height=\"150\" src=\"http:\/\/sp.uchanie.pl\/wp-content\/uploads\/2020\/01\/wychowanie-przez-czytanie_2-150x150.jpg\" class=\"attachment-thumbnail size-thumbnail\" alt=\"\" \/><\/a>\n\t\t\t<\/dt><\/dl><dl class='gallery-item'>\n\t\t\t<dt class='gallery-icon landscape'>\n\t\t\t\t<a href='http:\/\/sp.uchanie.pl\/index.php\/2020\/01\/05\/wychowanie-przez-czytanie\/wychowanie-przez-czytanie_3\/'><img loading=\"lazy\" decoding=\"async\" width=\"150\" height=\"150\" src=\"http:\/\/sp.uchanie.pl\/wp-content\/uploads\/2020\/01\/wychowanie-przez-czytanie_3-150x150.jpg\" class=\"attachment-thumbnail size-thumbnail\" alt=\"\" \/><\/a>\n\t\t\t<\/dt><\/dl><br style=\"clear: both\" \/>\n\t\t<\/div>\n\n","protected":false},"excerpt":{"rendered":"<p>Dzi\u0119kujemy za przygod\u0119! Uczniowie Szko\u0142y Podstawowej w Uchaniach przyst\u0105pili do programu \u201eWychowanie przez czytanie\u201d &#8211; 2019. Program polega\u0142 na tym, \u017ce uczniowie zapoznawali si\u0119 z opowiadaniami o warto\u015bciach moralnych. Poznali&#8230; <a href=\"http:\/\/sp.uchanie.pl\/index.php\/2020\/01\/05\/wychowanie-przez-czytanie\/\">Read more &raquo;<\/a><\/p>\n","protected":false},"author":1,"featured_media":2840,"comment_status":"closed","ping_status":"closed","sticky":false,"template":"","format":"standard","meta":{"footnotes":""},"categories":[6],"tags":[],"class_list":["post-2839","post","type-post","status-publish","format-standard","has-post-thumbnail","hentry","category-aktualnoci"],"_links":{"self":[{"href":"http:\/\/sp.uchanie.pl\/index.php\/wp-json\/wp\/v2\/posts\/2839","targetHints":{"allow":["GET"]}}],"collection":[{"href":"http:\/\/sp.uchanie.pl\/index.php\/wp-json\/wp\/v2\/posts"}],"about":[{"href":"http:\/\/sp.uchanie.pl\/index.php\/wp-json\/wp\/v2\/types\/post"}],"author":[{"embeddable":true,"href":"http:\/\/sp.uchanie.pl\/index.php\/wp-json\/wp\/v2\/users\/1"}],"replies":[{"embeddable":true,"href":"http:\/\/sp.uchanie.pl\/index.php\/wp-json\/wp\/v2\/comments?post=2839"}],"version-history":[{"count":2,"href":"http:\/\/sp.uchanie.pl\/index.php\/wp-json\/wp\/v2\/posts\/2839\/revisions"}],"predecessor-version":[{"id":2844,"href":"http:\/\/sp.uchanie.pl\/index.php\/wp-json\/wp\/v2\/posts\/2839\/revisions\/2844"}],"wp:featuredmedia":[{"embeddable":true,"href":"http:\/\/sp.uchanie.pl\/index.php\/wp-json\/wp\/v2\/media\/2840"}],"wp:attachment":[{"href":"http:\/\/sp.uchanie.pl\/index.php\/wp-json\/wp\/v2\/media?parent=2839"}],"wp:term":[{"taxonomy":"category","embeddable":true,"href":"http:\/\/sp.uchanie.pl\/index.php\/wp-json\/wp\/v2\/categories?post=2839"},{"taxonomy":"post_tag","embeddable":true,"href":"http:\/\/sp.uchanie.pl\/index.php\/wp-json\/wp\/v2\/tags?post=2839"}],"curies":[{"name":"wp","href":"https:\/\/api.w.org\/{rel}","templated":true}]}}