{"id":2674,"date":"2019-12-18T20:53:35","date_gmt":"2019-12-18T19:53:35","guid":{"rendered":"http:\/\/79.190.195.46\/?p=2674"},"modified":"2019-12-21T19:15:13","modified_gmt":"2019-12-21T18:15:13","slug":"szkolny-konkurs-recytatorski-brzechwa-dzieciom","status":"publish","type":"post","link":"http:\/\/sp.uchanie.pl\/index.php\/2019\/12\/18\/szkolny-konkurs-recytatorski-brzechwa-dzieciom\/","title":{"rendered":"SZKOLNY KONKURS RECYTATORSKI &#8222;BRZECHWA DZIECIOM&#8221;"},"content":{"rendered":"<p class=\"p1\">29 listopada odby\u0142 si\u0119 szkolny etap konkursu recytatorskiego,, Brzechwa dzieciom\u2019\u2019, dla klas I-III. W czasie konkursu dzieci prezentowa\u0142y swoje umiej\u0119tno\u015bci recytatorskie. Wa\u017cnym celem tego konkursu by\u0142o rozwijanie pami\u0119ci, prze\u0142amywanie l\u0119k\u00f3w i stres\u00f3w przed publicznym wyst\u0105pieniem. Swoj\u0105 obecno\u015bci\u0105 zaszczyci\u0142a zebranych Pani Dyrektor<span class=\"Apple-converted-space\">\u00a0 <\/span>Marzena Zarek<span class=\"Apple-converted-space\">\u00a0 <\/span>\u2013 Wrzyszcz. O wynikach konkursu zdecydowa\u0142o czteroosobowe jury, w sk\u0142ad kt\u00f3rego wesz\u0142y panie: Katarzyna Podg\u00f3rska- Smo\u0142a, Irena Horszczaruk, Anna Serafin i Agnieszka Mech. Recytacj\u0119 oceniano stosuj\u0105c pi\u0119ciostopniow\u0105 skal\u0119(1-5). Na ocen\u0119 mia\u0142y wp\u0142yn\u0105\u0107 nast\u0119puj\u0105ce elementy: tempo, intonacja, interpretacja, znajomo\u015b\u0107 tekstu i og\u00f3lny wyraz artystyczny(str\u00f3j, rekwizyty).<!--more--><\/p>\n<p class=\"p1\"><span class=\"Apple-converted-space\">\u00a0\u00a0 \u00a0 \u00a0 \u00a0 \u00a0 \u00a0 <\/span>Konkurs odby\u0142 si\u0119 w mi\u0142ej i przyjaznej atmosferze, a wszyscy uczestnicy zostali nagrodzeni brawami. Laureaci otrzymali z r\u0105k Pani Dyrektor dyplomy, nagrody rzeczowe oraz interesuj\u0105ce ksi\u0105\u017cki.<\/p>\n<p class=\"p1\"><span class=\"Apple-converted-space\">\u00a0 \u00a0 \u00a0 \u00a0 \u00a0 \u00a0 <\/span>Nasi zwyci\u0119zcy:<\/p>\n<p class=\"p1\">I miejsce: Patrycja Rosi\u0144ska kl.I, Amelia Wawryszczuk kl. II, Kornelia Kubina kl.III<\/p>\n<p class=\"p1\">II miejsce: Iga Rosi\u0144ska kl. I, Patrycja Ja\u0144czuk kl. I, Wiktoria Podg\u00f3rska kl. III<\/p>\n<p class=\"p1\">III miejsce: Milena Ko\u0142tun kl. II, Anna Mech kl. II, Natalia Puczkowska kl.III<\/p>\n<p class=\"p1\"><span class=\"Apple-converted-space\">\u00a0\u00a0 \u00a0 \u00a0 \u00a0 \u00a0 \u00a0 <\/span>Gratulujemy i \u017cyczymy dalszych sukces\u00f3w!<\/p>\n<p class=\"p1\">Organizatorami<span class=\"Apple-converted-space\">\u00a0 <\/span>konkursu<span class=\"Apple-converted-space\">\u00a0 <\/span>by\u0142y panie: Beata Serafin, Jolanta Otachel, El\u017cbieta Czerniej.<\/p>\n\n\t\t<style type=\"text\/css\">\n\t\t\t#gallery-1 {\n\t\t\t\tmargin: auto;\n\t\t\t}\n\t\t\t#gallery-1 .gallery-item {\n\t\t\t\tfloat: left;\n\t\t\t\tmargin-top: 10px;\n\t\t\t\ttext-align: center;\n\t\t\t\twidth: 33%;\n\t\t\t}\n\t\t\t#gallery-1 img {\n\t\t\t\tborder: 2px solid #cfcfcf;\n\t\t\t}\n\t\t\t#gallery-1 .gallery-caption {\n\t\t\t\tmargin-left: 0;\n\t\t\t}\n\t\t\t\/* see gallery_shortcode() in wp-includes\/media.php *\/\n\t\t<\/style>\n\t\t<div id='gallery-1' class='gallery galleryid-2674 gallery-columns-3 gallery-size-thumbnail'><dl class='gallery-item'>\n\t\t\t<dt class='gallery-icon portrait'>\n\t\t\t\t<a href='http:\/\/sp.uchanie.pl\/index.php\/2019\/12\/18\/szkolny-konkurs-recytatorski-brzechwa-dzieciom\/konkursrec1-3_19_1\/'><img loading=\"lazy\" decoding=\"async\" width=\"150\" height=\"150\" src=\"http:\/\/sp.uchanie.pl\/wp-content\/uploads\/2019\/12\/konkursrec1-3_19_1-150x150.jpg\" class=\"attachment-thumbnail size-thumbnail\" alt=\"\" \/><\/a>\n\t\t\t<\/dt><\/dl><dl class='gallery-item'>\n\t\t\t<dt class='gallery-icon portrait'>\n\t\t\t\t<a href='http:\/\/sp.uchanie.pl\/index.php\/2019\/12\/18\/szkolny-konkurs-recytatorski-brzechwa-dzieciom\/konkursrec1-3_19_2\/'><img loading=\"lazy\" decoding=\"async\" width=\"150\" height=\"150\" src=\"http:\/\/sp.uchanie.pl\/wp-content\/uploads\/2019\/12\/konkursrec1-3_19_2-150x150.jpg\" class=\"attachment-thumbnail size-thumbnail\" alt=\"\" \/><\/a>\n\t\t\t<\/dt><\/dl><dl class='gallery-item'>\n\t\t\t<dt class='gallery-icon portrait'>\n\t\t\t\t<a href='http:\/\/sp.uchanie.pl\/index.php\/2019\/12\/18\/szkolny-konkurs-recytatorski-brzechwa-dzieciom\/konkursrec1-3_19_3\/'><img loading=\"lazy\" decoding=\"async\" width=\"150\" height=\"150\" src=\"http:\/\/sp.uchanie.pl\/wp-content\/uploads\/2019\/12\/konkursrec1-3_19_3-150x150.jpg\" class=\"attachment-thumbnail size-thumbnail\" alt=\"\" \/><\/a>\n\t\t\t<\/dt><\/dl><br style=\"clear: both\" \/><dl class='gallery-item'>\n\t\t\t<dt class='gallery-icon portrait'>\n\t\t\t\t<a href='http:\/\/sp.uchanie.pl\/index.php\/2019\/12\/18\/szkolny-konkurs-recytatorski-brzechwa-dzieciom\/konkursrec1-3_19_4\/'><img loading=\"lazy\" decoding=\"async\" width=\"150\" height=\"150\" src=\"http:\/\/sp.uchanie.pl\/wp-content\/uploads\/2019\/12\/konkursrec1-3_19_4-150x150.jpg\" class=\"attachment-thumbnail size-thumbnail\" alt=\"\" \/><\/a>\n\t\t\t<\/dt><\/dl><dl class='gallery-item'>\n\t\t\t<dt class='gallery-icon portrait'>\n\t\t\t\t<a href='http:\/\/sp.uchanie.pl\/index.php\/2019\/12\/18\/szkolny-konkurs-recytatorski-brzechwa-dzieciom\/konkursrec1-3_19_5\/'><img loading=\"lazy\" decoding=\"async\" width=\"150\" height=\"150\" src=\"http:\/\/sp.uchanie.pl\/wp-content\/uploads\/2019\/12\/konkursrec1-3_19_5-150x150.jpg\" class=\"attachment-thumbnail size-thumbnail\" alt=\"\" \/><\/a>\n\t\t\t<\/dt><\/dl><dl class='gallery-item'>\n\t\t\t<dt class='gallery-icon portrait'>\n\t\t\t\t<a href='http:\/\/sp.uchanie.pl\/index.php\/2019\/12\/18\/szkolny-konkurs-recytatorski-brzechwa-dzieciom\/konkursrec1-3_19_6\/'><img loading=\"lazy\" decoding=\"async\" width=\"150\" height=\"150\" src=\"http:\/\/sp.uchanie.pl\/wp-content\/uploads\/2019\/12\/konkursrec1-3_19_6-150x150.jpg\" class=\"attachment-thumbnail size-thumbnail\" alt=\"\" \/><\/a>\n\t\t\t<\/dt><\/dl><br style=\"clear: both\" \/><dl class='gallery-item'>\n\t\t\t<dt class='gallery-icon portrait'>\n\t\t\t\t<a href='http:\/\/sp.uchanie.pl\/index.php\/2019\/12\/18\/szkolny-konkurs-recytatorski-brzechwa-dzieciom\/konkursrec1-3_19_7\/'><img loading=\"lazy\" decoding=\"async\" width=\"150\" height=\"150\" src=\"http:\/\/sp.uchanie.pl\/wp-content\/uploads\/2019\/12\/konkursrec1-3_19_7-150x150.jpg\" class=\"attachment-thumbnail size-thumbnail\" alt=\"\" \/><\/a>\n\t\t\t<\/dt><\/dl><dl class='gallery-item'>\n\t\t\t<dt class='gallery-icon portrait'>\n\t\t\t\t<a href='http:\/\/sp.uchanie.pl\/index.php\/2019\/12\/18\/szkolny-konkurs-recytatorski-brzechwa-dzieciom\/konkursrec1-3_19_8\/'><img loading=\"lazy\" decoding=\"async\" width=\"150\" height=\"150\" src=\"http:\/\/sp.uchanie.pl\/wp-content\/uploads\/2019\/12\/konkursrec1-3_19_8-150x150.jpg\" class=\"attachment-thumbnail size-thumbnail\" alt=\"\" \/><\/a>\n\t\t\t<\/dt><\/dl><dl class='gallery-item'>\n\t\t\t<dt class='gallery-icon portrait'>\n\t\t\t\t<a href='http:\/\/sp.uchanie.pl\/index.php\/2019\/12\/18\/szkolny-konkurs-recytatorski-brzechwa-dzieciom\/konkursrec1-3_19_9\/'><img loading=\"lazy\" decoding=\"async\" width=\"150\" height=\"150\" src=\"http:\/\/sp.uchanie.pl\/wp-content\/uploads\/2019\/12\/konkursrec1-3_19_9-150x150.jpg\" class=\"attachment-thumbnail size-thumbnail\" alt=\"\" \/><\/a>\n\t\t\t<\/dt><\/dl><br style=\"clear: both\" \/><dl class='gallery-item'>\n\t\t\t<dt class='gallery-icon portrait'>\n\t\t\t\t<a href='http:\/\/sp.uchanie.pl\/index.php\/2019\/12\/18\/szkolny-konkurs-recytatorski-brzechwa-dzieciom\/konkursrec1-3_19_10\/'><img loading=\"lazy\" decoding=\"async\" width=\"150\" height=\"150\" src=\"http:\/\/sp.uchanie.pl\/wp-content\/uploads\/2019\/12\/konkursrec1-3_19_10-150x150.jpg\" class=\"attachment-thumbnail size-thumbnail\" alt=\"\" \/><\/a>\n\t\t\t<\/dt><\/dl><dl class='gallery-item'>\n\t\t\t<dt class='gallery-icon portrait'>\n\t\t\t\t<a href='http:\/\/sp.uchanie.pl\/index.php\/2019\/12\/18\/szkolny-konkurs-recytatorski-brzechwa-dzieciom\/konkursrec1-3_19_11\/'><img loading=\"lazy\" decoding=\"async\" width=\"150\" height=\"150\" src=\"http:\/\/sp.uchanie.pl\/wp-content\/uploads\/2019\/12\/konkursrec1-3_19_11-150x150.jpg\" class=\"attachment-thumbnail size-thumbnail\" alt=\"\" \/><\/a>\n\t\t\t<\/dt><\/dl><dl class='gallery-item'>\n\t\t\t<dt class='gallery-icon portrait'>\n\t\t\t\t<a href='http:\/\/sp.uchanie.pl\/index.php\/2019\/12\/18\/szkolny-konkurs-recytatorski-brzechwa-dzieciom\/konkursrec1-3_19_12\/'><img loading=\"lazy\" decoding=\"async\" width=\"150\" height=\"150\" src=\"http:\/\/sp.uchanie.pl\/wp-content\/uploads\/2019\/12\/konkursrec1-3_19_12-150x150.jpg\" class=\"attachment-thumbnail size-thumbnail\" alt=\"\" \/><\/a>\n\t\t\t<\/dt><\/dl><br style=\"clear: both\" \/><dl class='gallery-item'>\n\t\t\t<dt class='gallery-icon portrait'>\n\t\t\t\t<a href='http:\/\/sp.uchanie.pl\/index.php\/2019\/12\/18\/szkolny-konkurs-recytatorski-brzechwa-dzieciom\/konkursrec1-3_19_13\/'><img loading=\"lazy\" decoding=\"async\" width=\"150\" height=\"150\" src=\"http:\/\/sp.uchanie.pl\/wp-content\/uploads\/2019\/12\/konkursrec1-3_19_13-150x150.jpg\" class=\"attachment-thumbnail size-thumbnail\" alt=\"\" \/><\/a>\n\t\t\t<\/dt><\/dl>\n\t\t\t<br style='clear: both' \/>\n\t\t<\/div>\n\n","protected":false},"excerpt":{"rendered":"<p>29 listopada odby\u0142 si\u0119 szkolny etap konkursu recytatorskiego,, Brzechwa dzieciom\u2019\u2019, dla klas I-III. W czasie konkursu dzieci prezentowa\u0142y swoje umiej\u0119tno\u015bci recytatorskie. Wa\u017cnym celem tego konkursu by\u0142o rozwijanie pami\u0119ci, prze\u0142amywanie l\u0119k\u00f3w&#8230; <a href=\"http:\/\/sp.uchanie.pl\/index.php\/2019\/12\/18\/szkolny-konkurs-recytatorski-brzechwa-dzieciom\/\">Read more &raquo;<\/a><\/p>\n","protected":false},"author":1,"featured_media":2687,"comment_status":"closed","ping_status":"closed","sticky":false,"template":"","format":"standard","meta":{"footnotes":""},"categories":[6],"tags":[],"class_list":["post-2674","post","type-post","status-publish","format-standard","has-post-thumbnail","hentry","category-aktualnoci"],"_links":{"self":[{"href":"http:\/\/sp.uchanie.pl\/index.php\/wp-json\/wp\/v2\/posts\/2674","targetHints":{"allow":["GET"]}}],"collection":[{"href":"http:\/\/sp.uchanie.pl\/index.php\/wp-json\/wp\/v2\/posts"}],"about":[{"href":"http:\/\/sp.uchanie.pl\/index.php\/wp-json\/wp\/v2\/types\/post"}],"author":[{"embeddable":true,"href":"http:\/\/sp.uchanie.pl\/index.php\/wp-json\/wp\/v2\/users\/1"}],"replies":[{"embeddable":true,"href":"http:\/\/sp.uchanie.pl\/index.php\/wp-json\/wp\/v2\/comments?post=2674"}],"version-history":[{"count":1,"href":"http:\/\/sp.uchanie.pl\/index.php\/wp-json\/wp\/v2\/posts\/2674\/revisions"}],"predecessor-version":[{"id":2688,"href":"http:\/\/sp.uchanie.pl\/index.php\/wp-json\/wp\/v2\/posts\/2674\/revisions\/2688"}],"wp:featuredmedia":[{"embeddable":true,"href":"http:\/\/sp.uchanie.pl\/index.php\/wp-json\/wp\/v2\/media\/2687"}],"wp:attachment":[{"href":"http:\/\/sp.uchanie.pl\/index.php\/wp-json\/wp\/v2\/media?parent=2674"}],"wp:term":[{"taxonomy":"category","embeddable":true,"href":"http:\/\/sp.uchanie.pl\/index.php\/wp-json\/wp\/v2\/categories?post=2674"},{"taxonomy":"post_tag","embeddable":true,"href":"http:\/\/sp.uchanie.pl\/index.php\/wp-json\/wp\/v2\/tags?post=2674"}],"curies":[{"name":"wp","href":"https:\/\/api.w.org\/{rel}","templated":true}]}}