{"id":26118,"date":"2026-09-01T17:11:29","date_gmt":"2026-09-01T15:11:29","guid":{"rendered":"http:\/\/sp.uchanie.pl\/?p=26118"},"modified":"2026-09-01T17:12:37","modified_gmt":"2026-09-01T15:12:37","slug":"uroczyste-rozpoczecie-roku-szkolnego-2026-2027","status":"publish","type":"post","link":"http:\/\/sp.uchanie.pl\/index.php\/2026\/09\/01\/uroczyste-rozpoczecie-roku-szkolnego-2026-2027\/","title":{"rendered":"Uroczyste rozpocz\u0119cie roku szkolnego 2026\/2027"},"content":{"rendered":"<p>1 wrze\u015bnia msz\u0105 \u015bwi\u0119t\u0105 o godzinie 8.30 odprawion\u0105 przez ksi\u0119dza proboszcza Dariusza Bajwoluka rozpocz\u0105\u0142 si\u0119 nowy rok szkolny 2026\/2027. Po mszy \u015bwi\u0119tej wszyscy udali si\u0119 do hali sportowej, gdzie od\u015bpiewany zosta\u0142 hymn szko\u0142y i g\u0142os zabra\u0142a Pani Dyrektor Marzena Zarek &#8211; Wrzyszcz. Pani Dyrektor powita\u0142a wszystkich zgromadzonych i odczyta\u0142a List Lubelskiego Kuratora O\u015bwiaty oraz przedstawi\u0142a wychowawc\u00f3w poszczeg\u00f3lnych klas. W szkole uczniowie spotkali si\u0119 ze swoimi wychowawcami w salach lekcyjnych. Poczet Sztandarowy reprezentowali: Martyna Lackowska, Patrycja Rosi\u0144ska, Arkadiusz Kaziuk i Patryk Wr\u00f3blewski a opiek\u0119 nad pocztem sprawowa\u0142y: Ewelina Sobowicz i Justyna Hajduk, dekoracja Marzena Strycharczuk, Ewelina Sobowicz i Ewa Zarek a oprawa muzyczna Mariusz Zarek.<\/p>\n\n\t\t<style>\n\t\t\t#gallery-1 {\n\t\t\t\tmargin: auto;\n\t\t\t}\n\t\t\t#gallery-1 .gallery-item {\n\t\t\t\tfloat: left;\n\t\t\t\tmargin-top: 10px;\n\t\t\t\ttext-align: center;\n\t\t\t\twidth: 33%;\n\t\t\t}\n\t\t\t#gallery-1 img {\n\t\t\t\tborder: 2px solid #cfcfcf;\n\t\t\t}\n\t\t\t#gallery-1 .gallery-caption {\n\t\t\t\tmargin-left: 0;\n\t\t\t}\n\t\t\t\/* see gallery_shortcode() in wp-includes\/media.php *\/\n\t\t<\/style>\n\t\t<div id='gallery-1' class='gallery galleryid-26118 gallery-columns-3 gallery-size-thumbnail'><dl class='gallery-item'>\n\t\t\t<dt class='gallery-icon landscape'>\n\t\t\t\t<a href='http:\/\/sp.uchanie.pl\/index.php\/2026\/09\/01\/uroczyste-rozpoczecie-roku-szkolnego-2026-2027\/pocz_roku26_1\/'><img loading=\"lazy\" decoding=\"async\" width=\"150\" height=\"150\" src=\"http:\/\/sp.uchanie.pl\/wp-content\/uploads\/2026\/09\/Pocz_roku26_1-150x150.jpeg\" class=\"attachment-thumbnail size-thumbnail\" alt=\"\" srcset=\"http:\/\/sp.uchanie.pl\/wp-content\/uploads\/2026\/09\/Pocz_roku26_1-150x150.jpeg 150w, http:\/\/sp.uchanie.pl\/wp-content\/uploads\/2026\/09\/Pocz_roku26_1-180x180.jpeg 180w, http:\/\/sp.uchanie.pl\/wp-content\/uploads\/2026\/09\/Pocz_roku26_1-60x60.jpeg 60w\" sizes=\"auto, (max-width: 150px) 100vw, 150px\" \/><\/a>\n\t\t\t<\/dt><\/dl><dl class='gallery-item'>\n\t\t\t<dt class='gallery-icon landscape'>\n\t\t\t\t<a href='http:\/\/sp.uchanie.pl\/index.php\/2026\/09\/01\/uroczyste-rozpoczecie-roku-szkolnego-2026-2027\/pocz_roku26_2\/'><img loading=\"lazy\" decoding=\"async\" width=\"150\" height=\"150\" src=\"http:\/\/sp.uchanie.pl\/wp-content\/uploads\/2026\/09\/Pocz_roku26_2-150x150.jpeg\" class=\"attachment-thumbnail size-thumbnail\" alt=\"\" srcset=\"http:\/\/sp.uchanie.pl\/wp-content\/uploads\/2026\/09\/Pocz_roku26_2-150x150.jpeg 150w, http:\/\/sp.uchanie.pl\/wp-content\/uploads\/2026\/09\/Pocz_roku26_2-180x180.jpeg 180w, http:\/\/sp.uchanie.pl\/wp-content\/uploads\/2026\/09\/Pocz_roku26_2-60x60.jpeg 60w\" sizes=\"auto, (max-width: 150px) 100vw, 150px\" \/><\/a>\n\t\t\t<\/dt><\/dl><dl class='gallery-item'>\n\t\t\t<dt class='gallery-icon portrait'>\n\t\t\t\t<a href='http:\/\/sp.uchanie.pl\/index.php\/2026\/09\/01\/uroczyste-rozpoczecie-roku-szkolnego-2026-2027\/pocz_roku26_3\/'><img loading=\"lazy\" decoding=\"async\" width=\"150\" height=\"150\" src=\"http:\/\/sp.uchanie.pl\/wp-content\/uploads\/2026\/09\/Pocz_roku26_3-150x150.jpeg\" class=\"attachment-thumbnail size-thumbnail\" alt=\"\" srcset=\"http:\/\/sp.uchanie.pl\/wp-content\/uploads\/2026\/09\/Pocz_roku26_3-150x150.jpeg 150w, http:\/\/sp.uchanie.pl\/wp-content\/uploads\/2026\/09\/Pocz_roku26_3-180x180.jpeg 180w, http:\/\/sp.uchanie.pl\/wp-content\/uploads\/2026\/09\/Pocz_roku26_3-60x60.jpeg 60w\" sizes=\"auto, (max-width: 150px) 100vw, 150px\" \/><\/a>\n\t\t\t<\/dt><\/dl><br style=\"clear: both\" \/><dl class='gallery-item'>\n\t\t\t<dt class='gallery-icon landscape'>\n\t\t\t\t<a href='http:\/\/sp.uchanie.pl\/index.php\/2026\/09\/01\/uroczyste-rozpoczecie-roku-szkolnego-2026-2027\/pocz_roku26_4\/'><img loading=\"lazy\" decoding=\"async\" width=\"150\" height=\"150\" src=\"http:\/\/sp.uchanie.pl\/wp-content\/uploads\/2026\/09\/Pocz_roku26_4-150x150.jpeg\" class=\"attachment-thumbnail size-thumbnail\" alt=\"\" srcset=\"http:\/\/sp.uchanie.pl\/wp-content\/uploads\/2026\/09\/Pocz_roku26_4-150x150.jpeg 150w, http:\/\/sp.uchanie.pl\/wp-content\/uploads\/2026\/09\/Pocz_roku26_4-180x180.jpeg 180w, http:\/\/sp.uchanie.pl\/wp-content\/uploads\/2026\/09\/Pocz_roku26_4-60x60.jpeg 60w\" sizes=\"auto, (max-width: 150px) 100vw, 150px\" \/><\/a>\n\t\t\t<\/dt><\/dl><dl class='gallery-item'>\n\t\t\t<dt class='gallery-icon landscape'>\n\t\t\t\t<a href='http:\/\/sp.uchanie.pl\/index.php\/2026\/09\/01\/uroczyste-rozpoczecie-roku-szkolnego-2026-2027\/pocz_roku26_5\/'><img loading=\"lazy\" decoding=\"async\" width=\"150\" height=\"150\" src=\"http:\/\/sp.uchanie.pl\/wp-content\/uploads\/2026\/09\/Pocz_roku26_5-150x150.jpeg\" class=\"attachment-thumbnail size-thumbnail\" alt=\"\" srcset=\"http:\/\/sp.uchanie.pl\/wp-content\/uploads\/2026\/09\/Pocz_roku26_5-150x150.jpeg 150w, http:\/\/sp.uchanie.pl\/wp-content\/uploads\/2026\/09\/Pocz_roku26_5-180x180.jpeg 180w, http:\/\/sp.uchanie.pl\/wp-content\/uploads\/2026\/09\/Pocz_roku26_5-60x60.jpeg 60w\" sizes=\"auto, (max-width: 150px) 100vw, 150px\" \/><\/a>\n\t\t\t<\/dt><\/dl><dl class='gallery-item'>\n\t\t\t<dt class='gallery-icon landscape'>\n\t\t\t\t<a href='http:\/\/sp.uchanie.pl\/index.php\/2026\/09\/01\/uroczyste-rozpoczecie-roku-szkolnego-2026-2027\/pocz_roku26_6\/'><img loading=\"lazy\" decoding=\"async\" width=\"150\" height=\"150\" src=\"http:\/\/sp.uchanie.pl\/wp-content\/uploads\/2026\/09\/Pocz_roku26_6-150x150.jpeg\" class=\"attachment-thumbnail size-thumbnail\" alt=\"\" srcset=\"http:\/\/sp.uchanie.pl\/wp-content\/uploads\/2026\/09\/Pocz_roku26_6-150x150.jpeg 150w, http:\/\/sp.uchanie.pl\/wp-content\/uploads\/2026\/09\/Pocz_roku26_6-180x180.jpeg 180w, http:\/\/sp.uchanie.pl\/wp-content\/uploads\/2026\/09\/Pocz_roku26_6-60x60.jpeg 60w\" sizes=\"auto, (max-width: 150px) 100vw, 150px\" \/><\/a>\n\t\t\t<\/dt><\/dl><br style=\"clear: both\" \/><dl class='gallery-item'>\n\t\t\t<dt class='gallery-icon portrait'>\n\t\t\t\t<a href='http:\/\/sp.uchanie.pl\/index.php\/2026\/09\/01\/uroczyste-rozpoczecie-roku-szkolnego-2026-2027\/pocz_roku26_7\/'><img loading=\"lazy\" decoding=\"async\" width=\"150\" height=\"150\" src=\"http:\/\/sp.uchanie.pl\/wp-content\/uploads\/2026\/09\/Pocz_roku26_7-150x150.jpeg\" class=\"attachment-thumbnail size-thumbnail\" alt=\"\" srcset=\"http:\/\/sp.uchanie.pl\/wp-content\/uploads\/2026\/09\/Pocz_roku26_7-150x150.jpeg 150w, http:\/\/sp.uchanie.pl\/wp-content\/uploads\/2026\/09\/Pocz_roku26_7-180x180.jpeg 180w, http:\/\/sp.uchanie.pl\/wp-content\/uploads\/2026\/09\/Pocz_roku26_7-60x60.jpeg 60w\" sizes=\"auto, (max-width: 150px) 100vw, 150px\" \/><\/a>\n\t\t\t<\/dt><\/dl><dl class='gallery-item'>\n\t\t\t<dt class='gallery-icon landscape'>\n\t\t\t\t<a href='http:\/\/sp.uchanie.pl\/index.php\/2026\/09\/01\/uroczyste-rozpoczecie-roku-szkolnego-2026-2027\/pocz_roku26_8\/'><img loading=\"lazy\" decoding=\"async\" width=\"150\" height=\"150\" src=\"http:\/\/sp.uchanie.pl\/wp-content\/uploads\/2026\/09\/Pocz_roku26_8-150x150.jpeg\" class=\"attachment-thumbnail size-thumbnail\" alt=\"\" srcset=\"http:\/\/sp.uchanie.pl\/wp-content\/uploads\/2026\/09\/Pocz_roku26_8-150x150.jpeg 150w, http:\/\/sp.uchanie.pl\/wp-content\/uploads\/2026\/09\/Pocz_roku26_8-180x180.jpeg 180w, http:\/\/sp.uchanie.pl\/wp-content\/uploads\/2026\/09\/Pocz_roku26_8-60x60.jpeg 60w\" sizes=\"auto, (max-width: 150px) 100vw, 150px\" \/><\/a>\n\t\t\t<\/dt><\/dl><dl class='gallery-item'>\n\t\t\t<dt class='gallery-icon landscape'>\n\t\t\t\t<a href='http:\/\/sp.uchanie.pl\/index.php\/2026\/09\/01\/uroczyste-rozpoczecie-roku-szkolnego-2026-2027\/pocz_roku26_9\/'><img loading=\"lazy\" decoding=\"async\" width=\"150\" height=\"150\" src=\"http:\/\/sp.uchanie.pl\/wp-content\/uploads\/2026\/09\/Pocz_roku26_9-150x150.jpeg\" class=\"attachment-thumbnail size-thumbnail\" alt=\"\" srcset=\"http:\/\/sp.uchanie.pl\/wp-content\/uploads\/2026\/09\/Pocz_roku26_9-150x150.jpeg 150w, http:\/\/sp.uchanie.pl\/wp-content\/uploads\/2026\/09\/Pocz_roku26_9-180x180.jpeg 180w, http:\/\/sp.uchanie.pl\/wp-content\/uploads\/2026\/09\/Pocz_roku26_9-60x60.jpeg 60w\" sizes=\"auto, (max-width: 150px) 100vw, 150px\" \/><\/a>\n\t\t\t<\/dt><\/dl><br style=\"clear: both\" \/>\n\t\t<\/div>\n\n","protected":false},"excerpt":{"rendered":"<p>1 wrze\u015bnia msz\u0105 \u015bwi\u0119t\u0105 o godzinie 8.30 odprawion\u0105 przez ksi\u0119dza proboszcza Dariusza Bajwoluka rozpocz\u0105\u0142 si\u0119 nowy rok szkolny 2026\/2027. Po mszy \u015bwi\u0119tej wszyscy udali si\u0119 do hali sportowej, gdzie od\u015bpiewany&#8230; <a href=\"http:\/\/sp.uchanie.pl\/index.php\/2026\/09\/01\/uroczyste-rozpoczecie-roku-szkolnego-2026-2027\/\">Read more &raquo;<\/a><\/p>\n","protected":false},"author":1,"featured_media":26121,"comment_status":"closed","ping_status":"closed","sticky":false,"template":"","format":"standard","meta":{"footnotes":""},"categories":[6],"tags":[],"class_list":["post-26118","post","type-post","status-publish","format-standard","has-post-thumbnail","hentry","category-aktualnoci"],"_links":{"self":[{"href":"http:\/\/sp.uchanie.pl\/index.php\/wp-json\/wp\/v2\/posts\/26118","targetHints":{"allow":["GET"]}}],"collection":[{"href":"http:\/\/sp.uchanie.pl\/index.php\/wp-json\/wp\/v2\/posts"}],"about":[{"href":"http:\/\/sp.uchanie.pl\/index.php\/wp-json\/wp\/v2\/types\/post"}],"author":[{"embeddable":true,"href":"http:\/\/sp.uchanie.pl\/index.php\/wp-json\/wp\/v2\/users\/1"}],"replies":[{"embeddable":true,"href":"http:\/\/sp.uchanie.pl\/index.php\/wp-json\/wp\/v2\/comments?post=26118"}],"version-history":[{"count":4,"href":"http:\/\/sp.uchanie.pl\/index.php\/wp-json\/wp\/v2\/posts\/26118\/revisions"}],"predecessor-version":[{"id":26131,"href":"http:\/\/sp.uchanie.pl\/index.php\/wp-json\/wp\/v2\/posts\/26118\/revisions\/26131"}],"wp:featuredmedia":[{"embeddable":true,"href":"http:\/\/sp.uchanie.pl\/index.php\/wp-json\/wp\/v2\/media\/26121"}],"wp:attachment":[{"href":"http:\/\/sp.uchanie.pl\/index.php\/wp-json\/wp\/v2\/media?parent=26118"}],"wp:term":[{"taxonomy":"category","embeddable":true,"href":"http:\/\/sp.uchanie.pl\/index.php\/wp-json\/wp\/v2\/categories?post=26118"},{"taxonomy":"post_tag","embeddable":true,"href":"http:\/\/sp.uchanie.pl\/index.php\/wp-json\/wp\/v2\/tags?post=26118"}],"curies":[{"name":"wp","href":"https:\/\/api.w.org\/{rel}","templated":true}]}}