{"id":25075,"date":"2026-03-17T17:06:43","date_gmt":"2026-03-17T16:06:43","guid":{"rendered":"http:\/\/sp.uchanie.pl\/?p=25075"},"modified":"2026-03-18T12:09:10","modified_gmt":"2026-03-18T11:09:10","slug":"i-miejsce-mileny-i-ani-w-konkursie-wojewodzkim-zdrowie-na-talerzu","status":"publish","type":"post","link":"http:\/\/sp.uchanie.pl\/index.php\/2026\/03\/17\/i-miejsce-mileny-i-ani-w-konkursie-wojewodzkim-zdrowie-na-talerzu\/","title":{"rendered":"I miejsce Mileny i Ani w konkursie wojew\u00f3dzkim &#8222;Zdrowie na talerzu&#8221;"},"content":{"rendered":"<p>17 marca w Zespole Szk\u00f3\u0142 Centrum Kszta\u0142cenia Rolniczego w Siennicy R\u00f3\u017canej odby\u0142 si\u0119 konkurs kulinarny &#8222;Zdrowie na talerzu&#8221;. W tym roku motywem przewodnim by\u0142a kuchnia ZERO WASTE, czyli gotowanie bez marnowania, wykorzystanie resztek, recykling w kuchni czy ekologiczne przepisy. Do konkursu przyst\u0105pi\u0142o 6 dwuosobowych zespo\u0142\u00f3w. Reprezentantki naszej szko\u0142y Milena Ko\u0142tun i Anna Mech z klasy 8 zmierzy\u0142y si\u0119 z testem o zdrowym od\u017cywianiu, samodzielnie przygotowa\u0142y potraw\u0119 zgodnie z zasadami ZERO WASTE a nast\u0119pnie zaprezentowa\u0142y j\u0105 przed komisj\u0105 oraz uzasadni\u0142y dob\u00f3r sk\u0142adnik\u00f3w.<br \/>\nZar\u00f3wno wynik testu, estetyka dania, walory smakowe i prezentacja potrawy sprawi\u0142y, \u017ce Milena i Ania zdoby\u0142y pierwsze miejsce.<br \/>\nUczennice do konkursu przygotowa\u0142a Ewa Zarek.<\/p>\n\n\t\t<style type=\"text\/css\">\n\t\t\t#gallery-1 {\n\t\t\t\tmargin: auto;\n\t\t\t}\n\t\t\t#gallery-1 .gallery-item {\n\t\t\t\tfloat: left;\n\t\t\t\tmargin-top: 10px;\n\t\t\t\ttext-align: center;\n\t\t\t\twidth: 33%;\n\t\t\t}\n\t\t\t#gallery-1 img {\n\t\t\t\tborder: 2px solid #cfcfcf;\n\t\t\t}\n\t\t\t#gallery-1 .gallery-caption {\n\t\t\t\tmargin-left: 0;\n\t\t\t}\n\t\t\t\/* see gallery_shortcode() in wp-includes\/media.php *\/\n\t\t<\/style>\n\t\t<div id='gallery-1' class='gallery galleryid-25075 gallery-columns-3 gallery-size-thumbnail'><dl class='gallery-item'>\n\t\t\t<dt class='gallery-icon landscape'>\n\t\t\t\t<a href='http:\/\/sp.uchanie.pl\/index.php\/2026\/03\/17\/i-miejsce-mileny-i-ani-w-konkursie-wojewodzkim-zdrowie-na-talerzu\/konkul26_1\/'><img loading=\"lazy\" decoding=\"async\" width=\"150\" height=\"150\" src=\"http:\/\/sp.uchanie.pl\/wp-content\/uploads\/2026\/03\/KonKul26_1-150x150.jpeg\" class=\"attachment-thumbnail size-thumbnail\" alt=\"\" srcset=\"http:\/\/sp.uchanie.pl\/wp-content\/uploads\/2026\/03\/KonKul26_1-150x150.jpeg 150w, http:\/\/sp.uchanie.pl\/wp-content\/uploads\/2026\/03\/KonKul26_1-180x180.jpeg 180w, http:\/\/sp.uchanie.pl\/wp-content\/uploads\/2026\/03\/KonKul26_1-60x60.jpeg 60w\" sizes=\"auto, (max-width: 150px) 100vw, 150px\" \/><\/a>\n\t\t\t<\/dt><\/dl><dl class='gallery-item'>\n\t\t\t<dt class='gallery-icon landscape'>\n\t\t\t\t<a href='http:\/\/sp.uchanie.pl\/index.php\/2026\/03\/17\/i-miejsce-mileny-i-ani-w-konkursie-wojewodzkim-zdrowie-na-talerzu\/konkul26_2\/'><img loading=\"lazy\" decoding=\"async\" width=\"150\" height=\"150\" src=\"http:\/\/sp.uchanie.pl\/wp-content\/uploads\/2026\/03\/KonKul26_2-150x150.jpeg\" class=\"attachment-thumbnail size-thumbnail\" alt=\"\" srcset=\"http:\/\/sp.uchanie.pl\/wp-content\/uploads\/2026\/03\/KonKul26_2-150x150.jpeg 150w, http:\/\/sp.uchanie.pl\/wp-content\/uploads\/2026\/03\/KonKul26_2-180x180.jpeg 180w, http:\/\/sp.uchanie.pl\/wp-content\/uploads\/2026\/03\/KonKul26_2-60x60.jpeg 60w\" sizes=\"auto, (max-width: 150px) 100vw, 150px\" \/><\/a>\n\t\t\t<\/dt><\/dl><dl class='gallery-item'>\n\t\t\t<dt class='gallery-icon landscape'>\n\t\t\t\t<a href='http:\/\/sp.uchanie.pl\/index.php\/2026\/03\/17\/i-miejsce-mileny-i-ani-w-konkursie-wojewodzkim-zdrowie-na-talerzu\/konkul26_3\/'><img loading=\"lazy\" decoding=\"async\" width=\"150\" height=\"150\" src=\"http:\/\/sp.uchanie.pl\/wp-content\/uploads\/2026\/03\/KonKul26_3-150x150.jpeg\" class=\"attachment-thumbnail size-thumbnail\" alt=\"\" srcset=\"http:\/\/sp.uchanie.pl\/wp-content\/uploads\/2026\/03\/KonKul26_3-150x150.jpeg 150w, http:\/\/sp.uchanie.pl\/wp-content\/uploads\/2026\/03\/KonKul26_3-180x180.jpeg 180w, http:\/\/sp.uchanie.pl\/wp-content\/uploads\/2026\/03\/KonKul26_3-60x60.jpeg 60w\" sizes=\"auto, (max-width: 150px) 100vw, 150px\" \/><\/a>\n\t\t\t<\/dt><\/dl><br style=\"clear: both\" \/><dl class='gallery-item'>\n\t\t\t<dt class='gallery-icon landscape'>\n\t\t\t\t<a href='http:\/\/sp.uchanie.pl\/index.php\/2026\/03\/17\/i-miejsce-mileny-i-ani-w-konkursie-wojewodzkim-zdrowie-na-talerzu\/konkul26_4\/'><img loading=\"lazy\" decoding=\"async\" width=\"150\" height=\"150\" src=\"http:\/\/sp.uchanie.pl\/wp-content\/uploads\/2026\/03\/KonKul26_4-150x150.jpeg\" class=\"attachment-thumbnail size-thumbnail\" alt=\"\" srcset=\"http:\/\/sp.uchanie.pl\/wp-content\/uploads\/2026\/03\/KonKul26_4-150x150.jpeg 150w, http:\/\/sp.uchanie.pl\/wp-content\/uploads\/2026\/03\/KonKul26_4-180x180.jpeg 180w, http:\/\/sp.uchanie.pl\/wp-content\/uploads\/2026\/03\/KonKul26_4-60x60.jpeg 60w\" sizes=\"auto, (max-width: 150px) 100vw, 150px\" \/><\/a>\n\t\t\t<\/dt><\/dl><dl class='gallery-item'>\n\t\t\t<dt class='gallery-icon portrait'>\n\t\t\t\t<a href='http:\/\/sp.uchanie.pl\/index.php\/2026\/03\/17\/i-miejsce-mileny-i-ani-w-konkursie-wojewodzkim-zdrowie-na-talerzu\/konkul26_6\/'><img loading=\"lazy\" decoding=\"async\" width=\"150\" height=\"150\" src=\"http:\/\/sp.uchanie.pl\/wp-content\/uploads\/2026\/03\/KonKul26_6-150x150.jpeg\" class=\"attachment-thumbnail size-thumbnail\" alt=\"\" srcset=\"http:\/\/sp.uchanie.pl\/wp-content\/uploads\/2026\/03\/KonKul26_6-150x150.jpeg 150w, http:\/\/sp.uchanie.pl\/wp-content\/uploads\/2026\/03\/KonKul26_6-180x180.jpeg 180w, http:\/\/sp.uchanie.pl\/wp-content\/uploads\/2026\/03\/KonKul26_6-60x60.jpeg 60w\" sizes=\"auto, (max-width: 150px) 100vw, 150px\" \/><\/a>\n\t\t\t<\/dt><\/dl><dl class='gallery-item'>\n\t\t\t<dt class='gallery-icon portrait'>\n\t\t\t\t<a href='http:\/\/sp.uchanie.pl\/index.php\/2026\/03\/17\/i-miejsce-mileny-i-ani-w-konkursie-wojewodzkim-zdrowie-na-talerzu\/konkul26_7\/'><img loading=\"lazy\" decoding=\"async\" width=\"150\" height=\"150\" src=\"http:\/\/sp.uchanie.pl\/wp-content\/uploads\/2026\/03\/KonKul26_7-150x150.jpeg\" class=\"attachment-thumbnail size-thumbnail\" alt=\"\" srcset=\"http:\/\/sp.uchanie.pl\/wp-content\/uploads\/2026\/03\/KonKul26_7-150x150.jpeg 150w, http:\/\/sp.uchanie.pl\/wp-content\/uploads\/2026\/03\/KonKul26_7-180x180.jpeg 180w, http:\/\/sp.uchanie.pl\/wp-content\/uploads\/2026\/03\/KonKul26_7-60x60.jpeg 60w\" sizes=\"auto, (max-width: 150px) 100vw, 150px\" \/><\/a>\n\t\t\t<\/dt><\/dl><br style=\"clear: both\" \/><dl class='gallery-item'>\n\t\t\t<dt class='gallery-icon portrait'>\n\t\t\t\t<a href='http:\/\/sp.uchanie.pl\/index.php\/2026\/03\/17\/i-miejsce-mileny-i-ani-w-konkursie-wojewodzkim-zdrowie-na-talerzu\/konkul26_8\/'><img loading=\"lazy\" decoding=\"async\" width=\"150\" height=\"150\" src=\"http:\/\/sp.uchanie.pl\/wp-content\/uploads\/2026\/03\/KonKul26_8-150x150.jpeg\" class=\"attachment-thumbnail size-thumbnail\" alt=\"\" srcset=\"http:\/\/sp.uchanie.pl\/wp-content\/uploads\/2026\/03\/KonKul26_8-150x150.jpeg 150w, http:\/\/sp.uchanie.pl\/wp-content\/uploads\/2026\/03\/KonKul26_8-180x180.jpeg 180w, http:\/\/sp.uchanie.pl\/wp-content\/uploads\/2026\/03\/KonKul26_8-60x60.jpeg 60w\" sizes=\"auto, (max-width: 150px) 100vw, 150px\" \/><\/a>\n\t\t\t<\/dt><\/dl><dl class='gallery-item'>\n\t\t\t<dt class='gallery-icon portrait'>\n\t\t\t\t<a href='http:\/\/sp.uchanie.pl\/index.php\/2026\/03\/17\/i-miejsce-mileny-i-ani-w-konkursie-wojewodzkim-zdrowie-na-talerzu\/konkul26_9\/'><img loading=\"lazy\" decoding=\"async\" width=\"150\" height=\"150\" src=\"http:\/\/sp.uchanie.pl\/wp-content\/uploads\/2026\/03\/KonKul26_9-150x150.jpeg\" class=\"attachment-thumbnail size-thumbnail\" alt=\"\" srcset=\"http:\/\/sp.uchanie.pl\/wp-content\/uploads\/2026\/03\/KonKul26_9-150x150.jpeg 150w, http:\/\/sp.uchanie.pl\/wp-content\/uploads\/2026\/03\/KonKul26_9-180x180.jpeg 180w, http:\/\/sp.uchanie.pl\/wp-content\/uploads\/2026\/03\/KonKul26_9-60x60.jpeg 60w\" sizes=\"auto, (max-width: 150px) 100vw, 150px\" \/><\/a>\n\t\t\t<\/dt><\/dl><dl class='gallery-item'>\n\t\t\t<dt class='gallery-icon landscape'>\n\t\t\t\t<a href='http:\/\/sp.uchanie.pl\/index.php\/2026\/03\/17\/i-miejsce-mileny-i-ani-w-konkursie-wojewodzkim-zdrowie-na-talerzu\/konkul26_10\/'><img loading=\"lazy\" decoding=\"async\" width=\"150\" height=\"150\" src=\"http:\/\/sp.uchanie.pl\/wp-content\/uploads\/2026\/03\/KonKul26_10-150x150.jpeg\" class=\"attachment-thumbnail size-thumbnail\" alt=\"\" srcset=\"http:\/\/sp.uchanie.pl\/wp-content\/uploads\/2026\/03\/KonKul26_10-150x150.jpeg 150w, http:\/\/sp.uchanie.pl\/wp-content\/uploads\/2026\/03\/KonKul26_10-180x180.jpeg 180w, http:\/\/sp.uchanie.pl\/wp-content\/uploads\/2026\/03\/KonKul26_10-60x60.jpeg 60w\" sizes=\"auto, (max-width: 150px) 100vw, 150px\" \/><\/a>\n\t\t\t<\/dt><\/dl><br style=\"clear: both\" \/><dl class='gallery-item'>\n\t\t\t<dt class='gallery-icon portrait'>\n\t\t\t\t<a href='http:\/\/sp.uchanie.pl\/index.php\/2026\/03\/17\/i-miejsce-mileny-i-ani-w-konkursie-wojewodzkim-zdrowie-na-talerzu\/konkul26_11\/'><img loading=\"lazy\" decoding=\"async\" width=\"150\" height=\"150\" src=\"http:\/\/sp.uchanie.pl\/wp-content\/uploads\/2026\/03\/KonKul26_11-150x150.jpeg\" class=\"attachment-thumbnail size-thumbnail\" alt=\"\" srcset=\"http:\/\/sp.uchanie.pl\/wp-content\/uploads\/2026\/03\/KonKul26_11-150x150.jpeg 150w, http:\/\/sp.uchanie.pl\/wp-content\/uploads\/2026\/03\/KonKul26_11-180x180.jpeg 180w, http:\/\/sp.uchanie.pl\/wp-content\/uploads\/2026\/03\/KonKul26_11-60x60.jpeg 60w\" sizes=\"auto, (max-width: 150px) 100vw, 150px\" \/><\/a>\n\t\t\t<\/dt><\/dl>\n\t\t\t<br style='clear: both' \/>\n\t\t<\/div>\n\n","protected":false},"excerpt":{"rendered":"<p>17 marca w Zespole Szk\u00f3\u0142 Centrum Kszta\u0142cenia Rolniczego w Siennicy R\u00f3\u017canej odby\u0142 si\u0119 konkurs kulinarny &#8222;Zdrowie na talerzu&#8221;. W tym roku motywem przewodnim by\u0142a kuchnia ZERO WASTE, czyli gotowanie bez&#8230; <a href=\"http:\/\/sp.uchanie.pl\/index.php\/2026\/03\/17\/i-miejsce-mileny-i-ani-w-konkursie-wojewodzkim-zdrowie-na-talerzu\/\">Read more &raquo;<\/a><\/p>\n","protected":false},"author":1,"featured_media":25081,"comment_status":"closed","ping_status":"closed","sticky":false,"template":"","format":"standard","meta":{"footnotes":""},"categories":[6],"tags":[],"class_list":["post-25075","post","type-post","status-publish","format-standard","has-post-thumbnail","hentry","category-aktualnoci"],"_links":{"self":[{"href":"http:\/\/sp.uchanie.pl\/index.php\/wp-json\/wp\/v2\/posts\/25075","targetHints":{"allow":["GET"]}}],"collection":[{"href":"http:\/\/sp.uchanie.pl\/index.php\/wp-json\/wp\/v2\/posts"}],"about":[{"href":"http:\/\/sp.uchanie.pl\/index.php\/wp-json\/wp\/v2\/types\/post"}],"author":[{"embeddable":true,"href":"http:\/\/sp.uchanie.pl\/index.php\/wp-json\/wp\/v2\/users\/1"}],"replies":[{"embeddable":true,"href":"http:\/\/sp.uchanie.pl\/index.php\/wp-json\/wp\/v2\/comments?post=25075"}],"version-history":[{"count":4,"href":"http:\/\/sp.uchanie.pl\/index.php\/wp-json\/wp\/v2\/posts\/25075\/revisions"}],"predecessor-version":[{"id":25090,"href":"http:\/\/sp.uchanie.pl\/index.php\/wp-json\/wp\/v2\/posts\/25075\/revisions\/25090"}],"wp:featuredmedia":[{"embeddable":true,"href":"http:\/\/sp.uchanie.pl\/index.php\/wp-json\/wp\/v2\/media\/25081"}],"wp:attachment":[{"href":"http:\/\/sp.uchanie.pl\/index.php\/wp-json\/wp\/v2\/media?parent=25075"}],"wp:term":[{"taxonomy":"category","embeddable":true,"href":"http:\/\/sp.uchanie.pl\/index.php\/wp-json\/wp\/v2\/categories?post=25075"},{"taxonomy":"post_tag","embeddable":true,"href":"http:\/\/sp.uchanie.pl\/index.php\/wp-json\/wp\/v2\/tags?post=25075"}],"curies":[{"name":"wp","href":"https:\/\/api.w.org\/{rel}","templated":true}]}}