{"id":22814,"date":"2025-06-06T07:46:12","date_gmt":"2025-06-06T05:46:12","guid":{"rendered":"http:\/\/192.168.40.27\/?p=22814"},"modified":"2025-06-06T07:46:12","modified_gmt":"2025-06-06T05:46:12","slug":"wycieczka-do-lublina-pelna-wrazen-podroz-najmlodszych-uczniow","status":"publish","type":"post","link":"http:\/\/sp.uchanie.pl\/index.php\/2025\/06\/06\/wycieczka-do-lublina-pelna-wrazen-podroz-najmlodszych-uczniow\/","title":{"rendered":"Wycieczka do Lublina \u2013 pe\u0142na wra\u017ce\u0144 podr\u00f3\u017c najm\u0142odszych uczni\u00f3w"},"content":{"rendered":"<p>Dzi\u015b nasi najm\u0142odsi uczniowie \u2013 dzieci z oddzia\u0142u pi\u0119cio- i sze\u015bciolatk\u00f3w oraz uczniowie klas I\u2013III \u2013 wyruszyli na pe\u0142n\u0105 atrakcji wycieczk\u0119 do Lublina. Pierwszym punktem programu by\u0142o zwiedzanie siedziby lubelskiego oddzia\u0142u Telewizji Polskiej \u2013 TVP3. Dzieci mia\u0142y okazj\u0119 pozna\u0107 kulisy powstawania program\u00f3w telewizyjnych, dowiedzie\u0107 si\u0119, jak wygl\u0105da praca dziennikarzy, realizator\u00f3w i operator\u00f3w kamer. Zobaczy\u0142y tak\u017ce profesjonalne studio nagraniowe, w tym studio \u201ePanoramy\u201d oraz innych program\u00f3w lokalnych.<\/p>\n<p>Nast\u0119pnie uczestnicy wycieczki udali si\u0119 na spacer Szlakiem Legend, podczas kt\u00f3rego przewodnik opowiada\u0142 ciekawe historie i legendy zwi\u0105zane z Lublinem. W w\u0119dr\u00f3wce towarzyszy\u0142 dzieciom Kozio\u0142ek, kt\u00f3ry razem z nimi zwiedza\u0142 miasto i dodawa\u0142 ca\u0142emu wydarzeniu wyj\u0105tkowej atmosfery. Na zako\u0144czenie wycieczki wszyscy uczestnicy zjedli smaczny obiad w restauracji Halka. Organizatorem wyjazdu by\u0142a pani Katarzyna Blicharz. Opiek\u0119 nad dzie\u0107mi sprawowa\u0142y panie: Danuta \u0141otysz, Beata Serafin, Justyna Hajduk, El\u017cbieta Lachowska oraz Iwona G\u0142ogowska. To by\u0142 dzie\u0144 pe\u0142en niezapomnianych wra\u017ce\u0144, nowych do\u015bwiadcze\u0144 i rado\u015bci ze wsp\u00f3lnego odkrywania \u015bwiata!<\/p>\n\n\t\t<style type=\"text\/css\">\n\t\t\t#gallery-1 {\n\t\t\t\tmargin: auto;\n\t\t\t}\n\t\t\t#gallery-1 .gallery-item {\n\t\t\t\tfloat: left;\n\t\t\t\tmargin-top: 10px;\n\t\t\t\ttext-align: center;\n\t\t\t\twidth: 33%;\n\t\t\t}\n\t\t\t#gallery-1 img {\n\t\t\t\tborder: 2px solid #cfcfcf;\n\t\t\t}\n\t\t\t#gallery-1 .gallery-caption {\n\t\t\t\tmargin-left: 0;\n\t\t\t}\n\t\t\t\/* see gallery_shortcode() in wp-includes\/media.php *\/\n\t\t<\/style>\n\t\t<div id='gallery-1' class='gallery galleryid-22814 gallery-columns-3 gallery-size-thumbnail'><dl class='gallery-item'>\n\t\t\t<dt class='gallery-icon landscape'>\n\t\t\t\t<a href='http:\/\/sp.uchanie.pl\/index.php\/2025\/06\/06\/wycieczka-do-lublina-pelna-wrazen-podroz-najmlodszych-uczniow\/494571646_673189472145153_1850382603586903590_n\/'><img loading=\"lazy\" decoding=\"async\" width=\"150\" height=\"150\" src=\"http:\/\/sp.uchanie.pl\/wp-content\/uploads\/2025\/06\/494571646_673189472145153_1850382603586903590_n-150x150.jpg\" class=\"attachment-thumbnail size-thumbnail\" alt=\"\" srcset=\"http:\/\/sp.uchanie.pl\/wp-content\/uploads\/2025\/06\/494571646_673189472145153_1850382603586903590_n-150x150.jpg 150w, http:\/\/sp.uchanie.pl\/wp-content\/uploads\/2025\/06\/494571646_673189472145153_1850382603586903590_n-180x180.jpg 180w, http:\/\/sp.uchanie.pl\/wp-content\/uploads\/2025\/06\/494571646_673189472145153_1850382603586903590_n-60x60.jpg 60w\" sizes=\"auto, (max-width: 150px) 100vw, 150px\" \/><\/a>\n\t\t\t<\/dt><\/dl><dl class='gallery-item'>\n\t\t\t<dt class='gallery-icon landscape'>\n\t\t\t\t<a href='http:\/\/sp.uchanie.pl\/index.php\/2025\/06\/06\/wycieczka-do-lublina-pelna-wrazen-podroz-najmlodszych-uczniow\/494574642_1849014902607090_3177055134385247432_n\/'><img loading=\"lazy\" decoding=\"async\" width=\"150\" height=\"150\" src=\"http:\/\/sp.uchanie.pl\/wp-content\/uploads\/2025\/06\/494574642_1849014902607090_3177055134385247432_n-150x150.jpg\" class=\"attachment-thumbnail size-thumbnail\" alt=\"\" srcset=\"http:\/\/sp.uchanie.pl\/wp-content\/uploads\/2025\/06\/494574642_1849014902607090_3177055134385247432_n-150x150.jpg 150w, http:\/\/sp.uchanie.pl\/wp-content\/uploads\/2025\/06\/494574642_1849014902607090_3177055134385247432_n-180x180.jpg 180w, http:\/\/sp.uchanie.pl\/wp-content\/uploads\/2025\/06\/494574642_1849014902607090_3177055134385247432_n-60x60.jpg 60w\" sizes=\"auto, (max-width: 150px) 100vw, 150px\" \/><\/a>\n\t\t\t<\/dt><\/dl><dl class='gallery-item'>\n\t\t\t<dt class='gallery-icon landscape'>\n\t\t\t\t<a href='http:\/\/sp.uchanie.pl\/index.php\/2025\/06\/06\/wycieczka-do-lublina-pelna-wrazen-podroz-najmlodszych-uczniow\/494577215_1078100437199978_5103815051051530584_n\/'><img loading=\"lazy\" decoding=\"async\" width=\"150\" height=\"150\" src=\"http:\/\/sp.uchanie.pl\/wp-content\/uploads\/2025\/06\/494577215_1078100437199978_5103815051051530584_n-150x150.jpg\" class=\"attachment-thumbnail size-thumbnail\" alt=\"\" srcset=\"http:\/\/sp.uchanie.pl\/wp-content\/uploads\/2025\/06\/494577215_1078100437199978_5103815051051530584_n-150x150.jpg 150w, http:\/\/sp.uchanie.pl\/wp-content\/uploads\/2025\/06\/494577215_1078100437199978_5103815051051530584_n-180x180.jpg 180w, http:\/\/sp.uchanie.pl\/wp-content\/uploads\/2025\/06\/494577215_1078100437199978_5103815051051530584_n-60x60.jpg 60w\" sizes=\"auto, (max-width: 150px) 100vw, 150px\" \/><\/a>\n\t\t\t<\/dt><\/dl><br style=\"clear: both\" \/><dl class='gallery-item'>\n\t\t\t<dt class='gallery-icon landscape'>\n\t\t\t\t<a href='http:\/\/sp.uchanie.pl\/index.php\/2025\/06\/06\/wycieczka-do-lublina-pelna-wrazen-podroz-najmlodszych-uczniow\/496512628_1880541339406848_4649388380050198693_n\/'><img loading=\"lazy\" decoding=\"async\" width=\"150\" height=\"150\" src=\"http:\/\/sp.uchanie.pl\/wp-content\/uploads\/2025\/06\/496512628_1880541339406848_4649388380050198693_n-150x150.jpg\" class=\"attachment-thumbnail size-thumbnail\" alt=\"\" srcset=\"http:\/\/sp.uchanie.pl\/wp-content\/uploads\/2025\/06\/496512628_1880541339406848_4649388380050198693_n-150x150.jpg 150w, http:\/\/sp.uchanie.pl\/wp-content\/uploads\/2025\/06\/496512628_1880541339406848_4649388380050198693_n-180x180.jpg 180w, http:\/\/sp.uchanie.pl\/wp-content\/uploads\/2025\/06\/496512628_1880541339406848_4649388380050198693_n-60x60.jpg 60w\" sizes=\"auto, (max-width: 150px) 100vw, 150px\" \/><\/a>\n\t\t\t<\/dt><\/dl><dl class='gallery-item'>\n\t\t\t<dt class='gallery-icon landscape'>\n\t\t\t\t<a href='http:\/\/sp.uchanie.pl\/index.php\/2025\/06\/06\/wycieczka-do-lublina-pelna-wrazen-podroz-najmlodszych-uczniow\/494572278_2389876514733099_5628002177116267412_n\/'><img loading=\"lazy\" decoding=\"async\" width=\"150\" height=\"150\" src=\"http:\/\/sp.uchanie.pl\/wp-content\/uploads\/2025\/06\/494572278_2389876514733099_5628002177116267412_n-150x150.jpg\" class=\"attachment-thumbnail size-thumbnail\" alt=\"\" srcset=\"http:\/\/sp.uchanie.pl\/wp-content\/uploads\/2025\/06\/494572278_2389876514733099_5628002177116267412_n-150x150.jpg 150w, http:\/\/sp.uchanie.pl\/wp-content\/uploads\/2025\/06\/494572278_2389876514733099_5628002177116267412_n-180x180.jpg 180w, http:\/\/sp.uchanie.pl\/wp-content\/uploads\/2025\/06\/494572278_2389876514733099_5628002177116267412_n-60x60.jpg 60w\" sizes=\"auto, (max-width: 150px) 100vw, 150px\" \/><\/a>\n\t\t\t<\/dt><\/dl><dl class='gallery-item'>\n\t\t\t<dt class='gallery-icon landscape'>\n\t\t\t\t<a href='http:\/\/sp.uchanie.pl\/index.php\/2025\/06\/06\/wycieczka-do-lublina-pelna-wrazen-podroz-najmlodszych-uczniow\/494576115_1084753470369499_2860235594147086272_n\/'><img loading=\"lazy\" decoding=\"async\" width=\"150\" height=\"150\" src=\"http:\/\/sp.uchanie.pl\/wp-content\/uploads\/2025\/06\/494576115_1084753470369499_2860235594147086272_n-150x150.jpg\" class=\"attachment-thumbnail size-thumbnail\" alt=\"\" srcset=\"http:\/\/sp.uchanie.pl\/wp-content\/uploads\/2025\/06\/494576115_1084753470369499_2860235594147086272_n-150x150.jpg 150w, http:\/\/sp.uchanie.pl\/wp-content\/uploads\/2025\/06\/494576115_1084753470369499_2860235594147086272_n-180x180.jpg 180w, http:\/\/sp.uchanie.pl\/wp-content\/uploads\/2025\/06\/494576115_1084753470369499_2860235594147086272_n-60x60.jpg 60w\" sizes=\"auto, (max-width: 150px) 100vw, 150px\" \/><\/a>\n\t\t\t<\/dt><\/dl><br style=\"clear: both\" \/><dl class='gallery-item'>\n\t\t\t<dt class='gallery-icon landscape'>\n\t\t\t\t<a href='http:\/\/sp.uchanie.pl\/index.php\/2025\/06\/06\/wycieczka-do-lublina-pelna-wrazen-podroz-najmlodszych-uczniow\/496514217_1886249508834244_4878062327996918526_n\/'><img loading=\"lazy\" decoding=\"async\" width=\"150\" height=\"150\" src=\"http:\/\/sp.uchanie.pl\/wp-content\/uploads\/2025\/06\/496514217_1886249508834244_4878062327996918526_n-150x150.jpg\" class=\"attachment-thumbnail size-thumbnail\" alt=\"\" srcset=\"http:\/\/sp.uchanie.pl\/wp-content\/uploads\/2025\/06\/496514217_1886249508834244_4878062327996918526_n-150x150.jpg 150w, http:\/\/sp.uchanie.pl\/wp-content\/uploads\/2025\/06\/496514217_1886249508834244_4878062327996918526_n-180x180.jpg 180w, http:\/\/sp.uchanie.pl\/wp-content\/uploads\/2025\/06\/496514217_1886249508834244_4878062327996918526_n-60x60.jpg 60w\" sizes=\"auto, (max-width: 150px) 100vw, 150px\" \/><\/a>\n\t\t\t<\/dt><\/dl><dl class='gallery-item'>\n\t\t\t<dt class='gallery-icon landscape'>\n\t\t\t\t<a href='http:\/\/sp.uchanie.pl\/index.php\/2025\/06\/06\/wycieczka-do-lublina-pelna-wrazen-podroz-najmlodszych-uczniow\/49e9da6e-d373-4f6b-839a-3ccc708d363d-1\/'><img loading=\"lazy\" decoding=\"async\" width=\"150\" height=\"150\" src=\"http:\/\/sp.uchanie.pl\/wp-content\/uploads\/2025\/06\/49e9da6e-d373-4f6b-839a-3ccc708d363d-1-150x150.jpg\" class=\"attachment-thumbnail size-thumbnail\" alt=\"\" srcset=\"http:\/\/sp.uchanie.pl\/wp-content\/uploads\/2025\/06\/49e9da6e-d373-4f6b-839a-3ccc708d363d-1-150x150.jpg 150w, http:\/\/sp.uchanie.pl\/wp-content\/uploads\/2025\/06\/49e9da6e-d373-4f6b-839a-3ccc708d363d-1-180x180.jpg 180w, http:\/\/sp.uchanie.pl\/wp-content\/uploads\/2025\/06\/49e9da6e-d373-4f6b-839a-3ccc708d363d-1-60x60.jpg 60w\" sizes=\"auto, (max-width: 150px) 100vw, 150px\" \/><\/a>\n\t\t\t<\/dt><\/dl><dl class='gallery-item'>\n\t\t\t<dt class='gallery-icon landscape'>\n\t\t\t\t<a href='http:\/\/sp.uchanie.pl\/index.php\/2025\/06\/06\/wycieczka-do-lublina-pelna-wrazen-podroz-najmlodszych-uczniow\/49e9da6e-d373-4f6b-839a-3ccc708d363d\/'><img loading=\"lazy\" decoding=\"async\" width=\"150\" height=\"150\" src=\"http:\/\/sp.uchanie.pl\/wp-content\/uploads\/2025\/06\/49e9da6e-d373-4f6b-839a-3ccc708d363d-150x150.jpg\" class=\"attachment-thumbnail size-thumbnail\" alt=\"\" srcset=\"http:\/\/sp.uchanie.pl\/wp-content\/uploads\/2025\/06\/49e9da6e-d373-4f6b-839a-3ccc708d363d-150x150.jpg 150w, http:\/\/sp.uchanie.pl\/wp-content\/uploads\/2025\/06\/49e9da6e-d373-4f6b-839a-3ccc708d363d-180x180.jpg 180w, http:\/\/sp.uchanie.pl\/wp-content\/uploads\/2025\/06\/49e9da6e-d373-4f6b-839a-3ccc708d363d-60x60.jpg 60w\" sizes=\"auto, (max-width: 150px) 100vw, 150px\" \/><\/a>\n\t\t\t<\/dt><\/dl><br style=\"clear: both\" \/><dl class='gallery-item'>\n\t\t\t<dt class='gallery-icon landscape'>\n\t\t\t\t<a href='http:\/\/sp.uchanie.pl\/index.php\/2025\/06\/06\/wycieczka-do-lublina-pelna-wrazen-podroz-najmlodszych-uczniow\/50650cf7-db34-4b9e-b0bc-ffd473ae87ec\/'><img loading=\"lazy\" decoding=\"async\" width=\"150\" height=\"150\" src=\"http:\/\/sp.uchanie.pl\/wp-content\/uploads\/2025\/06\/50650cf7-db34-4b9e-b0bc-ffd473ae87ec-150x150.jpg\" class=\"attachment-thumbnail size-thumbnail\" alt=\"\" srcset=\"http:\/\/sp.uchanie.pl\/wp-content\/uploads\/2025\/06\/50650cf7-db34-4b9e-b0bc-ffd473ae87ec-150x150.jpg 150w, http:\/\/sp.uchanie.pl\/wp-content\/uploads\/2025\/06\/50650cf7-db34-4b9e-b0bc-ffd473ae87ec-180x180.jpg 180w, http:\/\/sp.uchanie.pl\/wp-content\/uploads\/2025\/06\/50650cf7-db34-4b9e-b0bc-ffd473ae87ec-60x60.jpg 60w\" sizes=\"auto, (max-width: 150px) 100vw, 150px\" \/><\/a>\n\t\t\t<\/dt><\/dl><dl class='gallery-item'>\n\t\t\t<dt class='gallery-icon portrait'>\n\t\t\t\t<a href='http:\/\/sp.uchanie.pl\/index.php\/2025\/06\/06\/wycieczka-do-lublina-pelna-wrazen-podroz-najmlodszych-uczniow\/60632642-413d-46ce-a680-80fb9b5b2e57\/'><img loading=\"lazy\" decoding=\"async\" width=\"150\" height=\"150\" src=\"http:\/\/sp.uchanie.pl\/wp-content\/uploads\/2025\/06\/60632642-413d-46ce-a680-80fb9b5b2e57-150x150.jpg\" class=\"attachment-thumbnail size-thumbnail\" alt=\"\" srcset=\"http:\/\/sp.uchanie.pl\/wp-content\/uploads\/2025\/06\/60632642-413d-46ce-a680-80fb9b5b2e57-150x150.jpg 150w, http:\/\/sp.uchanie.pl\/wp-content\/uploads\/2025\/06\/60632642-413d-46ce-a680-80fb9b5b2e57-180x180.jpg 180w, http:\/\/sp.uchanie.pl\/wp-content\/uploads\/2025\/06\/60632642-413d-46ce-a680-80fb9b5b2e57-60x60.jpg 60w\" sizes=\"auto, (max-width: 150px) 100vw, 150px\" \/><\/a>\n\t\t\t<\/dt><\/dl><dl class='gallery-item'>\n\t\t\t<dt class='gallery-icon landscape'>\n\t\t\t\t<a href='http:\/\/sp.uchanie.pl\/index.php\/2025\/06\/06\/wycieczka-do-lublina-pelna-wrazen-podroz-najmlodszych-uczniow\/1b64b5c4-c359-476b-8d53-7c266e8c3805\/'><img loading=\"lazy\" decoding=\"async\" width=\"150\" height=\"150\" src=\"http:\/\/sp.uchanie.pl\/wp-content\/uploads\/2025\/06\/1b64b5c4-c359-476b-8d53-7c266e8c3805-150x150.jpg\" class=\"attachment-thumbnail size-thumbnail\" alt=\"\" srcset=\"http:\/\/sp.uchanie.pl\/wp-content\/uploads\/2025\/06\/1b64b5c4-c359-476b-8d53-7c266e8c3805-150x150.jpg 150w, http:\/\/sp.uchanie.pl\/wp-content\/uploads\/2025\/06\/1b64b5c4-c359-476b-8d53-7c266e8c3805-180x180.jpg 180w, http:\/\/sp.uchanie.pl\/wp-content\/uploads\/2025\/06\/1b64b5c4-c359-476b-8d53-7c266e8c3805-60x60.jpg 60w\" sizes=\"auto, (max-width: 150px) 100vw, 150px\" \/><\/a>\n\t\t\t<\/dt><\/dl><br style=\"clear: both\" \/><dl class='gallery-item'>\n\t\t\t<dt class='gallery-icon landscape'>\n\t\t\t\t<a href='http:\/\/sp.uchanie.pl\/index.php\/2025\/06\/06\/wycieczka-do-lublina-pelna-wrazen-podroz-najmlodszych-uczniow\/ad0917e3-bf06-4fea-b2fd-e0aec887eee3\/'><img loading=\"lazy\" decoding=\"async\" width=\"150\" height=\"150\" src=\"http:\/\/sp.uchanie.pl\/wp-content\/uploads\/2025\/06\/ad0917e3-bf06-4fea-b2fd-e0aec887eee3-150x150.jpg\" class=\"attachment-thumbnail size-thumbnail\" alt=\"\" srcset=\"http:\/\/sp.uchanie.pl\/wp-content\/uploads\/2025\/06\/ad0917e3-bf06-4fea-b2fd-e0aec887eee3-150x150.jpg 150w, http:\/\/sp.uchanie.pl\/wp-content\/uploads\/2025\/06\/ad0917e3-bf06-4fea-b2fd-e0aec887eee3-180x180.jpg 180w, http:\/\/sp.uchanie.pl\/wp-content\/uploads\/2025\/06\/ad0917e3-bf06-4fea-b2fd-e0aec887eee3-60x60.jpg 60w\" sizes=\"auto, (max-width: 150px) 100vw, 150px\" \/><\/a>\n\t\t\t<\/dt><\/dl><dl class='gallery-item'>\n\t\t\t<dt class='gallery-icon landscape'>\n\t\t\t\t<a href='http:\/\/sp.uchanie.pl\/index.php\/2025\/06\/06\/wycieczka-do-lublina-pelna-wrazen-podroz-najmlodszych-uczniow\/ecf587c9-2343-4579-8b0a-3a5852df7a19\/'><img loading=\"lazy\" decoding=\"async\" width=\"150\" height=\"150\" src=\"http:\/\/sp.uchanie.pl\/wp-content\/uploads\/2025\/06\/ecf587c9-2343-4579-8b0a-3a5852df7a19-150x150.jpg\" class=\"attachment-thumbnail size-thumbnail\" alt=\"\" srcset=\"http:\/\/sp.uchanie.pl\/wp-content\/uploads\/2025\/06\/ecf587c9-2343-4579-8b0a-3a5852df7a19-150x150.jpg 150w, http:\/\/sp.uchanie.pl\/wp-content\/uploads\/2025\/06\/ecf587c9-2343-4579-8b0a-3a5852df7a19-180x180.jpg 180w, http:\/\/sp.uchanie.pl\/wp-content\/uploads\/2025\/06\/ecf587c9-2343-4579-8b0a-3a5852df7a19-60x60.jpg 60w\" sizes=\"auto, (max-width: 150px) 100vw, 150px\" \/><\/a>\n\t\t\t<\/dt><\/dl>\n\t\t\t<br style='clear: both' \/>\n\t\t<\/div>\n\n","protected":false},"excerpt":{"rendered":"<p>Dzi\u015b nasi najm\u0142odsi uczniowie \u2013 dzieci z oddzia\u0142u pi\u0119cio- i sze\u015bciolatk\u00f3w oraz uczniowie klas I\u2013III \u2013 wyruszyli na pe\u0142n\u0105 atrakcji wycieczk\u0119 do Lublina. Pierwszym punktem programu by\u0142o zwiedzanie siedziby lubelskiego&#8230; <a href=\"http:\/\/sp.uchanie.pl\/index.php\/2025\/06\/06\/wycieczka-do-lublina-pelna-wrazen-podroz-najmlodszych-uczniow\/\">Read more &raquo;<\/a><\/p>\n","protected":false},"author":9,"featured_media":22821,"comment_status":"closed","ping_status":"closed","sticky":false,"template":"","format":"standard","meta":{"footnotes":""},"categories":[6],"tags":[],"class_list":["post-22814","post","type-post","status-publish","format-standard","has-post-thumbnail","hentry","category-aktualnoci"],"_links":{"self":[{"href":"http:\/\/sp.uchanie.pl\/index.php\/wp-json\/wp\/v2\/posts\/22814","targetHints":{"allow":["GET"]}}],"collection":[{"href":"http:\/\/sp.uchanie.pl\/index.php\/wp-json\/wp\/v2\/posts"}],"about":[{"href":"http:\/\/sp.uchanie.pl\/index.php\/wp-json\/wp\/v2\/types\/post"}],"author":[{"embeddable":true,"href":"http:\/\/sp.uchanie.pl\/index.php\/wp-json\/wp\/v2\/users\/9"}],"replies":[{"embeddable":true,"href":"http:\/\/sp.uchanie.pl\/index.php\/wp-json\/wp\/v2\/comments?post=22814"}],"version-history":[{"count":1,"href":"http:\/\/sp.uchanie.pl\/index.php\/wp-json\/wp\/v2\/posts\/22814\/revisions"}],"predecessor-version":[{"id":22829,"href":"http:\/\/sp.uchanie.pl\/index.php\/wp-json\/wp\/v2\/posts\/22814\/revisions\/22829"}],"wp:featuredmedia":[{"embeddable":true,"href":"http:\/\/sp.uchanie.pl\/index.php\/wp-json\/wp\/v2\/media\/22821"}],"wp:attachment":[{"href":"http:\/\/sp.uchanie.pl\/index.php\/wp-json\/wp\/v2\/media?parent=22814"}],"wp:term":[{"taxonomy":"category","embeddable":true,"href":"http:\/\/sp.uchanie.pl\/index.php\/wp-json\/wp\/v2\/categories?post=22814"},{"taxonomy":"post_tag","embeddable":true,"href":"http:\/\/sp.uchanie.pl\/index.php\/wp-json\/wp\/v2\/tags?post=22814"}],"curies":[{"name":"wp","href":"https:\/\/api.w.org\/{rel}","templated":true}]}}