{"id":2230,"date":"2019-10-31T21:01:15","date_gmt":"2019-10-31T20:01:15","guid":{"rendered":"http:\/\/79.190.195.46\/?p=2230"},"modified":"2019-10-31T21:07:33","modified_gmt":"2019-10-31T20:07:33","slug":"akcja-bialo-czerwony-znicz","status":"publish","type":"post","link":"http:\/\/sp.uchanie.pl\/index.php\/2019\/10\/31\/akcja-bialo-czerwony-znicz\/","title":{"rendered":"Akcja \u201eBia\u0142o &#8211; Czerwony Znicz\u201d"},"content":{"rendered":"<p><span style=\"font-family: Times New Roman, serif;\"><span style=\"font-size: medium;\">Uczniowie naszej szko\u0142y dzia\u0142aj\u0105cy w Dru\u017cynie Harcerskiej, wolontariusze ze Szkolnego Ko\u0142a Wolontariatu oraz dzieci z oddzia\u0142\u00f3w przedszkolnych w ramach \u201eMisiowego Wolontariatu\u201d zaanga\u017cowali si\u0119 w zbi\u00f3rk\u0119 bia\u0142o-czerwonych zniczy z przeznaczeniem na miejsca pami\u0119ci usytuowane na terenie Gminy Uchanie podczas uroczysto\u015bci patriotyczno \u2013 religijnych.<\/span><\/span><!--more--><\/p>\n<p><span style=\"font-family: Times New Roman, serif;\"><span style=\"font-size: medium;\">Zbi\u00f3rka trwa\u0142a od 3 do 25 pa\u017adziernika 2019r. i cieszy\u0142a si\u0119 du\u017cym zainteresowaniem w\u015br\u00f3d naszych uczni\u00f3w.<\/span><\/span><\/p>\n<p><span style=\"font-family: Times New Roman, serif;\"><span style=\"font-size: medium;\">Zapalone znicze s\u0105 znakiem naszej pami\u0119ci o zmar\u0142ych.<\/span><\/span><\/p>\n<p>Dzi\u0119kujemy Rodzicom, Opiekunom, Uczniom oraz Nauczycielom za w\u0142\u0105czenie si\u0119 do akcji \u201eBia\u0142o-Czerwony Znicz&#8221;.<\/p>\n<p style=\"text-align: left;\" align=\"right\"><span style=\"font-family: Times New Roman, serif;\"><span style=\"font-size: medium;\">Koordynator akcji szkolnej Marta Tryniecka \u2013 pedagog szkolny<\/span><\/span><\/p>\n<p align=\"right\">Tekst opracowa\u0142a:<\/p>\n<p align=\"right\">Marta Tryniecka<\/p>\n\n\t\t<style type=\"text\/css\">\n\t\t\t#gallery-1 {\n\t\t\t\tmargin: auto;\n\t\t\t}\n\t\t\t#gallery-1 .gallery-item {\n\t\t\t\tfloat: left;\n\t\t\t\tmargin-top: 10px;\n\t\t\t\ttext-align: center;\n\t\t\t\twidth: 33%;\n\t\t\t}\n\t\t\t#gallery-1 img {\n\t\t\t\tborder: 2px solid #cfcfcf;\n\t\t\t}\n\t\t\t#gallery-1 .gallery-caption {\n\t\t\t\tmargin-left: 0;\n\t\t\t}\n\t\t\t\/* see gallery_shortcode() in wp-includes\/media.php *\/\n\t\t<\/style>\n\t\t<div id='gallery-1' class='gallery galleryid-2230 gallery-columns-3 gallery-size-thumbnail'><dl class='gallery-item'>\n\t\t\t<dt class='gallery-icon landscape'>\n\t\t\t\t<a href='http:\/\/sp.uchanie.pl\/index.php\/2019\/10\/31\/akcja-bialo-czerwony-znicz\/zbiorka_zniczy19_1\/'><img loading=\"lazy\" decoding=\"async\" width=\"150\" height=\"150\" src=\"http:\/\/sp.uchanie.pl\/wp-content\/uploads\/2019\/10\/zbio\u0301rka_zniczy19_1-150x150.jpg\" class=\"attachment-thumbnail size-thumbnail\" alt=\"\" \/><\/a>\n\t\t\t<\/dt><\/dl><dl class='gallery-item'>\n\t\t\t<dt class='gallery-icon landscape'>\n\t\t\t\t<a href='http:\/\/sp.uchanie.pl\/index.php\/2019\/10\/31\/akcja-bialo-czerwony-znicz\/zbiorka_zniczy19_2\/'><img loading=\"lazy\" decoding=\"async\" width=\"150\" height=\"150\" src=\"http:\/\/sp.uchanie.pl\/wp-content\/uploads\/2019\/10\/zbio\u0301rka_zniczy19_2-150x150.jpg\" class=\"attachment-thumbnail size-thumbnail\" alt=\"\" \/><\/a>\n\t\t\t<\/dt><\/dl><dl class='gallery-item'>\n\t\t\t<dt class='gallery-icon landscape'>\n\t\t\t\t<a href='http:\/\/sp.uchanie.pl\/index.php\/2019\/10\/31\/akcja-bialo-czerwony-znicz\/zbiorka_zniczy19_3\/'><img loading=\"lazy\" decoding=\"async\" width=\"150\" height=\"150\" src=\"http:\/\/sp.uchanie.pl\/wp-content\/uploads\/2019\/10\/zbio\u0301rka_zniczy19_3-150x150.jpg\" class=\"attachment-thumbnail size-thumbnail\" alt=\"\" \/><\/a>\n\t\t\t<\/dt><\/dl><br style=\"clear: both\" \/>\n\t\t<\/div>\n\n","protected":false},"excerpt":{"rendered":"<p>Uczniowie naszej szko\u0142y dzia\u0142aj\u0105cy w Dru\u017cynie Harcerskiej, wolontariusze ze Szkolnego Ko\u0142a Wolontariatu oraz dzieci z oddzia\u0142\u00f3w przedszkolnych w ramach \u201eMisiowego Wolontariatu\u201d zaanga\u017cowali si\u0119 w zbi\u00f3rk\u0119 bia\u0142o-czerwonych zniczy z przeznaczeniem na&#8230; <a href=\"http:\/\/sp.uchanie.pl\/index.php\/2019\/10\/31\/akcja-bialo-czerwony-znicz\/\">Read more &raquo;<\/a><\/p>\n","protected":false},"author":1,"featured_media":2233,"comment_status":"closed","ping_status":"closed","sticky":false,"template":"","format":"standard","meta":{"footnotes":""},"categories":[6],"tags":[],"class_list":["post-2230","post","type-post","status-publish","format-standard","has-post-thumbnail","hentry","category-aktualnoci"],"_links":{"self":[{"href":"http:\/\/sp.uchanie.pl\/index.php\/wp-json\/wp\/v2\/posts\/2230","targetHints":{"allow":["GET"]}}],"collection":[{"href":"http:\/\/sp.uchanie.pl\/index.php\/wp-json\/wp\/v2\/posts"}],"about":[{"href":"http:\/\/sp.uchanie.pl\/index.php\/wp-json\/wp\/v2\/types\/post"}],"author":[{"embeddable":true,"href":"http:\/\/sp.uchanie.pl\/index.php\/wp-json\/wp\/v2\/users\/1"}],"replies":[{"embeddable":true,"href":"http:\/\/sp.uchanie.pl\/index.php\/wp-json\/wp\/v2\/comments?post=2230"}],"version-history":[{"count":3,"href":"http:\/\/sp.uchanie.pl\/index.php\/wp-json\/wp\/v2\/posts\/2230\/revisions"}],"predecessor-version":[{"id":2236,"href":"http:\/\/sp.uchanie.pl\/index.php\/wp-json\/wp\/v2\/posts\/2230\/revisions\/2236"}],"wp:featuredmedia":[{"embeddable":true,"href":"http:\/\/sp.uchanie.pl\/index.php\/wp-json\/wp\/v2\/media\/2233"}],"wp:attachment":[{"href":"http:\/\/sp.uchanie.pl\/index.php\/wp-json\/wp\/v2\/media?parent=2230"}],"wp:term":[{"taxonomy":"category","embeddable":true,"href":"http:\/\/sp.uchanie.pl\/index.php\/wp-json\/wp\/v2\/categories?post=2230"},{"taxonomy":"post_tag","embeddable":true,"href":"http:\/\/sp.uchanie.pl\/index.php\/wp-json\/wp\/v2\/tags?post=2230"}],"curies":[{"name":"wp","href":"https:\/\/api.w.org\/{rel}","templated":true}]}}