{"id":220,"date":"2013-10-13T19:45:18","date_gmt":"2013-10-13T17:45:18","guid":{"rendered":"http:\/\/192.168.1.2\/index.php\/2013\/10\/13\/dzie-edukacji-narodowej-2013\/"},"modified":"2013-10-13T19:45:18","modified_gmt":"2013-10-13T17:45:18","slug":"dzie-edukacji-narodowej-2013","status":"publish","type":"post","link":"http:\/\/sp.uchanie.pl\/index.php\/2013\/10\/13\/dzie-edukacji-narodowej-2013\/","title":{"rendered":"Dzie\u0144 Edukacji Narodowej 2013"},"content":{"rendered":"<p><em><strong>Dzie\u0144 Edukacji Narodowej, obchodzony jest co roku przez oko\u0142o 650 tysi\u0119cy  nauczycieli, pedagog\u00f3w i wychowawc\u00f3w. Dzie\u0144 ustanowiony zosta\u0142 w 1972  roku \u2013 data 14 pa\u017adziernika upami\u0119tnia powstanie Komisji Edukacji  Narodowej w 1773 roku. Jest powszechnie obchodzony we wszystkich  instytucjach zwi\u0105zanych z o\u015bwiat\u0105 \u2013 zw\u0142aszcza w szko\u0142ach. W dow\u00f3d  wdzi\u0119czno\u015bci za trud w\u0142o\u017cony w nauczanie pedagodzy obdarowywani s\u0105  kwiatami i drobnymi upominkami.  To r\u00f3wnie\u017c okazja do wyr\u00f3\u017cnienia  najbardziej zas\u0142u\u017conych pracownik\u00f3w \u2013 tego dnia Minister Edukacji  Narodowej wr\u0119cza nauczycielom Krzy\u017ce Zas\u0142ugi, medale oraz nagrody za  osi\u0105gni\u0119cia dydaktyczno-wychowawcze.<\/p>\n<p><span style=\"color: #000000;\">Redakcja witryny \u017cyczy Wam<\/span> &#8211; nauczycielom oraz wszystkim, kt\u00f3rzy zwi\u0105zani s\u0105 z edukacj\u0105:<\/strong><\/em><\/p>\n<p><span style=\"font-size: small;\"><strong><span style=\"color: #000080;\">Wszystkiego najlepszego i zdrowia du\u017cego.<br \/>By\u015bcie uczyli  d\u0142ugie lata i lubili ka\u017cdego ma\u0142olata. <br \/>My Was lubimy, przyja\u017ani\u0105 da\u017cymy i  wielkiego szcz\u0119\u015bcia \u017cyczymy. <br \/>Gdy w szkole przebywacie jest tak jak  ju\u017c dobrze znacie!<\/span><\/strong><\/span><\/p>\n","protected":false},"excerpt":{"rendered":"<p>Dzie\u0144 Edukacji Narodowej, obchodzony jest co roku przez oko\u0142o 650 tysi\u0119cy nauczycieli, pedagog\u00f3w i wychowawc\u00f3w. Dzie\u0144 ustanowiony zosta\u0142 w 1972 roku \u2013 data 14 pa\u017adziernika upami\u0119tnia powstanie Komisji Edukacji Narodowej&#8230; <a href=\"http:\/\/sp.uchanie.pl\/index.php\/2013\/10\/13\/dzie-edukacji-narodowej-2013\/\">Read more &raquo;<\/a><\/p>\n","protected":false},"author":1,"featured_media":0,"comment_status":"closed","ping_status":"open","sticky":false,"template":"","format":"standard","meta":{"footnotes":""},"categories":[6],"tags":[],"class_list":["post-220","post","type-post","status-publish","format-standard","hentry","category-aktualnoci"],"_links":{"self":[{"href":"http:\/\/sp.uchanie.pl\/index.php\/wp-json\/wp\/v2\/posts\/220","targetHints":{"allow":["GET"]}}],"collection":[{"href":"http:\/\/sp.uchanie.pl\/index.php\/wp-json\/wp\/v2\/posts"}],"about":[{"href":"http:\/\/sp.uchanie.pl\/index.php\/wp-json\/wp\/v2\/types\/post"}],"author":[{"embeddable":true,"href":"http:\/\/sp.uchanie.pl\/index.php\/wp-json\/wp\/v2\/users\/1"}],"replies":[{"embeddable":true,"href":"http:\/\/sp.uchanie.pl\/index.php\/wp-json\/wp\/v2\/comments?post=220"}],"version-history":[{"count":0,"href":"http:\/\/sp.uchanie.pl\/index.php\/wp-json\/wp\/v2\/posts\/220\/revisions"}],"wp:attachment":[{"href":"http:\/\/sp.uchanie.pl\/index.php\/wp-json\/wp\/v2\/media?parent=220"}],"wp:term":[{"taxonomy":"category","embeddable":true,"href":"http:\/\/sp.uchanie.pl\/index.php\/wp-json\/wp\/v2\/categories?post=220"},{"taxonomy":"post_tag","embeddable":true,"href":"http:\/\/sp.uchanie.pl\/index.php\/wp-json\/wp\/v2\/tags?post=220"}],"curies":[{"name":"wp","href":"https:\/\/api.w.org\/{rel}","templated":true}]}}