{"id":2135,"date":"2019-10-21T17:42:01","date_gmt":"2019-10-21T15:42:01","guid":{"rendered":"http:\/\/79.190.195.46\/?p=2135"},"modified":"2019-10-21T17:42:54","modified_gmt":"2019-10-21T15:42:54","slug":"jak-paciorki-rozanca","status":"publish","type":"post","link":"http:\/\/sp.uchanie.pl\/index.php\/2019\/10\/21\/jak-paciorki-rozanca\/","title":{"rendered":"Jak paciorki r\u00f3\u017ca\u0144ca &#8230;"},"content":{"rendered":"<p class=\"p1\"><span class=\"s1\">Pa\u017adziernik jest miesi\u0105cem modlitwy r\u00f3\u017ca\u0144cowej. To pi\u0119kna modlitwa, w kt\u00f3rej rozwa\u017camy wydarzenia z \u017cycia <\/span><span class=\"s1\">Pana Jezusa i Jego Matki Maryi. Uczniowie z pomoc\u0105 rodzic\u00f3w zrobili pi\u0119kne r\u00f3\u017cance, kt\u00f3re s\u0105 dekoracj\u0105 <\/span><span class=\"s1\">w naszym ko\u015bciele. R\u00f3\u017ca\u0144ce te wykonali uczniowie z kl I: Maja Emerla, Gabriela Garbacz, Lena Jonaszek, <\/span><span class=\"s1\">Arkadiusz Kaziuk, Martyna Lackowska, Mi\u0142osz Mazur, Patrycja Mech, Iga Rosi\u0144ska, Maciej Szczasiuk, <\/span><span class=\"s1\">Patrycja Rosi\u0144ska, Laura W\u0142odarczyk, Oliwier Mech, Patryk Wr\u00f3blewski, Alan Pitus, Hubert Mech, <\/span><span class=\"s1\">Magdalena Chadaj, Bart\u0142omiej Chmielewski, Patrycja Ja\u0144czuk, z kl II: Amelia Wawryszczuk, Milena\u00a0<\/span><span class=\"s1\">Ko\u0142tun i z kl VI A: Amelia \u0106wikli\u0144ska, Roksana Kulik i Amelia Szybkowska.<\/span><!--more--><\/p>\n<p><img loading=\"lazy\" decoding=\"async\" class=\" wp-image-2136 aligncenter\" src=\"http:\/\/79.190.195.46\/wp-content\/uploads\/2019\/10\/ro\u0301z\u0307aniec19_1-300x225.jpg\" alt=\"\" width=\"404\" height=\"303\" srcset=\"http:\/\/sp.uchanie.pl\/wp-content\/uploads\/2019\/10\/ro\u0301z\u0307aniec19_1-300x225.jpg 300w, http:\/\/sp.uchanie.pl\/wp-content\/uploads\/2019\/10\/ro\u0301z\u0307aniec19_1.jpg 555w\" sizes=\"auto, (max-width: 404px) 100vw, 404px\" \/><\/p>\n<p style=\"text-align: center;\"><img loading=\"lazy\" decoding=\"async\" class=\"alignnone wp-image-2137\" src=\"http:\/\/79.190.195.46\/wp-content\/uploads\/2019\/10\/ro\u0301z\u0307aniec19_2-300x225.jpg\" alt=\"\" width=\"403\" height=\"302\" srcset=\"http:\/\/sp.uchanie.pl\/wp-content\/uploads\/2019\/10\/ro\u0301z\u0307aniec19_2-300x225.jpg 300w, http:\/\/sp.uchanie.pl\/wp-content\/uploads\/2019\/10\/ro\u0301z\u0307aniec19_2.jpg 555w\" sizes=\"auto, (max-width: 403px) 100vw, 403px\" \/><\/p>\n<p style=\"text-align: center;\"><img loading=\"lazy\" decoding=\"async\" class=\"alignnone wp-image-2138\" src=\"http:\/\/79.190.195.46\/wp-content\/uploads\/2019\/10\/ro\u0301z\u0307aniec19_3-225x300.jpg\" alt=\"\" width=\"288\" height=\"384\" srcset=\"http:\/\/sp.uchanie.pl\/wp-content\/uploads\/2019\/10\/ro\u0301z\u0307aniec19_3-225x300.jpg 225w, http:\/\/sp.uchanie.pl\/wp-content\/uploads\/2019\/10\/ro\u0301z\u0307aniec19_3.jpg 416w\" sizes=\"auto, (max-width: 288px) 100vw, 288px\" \/><\/p>\n<hr \/>\n<p>&nbsp;<\/p>\n","protected":false},"excerpt":{"rendered":"<p>Pa\u017adziernik jest miesi\u0105cem modlitwy r\u00f3\u017ca\u0144cowej. To pi\u0119kna modlitwa, w kt\u00f3rej rozwa\u017camy wydarzenia z \u017cycia Pana Jezusa i Jego Matki Maryi. Uczniowie z pomoc\u0105 rodzic\u00f3w zrobili pi\u0119kne r\u00f3\u017cance, kt\u00f3re s\u0105 dekoracj\u0105&#8230; <a href=\"http:\/\/sp.uchanie.pl\/index.php\/2019\/10\/21\/jak-paciorki-rozanca\/\">Read more &raquo;<\/a><\/p>\n","protected":false},"author":1,"featured_media":2137,"comment_status":"closed","ping_status":"closed","sticky":false,"template":"","format":"standard","meta":{"footnotes":""},"categories":[6],"tags":[],"class_list":["post-2135","post","type-post","status-publish","format-standard","has-post-thumbnail","hentry","category-aktualnoci"],"_links":{"self":[{"href":"http:\/\/sp.uchanie.pl\/index.php\/wp-json\/wp\/v2\/posts\/2135","targetHints":{"allow":["GET"]}}],"collection":[{"href":"http:\/\/sp.uchanie.pl\/index.php\/wp-json\/wp\/v2\/posts"}],"about":[{"href":"http:\/\/sp.uchanie.pl\/index.php\/wp-json\/wp\/v2\/types\/post"}],"author":[{"embeddable":true,"href":"http:\/\/sp.uchanie.pl\/index.php\/wp-json\/wp\/v2\/users\/1"}],"replies":[{"embeddable":true,"href":"http:\/\/sp.uchanie.pl\/index.php\/wp-json\/wp\/v2\/comments?post=2135"}],"version-history":[{"count":1,"href":"http:\/\/sp.uchanie.pl\/index.php\/wp-json\/wp\/v2\/posts\/2135\/revisions"}],"predecessor-version":[{"id":2139,"href":"http:\/\/sp.uchanie.pl\/index.php\/wp-json\/wp\/v2\/posts\/2135\/revisions\/2139"}],"wp:featuredmedia":[{"embeddable":true,"href":"http:\/\/sp.uchanie.pl\/index.php\/wp-json\/wp\/v2\/media\/2137"}],"wp:attachment":[{"href":"http:\/\/sp.uchanie.pl\/index.php\/wp-json\/wp\/v2\/media?parent=2135"}],"wp:term":[{"taxonomy":"category","embeddable":true,"href":"http:\/\/sp.uchanie.pl\/index.php\/wp-json\/wp\/v2\/categories?post=2135"},{"taxonomy":"post_tag","embeddable":true,"href":"http:\/\/sp.uchanie.pl\/index.php\/wp-json\/wp\/v2\/tags?post=2135"}],"curies":[{"name":"wp","href":"https:\/\/api.w.org\/{rel}","templated":true}]}}