{"id":204,"date":"2013-05-26T11:40:24","date_gmt":"2013-05-26T09:40:24","guid":{"rendered":"http:\/\/192.168.1.2\/index.php\/2013\/05\/26\/dzie-marchewki-w-przedszkolu\/"},"modified":"2013-05-26T11:40:24","modified_gmt":"2013-05-26T09:40:24","slug":"dzie-marchewki-w-przedszkolu","status":"publish","type":"post","link":"http:\/\/sp.uchanie.pl\/index.php\/2013\/05\/26\/dzie-marchewki-w-przedszkolu\/","title":{"rendered":"Dzie\u0144 Marchewki w Przedszkolu"},"content":{"rendered":"<\/p>\n<p style=\"text-align: center;\"><img loading=\"lazy\" decoding=\"async\" class=\" size-full wp-image-202\" src=\"http:\/\/192.168.1.2\/wp-content\/uploads\/2013\/05\/kubus.png\" border=\"0\" alt=\"Dzie\u0144 Marchewki z Kubusiem\" title=\"Dzie\u0144 Marchewki z Kubusiem\" width=\"281\" height=\"104\" srcset=\"http:\/\/sp.uchanie.pl\/wp-content\/uploads\/2013\/05\/kubus.png 815w, http:\/\/sp.uchanie.pl\/wp-content\/uploads\/2013\/05\/kubus-300x111.png 300w, http:\/\/sp.uchanie.pl\/wp-content\/uploads\/2013\/05\/kubus-768x285.png 768w\" sizes=\"auto, (max-width: 281px) 100vw, 281px\" \/><\/p>\n<p> <!--  \/* Font Definitions *\/ @font-face \t{font-family:Calibri; \tpanose-1:2 15 5 2 2 2 4 3 2 4; \tmso-font-charset:0; \tmso-generic-font-family:auto; \tmso-font-pitch:variable; \tmso-font-signature:3 0 0 0 1 0;}  \/* Style Definitions *\/ p.MsoNormal, li.MsoNormal, div.MsoNormal \t{mso-style-unhide:no; \tmso-style-qformat:yes; \tmso-style-parent:\"\"; \tmargin-top:0cm; \tmargin-right:0cm; \tmargin-bottom:10.0pt; \tmargin-left:0cm; \tline-height:115%; \tmso-pagination:widow-orphan; \tfont-size:11.0pt; \tfont-family:Calibri; \tmso-ascii-font-family:Calibri; \tmso-ascii-theme-font:minor-latin; \tmso-fareast-font-family:Calibri; \tmso-fareast-theme-font:minor-latin; \tmso-hansi-font-family:Calibri; \tmso-hansi-theme-font:minor-latin; \tmso-bidi-font-family:\"Times New Roman\"; \tmso-bidi-theme-font:minor-bidi; \tmso-ansi-language:PL; \tmso-fareast-language:EN-US;} p \t{mso-style-noshow:yes; \tmso-style-priority:99; \tmso-margin-top-alt:auto; \tmargin-right:0cm; \tmso-margin-bottom-alt:auto; \tmargin-left:0cm; \tmso-pagination:widow-orphan; \tfont-size:12.0pt; \tfont-family:\"Times New Roman\"; \tmso-fareast-font-family:\"Times New Roman\"; \tmso-bidi-font-family:\"Times New Roman\"; \tmso-ansi-language:PL;} .MsoChpDefault \t{mso-style-type:export-only; \tmso-default-props:yes; \tfont-size:11.0pt; \tmso-ansi-font-size:11.0pt; \tmso-bidi-font-size:11.0pt; \tfont-family:Calibri; \tmso-ascii-font-family:Calibri; \tmso-ascii-theme-font:minor-latin; \tmso-fareast-font-family:Calibri; \tmso-fareast-theme-font:minor-latin; \tmso-hansi-font-family:Calibri; \tmso-hansi-theme-font:minor-latin; \tmso-bidi-font-family:\"Times New Roman\"; \tmso-bidi-theme-font:minor-bidi; \tmso-ansi-language:PL; \tmso-fareast-language:EN-US;} .MsoPapDefault \t{mso-style-type:export-only; \tmargin-bottom:10.0pt; \tline-height:115%;} @page WordSection1 \t{size:612.0pt 792.0pt; \tmargin:70.85pt 70.85pt 70.85pt 70.85pt; \tmso-header-margin:35.4pt; \tmso-footer-margin:35.4pt; \tmso-paper-source:0;} div.WordSection1 \t{page:WordSection1;} --> <\/p>\n<p><span lang=\"PL\">W tym dniu dzieci z oddzia\u0142\u00f3w przedszkolnych mia\u0142y akcent na ubraniach w kolorze pomara\u0144czowym. Zaj\u0119cia mia\u0142y na celu zwr\u00f3ci\u0107 uwag\u0119, \u017ce ro\u015bliny stanowi\u0105 \u017ar\u00f3d\u0142o pokarmu; rozwija\u0107 w dzieciach potrzeb\u0119 spo\u017cywania surowych warzyw i owoc\u00f3w; zwr\u00f3ci\u0107 uwag\u0119 na konieczno\u015b\u0107 mycia warzyw i owoc\u00f3w przed spo\u017cyciem. Z przyniesionych marchewek, wykonali\u015bmy kukie\u0142ki oraz by\u0142y uk\u0142adane kompozycje z marchewki pokrojonej w plasterki, paseczki, etc.   <!--more-->  Zwie\u0144czeniem zaj\u0119\u0107 by\u0142a degustacja marchewkowego soku oraz ciasteczek marchewkowych przygotowanych przez dzieci na zaj\u0119ciach. <em>Zdj\u0119cia w naszej galerii!!! <\/em><\/span><\/p>\n<p style=\"text-align:right\" align=\"right\"><span lang=\"PL\">Katarzyna Blicharz<\/span><\/p>\n<p style=\"text-align: center;\"><span lang=\"PL\"><img loading=\"lazy\" decoding=\"async\" class=\" size-full wp-image-203\" src=\"http:\/\/192.168.1.2\/wp-content\/uploads\/2013\/05\/dzienmarchewki2013_art.jpg\" border=\"0\" alt=\"Dzie\u0144 Marchewki\" title=\"Dzie\u0144 Marchewki\" width=\"442\" height=\"331\" srcset=\"http:\/\/sp.uchanie.pl\/wp-content\/uploads\/2013\/05\/dzienmarchewki2013_art.jpg 800w, http:\/\/sp.uchanie.pl\/wp-content\/uploads\/2013\/05\/dzienmarchewki2013_art-300x225.jpg 300w, http:\/\/sp.uchanie.pl\/wp-content\/uploads\/2013\/05\/dzienmarchewki2013_art-768x576.jpg 768w\" sizes=\"auto, (max-width: 442px) 100vw, 442px\" \/><br \/><\/span><\/p>\n","protected":false},"excerpt":{"rendered":"<p>W tym dniu dzieci z oddzia\u0142\u00f3w przedszkolnych mia\u0142y akcent na ubraniach w kolorze pomara\u0144czowym. Zaj\u0119cia mia\u0142y na celu zwr\u00f3ci\u0107 uwag\u0119, \u017ce ro\u015bliny stanowi\u0105 \u017ar\u00f3d\u0142o pokarmu; rozwija\u0107 w dzieciach potrzeb\u0119 spo\u017cywania&#8230; <a href=\"http:\/\/sp.uchanie.pl\/index.php\/2013\/05\/26\/dzie-marchewki-w-przedszkolu\/\">Read more &raquo;<\/a><\/p>\n","protected":false},"author":1,"featured_media":202,"comment_status":"closed","ping_status":"open","sticky":false,"template":"","format":"standard","meta":{"footnotes":""},"categories":[6],"tags":[],"class_list":["post-204","post","type-post","status-publish","format-standard","has-post-thumbnail","hentry","category-aktualnoci"],"_links":{"self":[{"href":"http:\/\/sp.uchanie.pl\/index.php\/wp-json\/wp\/v2\/posts\/204","targetHints":{"allow":["GET"]}}],"collection":[{"href":"http:\/\/sp.uchanie.pl\/index.php\/wp-json\/wp\/v2\/posts"}],"about":[{"href":"http:\/\/sp.uchanie.pl\/index.php\/wp-json\/wp\/v2\/types\/post"}],"author":[{"embeddable":true,"href":"http:\/\/sp.uchanie.pl\/index.php\/wp-json\/wp\/v2\/users\/1"}],"replies":[{"embeddable":true,"href":"http:\/\/sp.uchanie.pl\/index.php\/wp-json\/wp\/v2\/comments?post=204"}],"version-history":[{"count":0,"href":"http:\/\/sp.uchanie.pl\/index.php\/wp-json\/wp\/v2\/posts\/204\/revisions"}],"wp:featuredmedia":[{"embeddable":true,"href":"http:\/\/sp.uchanie.pl\/index.php\/wp-json\/wp\/v2\/media\/202"}],"wp:attachment":[{"href":"http:\/\/sp.uchanie.pl\/index.php\/wp-json\/wp\/v2\/media?parent=204"}],"wp:term":[{"taxonomy":"category","embeddable":true,"href":"http:\/\/sp.uchanie.pl\/index.php\/wp-json\/wp\/v2\/categories?post=204"},{"taxonomy":"post_tag","embeddable":true,"href":"http:\/\/sp.uchanie.pl\/index.php\/wp-json\/wp\/v2\/tags?post=204"}],"curies":[{"name":"wp","href":"https:\/\/api.w.org\/{rel}","templated":true}]}}