{"id":20363,"date":"2024-11-13T18:59:59","date_gmt":"2024-11-13T17:59:59","guid":{"rendered":"http:\/\/192.168.40.27\/?p=20363"},"modified":"2024-11-13T18:59:59","modified_gmt":"2024-11-13T17:59:59","slug":"szkola-do-hymnu","status":"publish","type":"post","link":"http:\/\/sp.uchanie.pl\/index.php\/2024\/11\/13\/szkola-do-hymnu\/","title":{"rendered":"Szko\u0142a do hymnu"},"content":{"rendered":"<p>Dnia 8 listopada o godzinie 11.11 ca\u0142a szko\u0142a przyst\u0105pi\u0142a do akcji Ministerstwa Edukacji Narodowej &#8222;Szko\u0142a do hymnu&#8221;. Uczniowie zebrani na g\u00f3rnym korytarzu wsp\u00f3lnie od\u015bpiewali Hymn Polski.<\/p>\n\n\t\t<style type=\"text\/css\">\n\t\t\t#gallery-1 {\n\t\t\t\tmargin: auto;\n\t\t\t}\n\t\t\t#gallery-1 .gallery-item {\n\t\t\t\tfloat: left;\n\t\t\t\tmargin-top: 10px;\n\t\t\t\ttext-align: center;\n\t\t\t\twidth: 33%;\n\t\t\t}\n\t\t\t#gallery-1 img {\n\t\t\t\tborder: 2px solid #cfcfcf;\n\t\t\t}\n\t\t\t#gallery-1 .gallery-caption {\n\t\t\t\tmargin-left: 0;\n\t\t\t}\n\t\t\t\/* see gallery_shortcode() in wp-includes\/media.php *\/\n\t\t<\/style>\n\t\t<div id='gallery-1' class='gallery galleryid-20363 gallery-columns-3 gallery-size-thumbnail'><dl class='gallery-item'>\n\t\t\t<dt class='gallery-icon landscape'>\n\t\t\t\t<a href='http:\/\/sp.uchanie.pl\/index.php\/2024\/11\/13\/szkola-do-hymnu\/szkdoh24_1\/'><img loading=\"lazy\" decoding=\"async\" width=\"150\" height=\"150\" src=\"http:\/\/sp.uchanie.pl\/wp-content\/uploads\/2024\/11\/SzkdoH24_1-150x150.jpeg\" class=\"attachment-thumbnail size-thumbnail\" alt=\"\" srcset=\"http:\/\/sp.uchanie.pl\/wp-content\/uploads\/2024\/11\/SzkdoH24_1-150x150.jpeg 150w, http:\/\/sp.uchanie.pl\/wp-content\/uploads\/2024\/11\/SzkdoH24_1-180x180.jpeg 180w, http:\/\/sp.uchanie.pl\/wp-content\/uploads\/2024\/11\/SzkdoH24_1-60x60.jpeg 60w\" sizes=\"auto, (max-width: 150px) 100vw, 150px\" \/><\/a>\n\t\t\t<\/dt><\/dl><dl class='gallery-item'>\n\t\t\t<dt class='gallery-icon landscape'>\n\t\t\t\t<a href='http:\/\/sp.uchanie.pl\/index.php\/2024\/11\/13\/szkola-do-hymnu\/szkdoh24_2\/'><img loading=\"lazy\" decoding=\"async\" width=\"150\" height=\"150\" src=\"http:\/\/sp.uchanie.pl\/wp-content\/uploads\/2024\/11\/SzkdoH24_2-150x150.jpeg\" class=\"attachment-thumbnail size-thumbnail\" alt=\"\" srcset=\"http:\/\/sp.uchanie.pl\/wp-content\/uploads\/2024\/11\/SzkdoH24_2-150x150.jpeg 150w, http:\/\/sp.uchanie.pl\/wp-content\/uploads\/2024\/11\/SzkdoH24_2-180x180.jpeg 180w, http:\/\/sp.uchanie.pl\/wp-content\/uploads\/2024\/11\/SzkdoH24_2-60x60.jpeg 60w\" sizes=\"auto, (max-width: 150px) 100vw, 150px\" \/><\/a>\n\t\t\t<\/dt><\/dl><dl class='gallery-item'>\n\t\t\t<dt class='gallery-icon portrait'>\n\t\t\t\t<a href='http:\/\/sp.uchanie.pl\/index.php\/2024\/11\/13\/szkola-do-hymnu\/szkdoh24_3\/'><img loading=\"lazy\" decoding=\"async\" width=\"150\" height=\"150\" src=\"http:\/\/sp.uchanie.pl\/wp-content\/uploads\/2024\/11\/SzkdoH24_3-150x150.jpeg\" class=\"attachment-thumbnail size-thumbnail\" alt=\"\" srcset=\"http:\/\/sp.uchanie.pl\/wp-content\/uploads\/2024\/11\/SzkdoH24_3-150x150.jpeg 150w, http:\/\/sp.uchanie.pl\/wp-content\/uploads\/2024\/11\/SzkdoH24_3-180x180.jpeg 180w, http:\/\/sp.uchanie.pl\/wp-content\/uploads\/2024\/11\/SzkdoH24_3-60x60.jpeg 60w\" sizes=\"auto, (max-width: 150px) 100vw, 150px\" \/><\/a>\n\t\t\t<\/dt><\/dl><br style=\"clear: both\" \/><dl class='gallery-item'>\n\t\t\t<dt class='gallery-icon landscape'>\n\t\t\t\t<a href='http:\/\/sp.uchanie.pl\/index.php\/2024\/11\/13\/szkola-do-hymnu\/szkdoh24_4\/'><img loading=\"lazy\" decoding=\"async\" width=\"150\" height=\"150\" src=\"http:\/\/sp.uchanie.pl\/wp-content\/uploads\/2024\/11\/SzkdoH24_4-150x150.jpeg\" class=\"attachment-thumbnail size-thumbnail\" alt=\"\" srcset=\"http:\/\/sp.uchanie.pl\/wp-content\/uploads\/2024\/11\/SzkdoH24_4-150x150.jpeg 150w, http:\/\/sp.uchanie.pl\/wp-content\/uploads\/2024\/11\/SzkdoH24_4-180x180.jpeg 180w, http:\/\/sp.uchanie.pl\/wp-content\/uploads\/2024\/11\/SzkdoH24_4-60x60.jpeg 60w\" sizes=\"auto, (max-width: 150px) 100vw, 150px\" \/><\/a>\n\t\t\t<\/dt><\/dl>\n\t\t\t<br style='clear: both' \/>\n\t\t<\/div>\n\n","protected":false},"excerpt":{"rendered":"<p>Dnia 8 listopada o godzinie 11.11 ca\u0142a szko\u0142a przyst\u0105pi\u0142a do akcji Ministerstwa Edukacji Narodowej &#8222;Szko\u0142a do hymnu&#8221;. Uczniowie zebrani na g\u00f3rnym korytarzu wsp\u00f3lnie od\u015bpiewali Hymn Polski.<\/p>\n","protected":false},"author":1,"featured_media":20364,"comment_status":"closed","ping_status":"closed","sticky":false,"template":"","format":"standard","meta":{"footnotes":""},"categories":[6],"tags":[],"class_list":["post-20363","post","type-post","status-publish","format-standard","has-post-thumbnail","hentry","category-aktualnoci"],"_links":{"self":[{"href":"http:\/\/sp.uchanie.pl\/index.php\/wp-json\/wp\/v2\/posts\/20363","targetHints":{"allow":["GET"]}}],"collection":[{"href":"http:\/\/sp.uchanie.pl\/index.php\/wp-json\/wp\/v2\/posts"}],"about":[{"href":"http:\/\/sp.uchanie.pl\/index.php\/wp-json\/wp\/v2\/types\/post"}],"author":[{"embeddable":true,"href":"http:\/\/sp.uchanie.pl\/index.php\/wp-json\/wp\/v2\/users\/1"}],"replies":[{"embeddable":true,"href":"http:\/\/sp.uchanie.pl\/index.php\/wp-json\/wp\/v2\/comments?post=20363"}],"version-history":[{"count":1,"href":"http:\/\/sp.uchanie.pl\/index.php\/wp-json\/wp\/v2\/posts\/20363\/revisions"}],"predecessor-version":[{"id":20368,"href":"http:\/\/sp.uchanie.pl\/index.php\/wp-json\/wp\/v2\/posts\/20363\/revisions\/20368"}],"wp:featuredmedia":[{"embeddable":true,"href":"http:\/\/sp.uchanie.pl\/index.php\/wp-json\/wp\/v2\/media\/20364"}],"wp:attachment":[{"href":"http:\/\/sp.uchanie.pl\/index.php\/wp-json\/wp\/v2\/media?parent=20363"}],"wp:term":[{"taxonomy":"category","embeddable":true,"href":"http:\/\/sp.uchanie.pl\/index.php\/wp-json\/wp\/v2\/categories?post=20363"},{"taxonomy":"post_tag","embeddable":true,"href":"http:\/\/sp.uchanie.pl\/index.php\/wp-json\/wp\/v2\/tags?post=20363"}],"curies":[{"name":"wp","href":"https:\/\/api.w.org\/{rel}","templated":true}]}}