{"id":201,"date":"2013-05-14T06:23:24","date_gmt":"2013-05-14T04:23:24","guid":{"rendered":"http:\/\/192.168.1.2\/index.php\/2013\/05\/14\/obchody-patrona-szkoy-w-gimnazjum\/"},"modified":"2013-05-14T06:23:24","modified_gmt":"2013-05-14T04:23:24","slug":"obchody-patrona-szkoy-w-gimnazjum","status":"publish","type":"post","link":"http:\/\/sp.uchanie.pl\/index.php\/2013\/05\/14\/obchody-patrona-szkoy-w-gimnazjum\/","title":{"rendered":"Uroczysto\u015bci Staszicowskie w Jaros\u0142awcu"},"content":{"rendered":"<p><span style=\"font-size: small;\">Uroczysto\u015bci Staszicowskie oraz Obchody \u015awi\u0119ta Patrona Gimnazjum rozpocz\u0119\u0142y si\u0119 dnia 5. 05. 2013r. W kaplicy w  Jaros\u0142awcu odby\u0142a si\u0119 uroczysta msza \u015bw. odprawiona przez ks. proboszcza  Kazimierza Stelmaszczuka. Przed msz\u0105 uczniowie gimnazjum wyst\u0105pili w  kr\u00f3tkim monta\u017cu s\u0142owno &#8211; muzycznym przygotowanym przez Panie Jolant\u0119  Tarnawsk\u0105 i Marzen\u0119 Strycharczuk. Po mszy \u015bw. mieszka\u0144cy wsi Jaros\u0142awiec oraz zaproszeni go\u015bcie udali si\u0119 pod pomnik upami\u0119tniaj\u0105cy ks. Stanis\u0142awa Staszica aby z\u0142o\u017cy\u0107 wie\u0144ce. Poczet Sztandarowy reprezentowali: Julia O\u017c\u00f3g, Natalia Szybkowska, Paula Szpunar oraz Damian Mojak. Opiekunami Pocztu Sztandarowego byli Panowie Romuald Nowak i Mariusz Zarek. <\/span><\/p>\n<\/p>\n<p>  <!--more-->  <\/p>\n<p style=\"text-align: center;\"><img loading=\"lazy\" decoding=\"async\" class=\" size-full wp-image-197\" src=\"http:\/\/192.168.1.2\/wp-content\/uploads\/2013\/05\/staszic2013j_5.jpg\" border=\"0\" alt=\"Obchody Dnia Patrona Gimnazjum\" title=\"Obchody Dnia Patrona Gimnazjum\" width=\"486\" height=\"364\" srcset=\"http:\/\/sp.uchanie.pl\/wp-content\/uploads\/2013\/05\/staszic2013j_5.jpg 800w, http:\/\/sp.uchanie.pl\/wp-content\/uploads\/2013\/05\/staszic2013j_5-300x225.jpg 300w, http:\/\/sp.uchanie.pl\/wp-content\/uploads\/2013\/05\/staszic2013j_5-768x576.jpg 768w\" sizes=\"auto, (max-width: 486px) 100vw, 486px\" \/><\/p>\n<p style=\"text-align: center;\"><img loading=\"lazy\" decoding=\"async\" class=\" size-full wp-image-198\" src=\"http:\/\/192.168.1.2\/wp-content\/uploads\/2013\/05\/staszic2013j_13.jpg\" border=\"0\" alt=\"Obchody Dnia Patrona Gimnazjum\" title=\"Obchody Dnia Patrona Gimnazjum\" width=\"486\" height=\"362\" \/><\/p>\n<p style=\"text-align: center;\"><img loading=\"lazy\" decoding=\"async\" class=\" size-full wp-image-199\" src=\"http:\/\/192.168.1.2\/wp-content\/uploads\/2013\/05\/staszic2013j_19.jpg\" border=\"0\" alt=\"Obchody Dnia Patrona Gimnazjum\" title=\"Obchody Dnia Patrona Gimnazjum\" width=\"387\" height=\"516\" srcset=\"http:\/\/sp.uchanie.pl\/wp-content\/uploads\/2013\/05\/staszic2013j_19.jpg 600w, http:\/\/sp.uchanie.pl\/wp-content\/uploads\/2013\/05\/staszic2013j_19-225x300.jpg 225w\" sizes=\"auto, (max-width: 387px) 100vw, 387px\" \/><\/p>\n<p style=\"text-align: center;\"><img loading=\"lazy\" decoding=\"async\" class=\" size-full wp-image-200\" src=\"http:\/\/192.168.1.2\/wp-content\/uploads\/2013\/05\/staszic2013j_16.jpg\" border=\"0\" alt=\"Obchody Dnia Patrona Gimnazjum\" title=\"Obchody Dnia Patrona Gimnazjum\" width=\"388\" height=\"518\" srcset=\"http:\/\/sp.uchanie.pl\/wp-content\/uploads\/2013\/05\/staszic2013j_16.jpg 600w, http:\/\/sp.uchanie.pl\/wp-content\/uploads\/2013\/05\/staszic2013j_16-225x300.jpg 225w\" sizes=\"auto, (max-width: 388px) 100vw, 388px\" \/><\/p>\n<p style=\"text-align: center;\">\n<hr \/>\n","protected":false},"excerpt":{"rendered":"<p>Uroczysto\u015bci Staszicowskie oraz Obchody \u015awi\u0119ta Patrona Gimnazjum rozpocz\u0119\u0142y si\u0119 dnia 5. 05. 2013r. W kaplicy w Jaros\u0142awcu odby\u0142a si\u0119 uroczysta msza \u015bw. odprawiona przez ks. proboszcza Kazimierza Stelmaszczuka. Przed msz\u0105&#8230; <a href=\"http:\/\/sp.uchanie.pl\/index.php\/2013\/05\/14\/obchody-patrona-szkoy-w-gimnazjum\/\">Read more &raquo;<\/a><\/p>\n","protected":false},"author":1,"featured_media":197,"comment_status":"closed","ping_status":"open","sticky":false,"template":"","format":"standard","meta":{"footnotes":""},"categories":[6],"tags":[],"class_list":["post-201","post","type-post","status-publish","format-standard","has-post-thumbnail","hentry","category-aktualnoci"],"_links":{"self":[{"href":"http:\/\/sp.uchanie.pl\/index.php\/wp-json\/wp\/v2\/posts\/201","targetHints":{"allow":["GET"]}}],"collection":[{"href":"http:\/\/sp.uchanie.pl\/index.php\/wp-json\/wp\/v2\/posts"}],"about":[{"href":"http:\/\/sp.uchanie.pl\/index.php\/wp-json\/wp\/v2\/types\/post"}],"author":[{"embeddable":true,"href":"http:\/\/sp.uchanie.pl\/index.php\/wp-json\/wp\/v2\/users\/1"}],"replies":[{"embeddable":true,"href":"http:\/\/sp.uchanie.pl\/index.php\/wp-json\/wp\/v2\/comments?post=201"}],"version-history":[{"count":0,"href":"http:\/\/sp.uchanie.pl\/index.php\/wp-json\/wp\/v2\/posts\/201\/revisions"}],"wp:featuredmedia":[{"embeddable":true,"href":"http:\/\/sp.uchanie.pl\/index.php\/wp-json\/wp\/v2\/media\/197"}],"wp:attachment":[{"href":"http:\/\/sp.uchanie.pl\/index.php\/wp-json\/wp\/v2\/media?parent=201"}],"wp:term":[{"taxonomy":"category","embeddable":true,"href":"http:\/\/sp.uchanie.pl\/index.php\/wp-json\/wp\/v2\/categories?post=201"},{"taxonomy":"post_tag","embeddable":true,"href":"http:\/\/sp.uchanie.pl\/index.php\/wp-json\/wp\/v2\/tags?post=201"}],"curies":[{"name":"wp","href":"https:\/\/api.w.org\/{rel}","templated":true}]}}