{"id":18886,"date":"2024-05-24T15:00:35","date_gmt":"2024-05-24T13:00:35","guid":{"rendered":"http:\/\/192.168.40.27\/?p=18886"},"modified":"2024-05-28T18:28:08","modified_gmt":"2024-05-28T16:28:08","slug":"dzien-patrona-szkoly-w-grupach-przedszkolnych","status":"publish","type":"post","link":"http:\/\/sp.uchanie.pl\/index.php\/2024\/05\/24\/dzien-patrona-szkoly-w-grupach-przedszkolnych\/","title":{"rendered":"Dzie\u0144 Patrona Szko\u0142y w grupach przedszkolnych"},"content":{"rendered":"<p class=\"p1\">&#8222;Dzie\u0144 Papieski na sportowo&#8221; pod takim has\u0142em obchodzili\u015bmy w tym roku Dzie\u0144 Patrona Szko\u0142y. W grupach przedszkolnych ten wyj\u0105tkowy dzie\u0144 up\u0142yn\u0105\u0142 pod znakiem zawod\u00f3w sportowych oraz ciekawych konkurencji tematycznie zwi\u0105zanych ze \u015bw. Janem Paw\u0142em II.<br \/>\nPodczas zawod\u00f3w w zbijaniu pacho\u0142k\u00f3w g\u0142\u00f3wnym zadaniem przedszkolak\u00f3w by\u0142o odkodowanie has\u0142a ukrytego pod pacho\u0142kami, a tak\u017ce u\u0142o\u017cenie flagi papieskiej. Nast\u0119pnie dzieci musia\u0142y odszuka\u0107 i po\u0142\u0105czy\u0107 w pary karty obrazkowe z symbolami papieskimi oraz elementami r\u00f3\u017cnych aktywno\u015bci sportowych tak ch\u0119tnie uprawianych przez Papie\u017ca.<br \/>\nNa zako\u0144czenie przedszkolaki obejrza\u0142y film edukacyjny i wykona\u0142y prac\u0119 plastyczn\u0105 dla \u015bw. Jana Paw\u0142a II.<\/p>\n\n\t\t<style type=\"text\/css\">\n\t\t\t#gallery-1 {\n\t\t\t\tmargin: auto;\n\t\t\t}\n\t\t\t#gallery-1 .gallery-item {\n\t\t\t\tfloat: left;\n\t\t\t\tmargin-top: 10px;\n\t\t\t\ttext-align: center;\n\t\t\t\twidth: 33%;\n\t\t\t}\n\t\t\t#gallery-1 img {\n\t\t\t\tborder: 2px solid #cfcfcf;\n\t\t\t}\n\t\t\t#gallery-1 .gallery-caption {\n\t\t\t\tmargin-left: 0;\n\t\t\t}\n\t\t\t\/* see gallery_shortcode() in wp-includes\/media.php *\/\n\t\t<\/style>\n\t\t<div id='gallery-1' class='gallery galleryid-18886 gallery-columns-3 gallery-size-thumbnail'><dl class='gallery-item'>\n\t\t\t<dt class='gallery-icon portrait'>\n\t\t\t\t<a href='http:\/\/sp.uchanie.pl\/index.php\/2024\/05\/24\/dzien-patrona-szkoly-w-grupach-przedszkolnych\/swszkolp24_1\/'><img loading=\"lazy\" decoding=\"async\" width=\"150\" height=\"150\" src=\"http:\/\/sp.uchanie.pl\/wp-content\/uploads\/2024\/05\/SwSzkolP24_1-150x150.jpg\" class=\"attachment-thumbnail size-thumbnail\" alt=\"\" srcset=\"http:\/\/sp.uchanie.pl\/wp-content\/uploads\/2024\/05\/SwSzkolP24_1-150x150.jpg 150w, http:\/\/sp.uchanie.pl\/wp-content\/uploads\/2024\/05\/SwSzkolP24_1-180x180.jpg 180w, http:\/\/sp.uchanie.pl\/wp-content\/uploads\/2024\/05\/SwSzkolP24_1-60x60.jpg 60w\" sizes=\"auto, (max-width: 150px) 100vw, 150px\" \/><\/a>\n\t\t\t<\/dt><\/dl><dl class='gallery-item'>\n\t\t\t<dt class='gallery-icon portrait'>\n\t\t\t\t<a href='http:\/\/sp.uchanie.pl\/index.php\/2024\/05\/24\/dzien-patrona-szkoly-w-grupach-przedszkolnych\/swszkolp24_2\/'><img loading=\"lazy\" decoding=\"async\" width=\"150\" height=\"150\" src=\"http:\/\/sp.uchanie.pl\/wp-content\/uploads\/2024\/05\/SwSzkolP24_2-150x150.jpg\" class=\"attachment-thumbnail size-thumbnail\" alt=\"\" srcset=\"http:\/\/sp.uchanie.pl\/wp-content\/uploads\/2024\/05\/SwSzkolP24_2-150x150.jpg 150w, http:\/\/sp.uchanie.pl\/wp-content\/uploads\/2024\/05\/SwSzkolP24_2-180x180.jpg 180w, http:\/\/sp.uchanie.pl\/wp-content\/uploads\/2024\/05\/SwSzkolP24_2-60x60.jpg 60w\" sizes=\"auto, (max-width: 150px) 100vw, 150px\" \/><\/a>\n\t\t\t<\/dt><\/dl><dl class='gallery-item'>\n\t\t\t<dt class='gallery-icon portrait'>\n\t\t\t\t<a href='http:\/\/sp.uchanie.pl\/index.php\/2024\/05\/24\/dzien-patrona-szkoly-w-grupach-przedszkolnych\/swszkolp24_3\/'><img loading=\"lazy\" decoding=\"async\" width=\"150\" height=\"150\" src=\"http:\/\/sp.uchanie.pl\/wp-content\/uploads\/2024\/05\/SwSzkolP24_3-150x150.jpg\" class=\"attachment-thumbnail size-thumbnail\" alt=\"\" srcset=\"http:\/\/sp.uchanie.pl\/wp-content\/uploads\/2024\/05\/SwSzkolP24_3-150x150.jpg 150w, http:\/\/sp.uchanie.pl\/wp-content\/uploads\/2024\/05\/SwSzkolP24_3-180x180.jpg 180w, http:\/\/sp.uchanie.pl\/wp-content\/uploads\/2024\/05\/SwSzkolP24_3-60x60.jpg 60w\" sizes=\"auto, (max-width: 150px) 100vw, 150px\" \/><\/a>\n\t\t\t<\/dt><\/dl><br style=\"clear: both\" \/><dl class='gallery-item'>\n\t\t\t<dt class='gallery-icon portrait'>\n\t\t\t\t<a href='http:\/\/sp.uchanie.pl\/index.php\/2024\/05\/24\/dzien-patrona-szkoly-w-grupach-przedszkolnych\/swszkolp24_4\/'><img loading=\"lazy\" decoding=\"async\" width=\"150\" height=\"150\" src=\"http:\/\/sp.uchanie.pl\/wp-content\/uploads\/2024\/05\/SwSzkolP24_4-150x150.jpg\" class=\"attachment-thumbnail size-thumbnail\" alt=\"\" srcset=\"http:\/\/sp.uchanie.pl\/wp-content\/uploads\/2024\/05\/SwSzkolP24_4-150x150.jpg 150w, http:\/\/sp.uchanie.pl\/wp-content\/uploads\/2024\/05\/SwSzkolP24_4-180x180.jpg 180w, http:\/\/sp.uchanie.pl\/wp-content\/uploads\/2024\/05\/SwSzkolP24_4-60x60.jpg 60w\" sizes=\"auto, (max-width: 150px) 100vw, 150px\" \/><\/a>\n\t\t\t<\/dt><\/dl><dl class='gallery-item'>\n\t\t\t<dt class='gallery-icon portrait'>\n\t\t\t\t<a href='http:\/\/sp.uchanie.pl\/index.php\/2024\/05\/24\/dzien-patrona-szkoly-w-grupach-przedszkolnych\/swszkolp24_6\/'><img loading=\"lazy\" decoding=\"async\" width=\"150\" height=\"150\" src=\"http:\/\/sp.uchanie.pl\/wp-content\/uploads\/2024\/05\/SwSzkolP24_6-150x150.jpg\" class=\"attachment-thumbnail size-thumbnail\" alt=\"\" srcset=\"http:\/\/sp.uchanie.pl\/wp-content\/uploads\/2024\/05\/SwSzkolP24_6-150x150.jpg 150w, http:\/\/sp.uchanie.pl\/wp-content\/uploads\/2024\/05\/SwSzkolP24_6-180x180.jpg 180w, http:\/\/sp.uchanie.pl\/wp-content\/uploads\/2024\/05\/SwSzkolP24_6-60x60.jpg 60w\" sizes=\"auto, (max-width: 150px) 100vw, 150px\" \/><\/a>\n\t\t\t<\/dt><\/dl><dl class='gallery-item'>\n\t\t\t<dt class='gallery-icon portrait'>\n\t\t\t\t<a href='http:\/\/sp.uchanie.pl\/index.php\/2024\/05\/24\/dzien-patrona-szkoly-w-grupach-przedszkolnych\/swszkolp24_7\/'><img loading=\"lazy\" decoding=\"async\" width=\"150\" height=\"150\" src=\"http:\/\/sp.uchanie.pl\/wp-content\/uploads\/2024\/05\/SwSzkolP24_7-150x150.jpg\" class=\"attachment-thumbnail size-thumbnail\" alt=\"\" srcset=\"http:\/\/sp.uchanie.pl\/wp-content\/uploads\/2024\/05\/SwSzkolP24_7-150x150.jpg 150w, http:\/\/sp.uchanie.pl\/wp-content\/uploads\/2024\/05\/SwSzkolP24_7-180x180.jpg 180w, http:\/\/sp.uchanie.pl\/wp-content\/uploads\/2024\/05\/SwSzkolP24_7-60x60.jpg 60w\" sizes=\"auto, (max-width: 150px) 100vw, 150px\" \/><\/a>\n\t\t\t<\/dt><\/dl><br style=\"clear: both\" \/><dl class='gallery-item'>\n\t\t\t<dt class='gallery-icon portrait'>\n\t\t\t\t<a href='http:\/\/sp.uchanie.pl\/index.php\/2024\/05\/24\/dzien-patrona-szkoly-w-grupach-przedszkolnych\/swszkolp24_8\/'><img loading=\"lazy\" decoding=\"async\" width=\"150\" height=\"150\" src=\"http:\/\/sp.uchanie.pl\/wp-content\/uploads\/2024\/05\/SwSzkolP24_8-150x150.jpg\" class=\"attachment-thumbnail size-thumbnail\" alt=\"\" srcset=\"http:\/\/sp.uchanie.pl\/wp-content\/uploads\/2024\/05\/SwSzkolP24_8-150x150.jpg 150w, http:\/\/sp.uchanie.pl\/wp-content\/uploads\/2024\/05\/SwSzkolP24_8-180x180.jpg 180w, http:\/\/sp.uchanie.pl\/wp-content\/uploads\/2024\/05\/SwSzkolP24_8-60x60.jpg 60w\" sizes=\"auto, (max-width: 150px) 100vw, 150px\" \/><\/a>\n\t\t\t<\/dt><\/dl><dl class='gallery-item'>\n\t\t\t<dt class='gallery-icon portrait'>\n\t\t\t\t<a href='http:\/\/sp.uchanie.pl\/index.php\/2024\/05\/24\/dzien-patrona-szkoly-w-grupach-przedszkolnych\/swszkolp24_9\/'><img loading=\"lazy\" decoding=\"async\" width=\"150\" height=\"150\" src=\"http:\/\/sp.uchanie.pl\/wp-content\/uploads\/2024\/05\/SwSzkolP24_9-150x150.jpg\" class=\"attachment-thumbnail size-thumbnail\" alt=\"\" srcset=\"http:\/\/sp.uchanie.pl\/wp-content\/uploads\/2024\/05\/SwSzkolP24_9-150x150.jpg 150w, http:\/\/sp.uchanie.pl\/wp-content\/uploads\/2024\/05\/SwSzkolP24_9-180x180.jpg 180w, http:\/\/sp.uchanie.pl\/wp-content\/uploads\/2024\/05\/SwSzkolP24_9-60x60.jpg 60w\" sizes=\"auto, (max-width: 150px) 100vw, 150px\" \/><\/a>\n\t\t\t<\/dt><\/dl><dl class='gallery-item'>\n\t\t\t<dt class='gallery-icon portrait'>\n\t\t\t\t<a href='http:\/\/sp.uchanie.pl\/index.php\/2024\/05\/24\/dzien-patrona-szkoly-w-grupach-przedszkolnych\/swszkolp24_11\/'><img loading=\"lazy\" decoding=\"async\" width=\"150\" height=\"150\" src=\"http:\/\/sp.uchanie.pl\/wp-content\/uploads\/2024\/05\/SwSzkolP24_11-150x150.jpg\" class=\"attachment-thumbnail size-thumbnail\" alt=\"\" srcset=\"http:\/\/sp.uchanie.pl\/wp-content\/uploads\/2024\/05\/SwSzkolP24_11-150x150.jpg 150w, http:\/\/sp.uchanie.pl\/wp-content\/uploads\/2024\/05\/SwSzkolP24_11-180x180.jpg 180w, http:\/\/sp.uchanie.pl\/wp-content\/uploads\/2024\/05\/SwSzkolP24_11-60x60.jpg 60w\" sizes=\"auto, (max-width: 150px) 100vw, 150px\" \/><\/a>\n\t\t\t<\/dt><\/dl><br style=\"clear: both\" \/><dl class='gallery-item'>\n\t\t\t<dt class='gallery-icon portrait'>\n\t\t\t\t<a href='http:\/\/sp.uchanie.pl\/index.php\/2024\/05\/24\/dzien-patrona-szkoly-w-grupach-przedszkolnych\/swszkolp24_12\/'><img loading=\"lazy\" decoding=\"async\" width=\"150\" height=\"150\" src=\"http:\/\/sp.uchanie.pl\/wp-content\/uploads\/2024\/05\/SwSzkolP24_12-150x150.jpg\" class=\"attachment-thumbnail size-thumbnail\" alt=\"\" srcset=\"http:\/\/sp.uchanie.pl\/wp-content\/uploads\/2024\/05\/SwSzkolP24_12-150x150.jpg 150w, http:\/\/sp.uchanie.pl\/wp-content\/uploads\/2024\/05\/SwSzkolP24_12-180x180.jpg 180w, http:\/\/sp.uchanie.pl\/wp-content\/uploads\/2024\/05\/SwSzkolP24_12-60x60.jpg 60w\" sizes=\"auto, (max-width: 150px) 100vw, 150px\" \/><\/a>\n\t\t\t<\/dt><\/dl><dl class='gallery-item'>\n\t\t\t<dt class='gallery-icon portrait'>\n\t\t\t\t<a href='http:\/\/sp.uchanie.pl\/index.php\/2024\/05\/24\/dzien-patrona-szkoly-w-grupach-przedszkolnych\/swszkolp24_13\/'><img loading=\"lazy\" decoding=\"async\" width=\"150\" height=\"150\" src=\"http:\/\/sp.uchanie.pl\/wp-content\/uploads\/2024\/05\/SwSzkolP24_13-150x150.jpg\" class=\"attachment-thumbnail size-thumbnail\" alt=\"\" srcset=\"http:\/\/sp.uchanie.pl\/wp-content\/uploads\/2024\/05\/SwSzkolP24_13-150x150.jpg 150w, http:\/\/sp.uchanie.pl\/wp-content\/uploads\/2024\/05\/SwSzkolP24_13-180x180.jpg 180w, http:\/\/sp.uchanie.pl\/wp-content\/uploads\/2024\/05\/SwSzkolP24_13-60x60.jpg 60w\" sizes=\"auto, (max-width: 150px) 100vw, 150px\" \/><\/a>\n\t\t\t<\/dt><\/dl><dl class='gallery-item'>\n\t\t\t<dt class='gallery-icon portrait'>\n\t\t\t\t<a href='http:\/\/sp.uchanie.pl\/index.php\/2024\/05\/24\/dzien-patrona-szkoly-w-grupach-przedszkolnych\/swszkolp24_14\/'><img loading=\"lazy\" decoding=\"async\" width=\"150\" height=\"150\" src=\"http:\/\/sp.uchanie.pl\/wp-content\/uploads\/2024\/05\/SwSzkolP24_14-150x150.jpg\" class=\"attachment-thumbnail size-thumbnail\" alt=\"\" srcset=\"http:\/\/sp.uchanie.pl\/wp-content\/uploads\/2024\/05\/SwSzkolP24_14-150x150.jpg 150w, http:\/\/sp.uchanie.pl\/wp-content\/uploads\/2024\/05\/SwSzkolP24_14-180x180.jpg 180w, http:\/\/sp.uchanie.pl\/wp-content\/uploads\/2024\/05\/SwSzkolP24_14-60x60.jpg 60w\" sizes=\"auto, (max-width: 150px) 100vw, 150px\" \/><\/a>\n\t\t\t<\/dt><\/dl><br style=\"clear: both\" \/><dl class='gallery-item'>\n\t\t\t<dt class='gallery-icon portrait'>\n\t\t\t\t<a href='http:\/\/sp.uchanie.pl\/index.php\/2024\/05\/24\/dzien-patrona-szkoly-w-grupach-przedszkolnych\/swszkolp24_16\/'><img loading=\"lazy\" decoding=\"async\" width=\"150\" height=\"150\" src=\"http:\/\/sp.uchanie.pl\/wp-content\/uploads\/2024\/05\/SwSzkolP24_16-150x150.jpg\" class=\"attachment-thumbnail size-thumbnail\" alt=\"\" srcset=\"http:\/\/sp.uchanie.pl\/wp-content\/uploads\/2024\/05\/SwSzkolP24_16-150x150.jpg 150w, http:\/\/sp.uchanie.pl\/wp-content\/uploads\/2024\/05\/SwSzkolP24_16-180x180.jpg 180w, http:\/\/sp.uchanie.pl\/wp-content\/uploads\/2024\/05\/SwSzkolP24_16-60x60.jpg 60w\" sizes=\"auto, (max-width: 150px) 100vw, 150px\" \/><\/a>\n\t\t\t<\/dt><\/dl><dl class='gallery-item'>\n\t\t\t<dt class='gallery-icon portrait'>\n\t\t\t\t<a href='http:\/\/sp.uchanie.pl\/index.php\/2024\/05\/24\/dzien-patrona-szkoly-w-grupach-przedszkolnych\/swszkolp24_17\/'><img loading=\"lazy\" decoding=\"async\" width=\"150\" height=\"150\" src=\"http:\/\/sp.uchanie.pl\/wp-content\/uploads\/2024\/05\/SwSzkolP24_17-150x150.jpg\" class=\"attachment-thumbnail size-thumbnail\" alt=\"\" srcset=\"http:\/\/sp.uchanie.pl\/wp-content\/uploads\/2024\/05\/SwSzkolP24_17-150x150.jpg 150w, http:\/\/sp.uchanie.pl\/wp-content\/uploads\/2024\/05\/SwSzkolP24_17-180x180.jpg 180w, http:\/\/sp.uchanie.pl\/wp-content\/uploads\/2024\/05\/SwSzkolP24_17-60x60.jpg 60w\" sizes=\"auto, (max-width: 150px) 100vw, 150px\" \/><\/a>\n\t\t\t<\/dt><\/dl><dl class='gallery-item'>\n\t\t\t<dt class='gallery-icon landscape'>\n\t\t\t\t<a href='http:\/\/sp.uchanie.pl\/index.php\/2024\/05\/24\/dzien-patrona-szkoly-w-grupach-przedszkolnych\/swszkolp24_18\/'><img loading=\"lazy\" decoding=\"async\" width=\"150\" height=\"150\" src=\"http:\/\/sp.uchanie.pl\/wp-content\/uploads\/2024\/05\/SwSzkolP24_18-150x150.jpg\" class=\"attachment-thumbnail size-thumbnail\" alt=\"\" srcset=\"http:\/\/sp.uchanie.pl\/wp-content\/uploads\/2024\/05\/SwSzkolP24_18-150x150.jpg 150w, http:\/\/sp.uchanie.pl\/wp-content\/uploads\/2024\/05\/SwSzkolP24_18-180x180.jpg 180w, http:\/\/sp.uchanie.pl\/wp-content\/uploads\/2024\/05\/SwSzkolP24_18-60x60.jpg 60w\" sizes=\"auto, (max-width: 150px) 100vw, 150px\" \/><\/a>\n\t\t\t<\/dt><\/dl><br style=\"clear: both\" \/><dl class='gallery-item'>\n\t\t\t<dt class='gallery-icon landscape'>\n\t\t\t\t<a href='http:\/\/sp.uchanie.pl\/index.php\/2024\/05\/24\/dzien-patrona-szkoly-w-grupach-przedszkolnych\/swszkolp24_19\/'><img loading=\"lazy\" decoding=\"async\" width=\"150\" height=\"150\" src=\"http:\/\/sp.uchanie.pl\/wp-content\/uploads\/2024\/05\/SwSzkolP24_19-150x150.jpg\" class=\"attachment-thumbnail size-thumbnail\" alt=\"\" srcset=\"http:\/\/sp.uchanie.pl\/wp-content\/uploads\/2024\/05\/SwSzkolP24_19-150x150.jpg 150w, http:\/\/sp.uchanie.pl\/wp-content\/uploads\/2024\/05\/SwSzkolP24_19-180x180.jpg 180w, http:\/\/sp.uchanie.pl\/wp-content\/uploads\/2024\/05\/SwSzkolP24_19-60x60.jpg 60w\" sizes=\"auto, (max-width: 150px) 100vw, 150px\" \/><\/a>\n\t\t\t<\/dt><\/dl><dl class='gallery-item'>\n\t\t\t<dt class='gallery-icon landscape'>\n\t\t\t\t<a href='http:\/\/sp.uchanie.pl\/index.php\/2024\/05\/24\/dzien-patrona-szkoly-w-grupach-przedszkolnych\/swszkolp24_21\/'><img loading=\"lazy\" decoding=\"async\" width=\"150\" height=\"150\" src=\"http:\/\/sp.uchanie.pl\/wp-content\/uploads\/2024\/05\/SwSzkolP24_21-150x150.jpg\" class=\"attachment-thumbnail size-thumbnail\" alt=\"\" srcset=\"http:\/\/sp.uchanie.pl\/wp-content\/uploads\/2024\/05\/SwSzkolP24_21-150x150.jpg 150w, http:\/\/sp.uchanie.pl\/wp-content\/uploads\/2024\/05\/SwSzkolP24_21-180x180.jpg 180w, http:\/\/sp.uchanie.pl\/wp-content\/uploads\/2024\/05\/SwSzkolP24_21-60x60.jpg 60w\" sizes=\"auto, (max-width: 150px) 100vw, 150px\" \/><\/a>\n\t\t\t<\/dt><\/dl><dl class='gallery-item'>\n\t\t\t<dt class='gallery-icon landscape'>\n\t\t\t\t<a href='http:\/\/sp.uchanie.pl\/index.php\/2024\/05\/24\/dzien-patrona-szkoly-w-grupach-przedszkolnych\/swszkolp24_22\/'><img loading=\"lazy\" decoding=\"async\" width=\"150\" height=\"150\" src=\"http:\/\/sp.uchanie.pl\/wp-content\/uploads\/2024\/05\/SwSzkolP24_22-150x150.jpg\" class=\"attachment-thumbnail size-thumbnail\" alt=\"\" srcset=\"http:\/\/sp.uchanie.pl\/wp-content\/uploads\/2024\/05\/SwSzkolP24_22-150x150.jpg 150w, http:\/\/sp.uchanie.pl\/wp-content\/uploads\/2024\/05\/SwSzkolP24_22-180x180.jpg 180w, http:\/\/sp.uchanie.pl\/wp-content\/uploads\/2024\/05\/SwSzkolP24_22-60x60.jpg 60w\" sizes=\"auto, (max-width: 150px) 100vw, 150px\" \/><\/a>\n\t\t\t<\/dt><\/dl><br style=\"clear: both\" \/><dl class='gallery-item'>\n\t\t\t<dt class='gallery-icon landscape'>\n\t\t\t\t<a href='http:\/\/sp.uchanie.pl\/index.php\/2024\/05\/24\/dzien-patrona-szkoly-w-grupach-przedszkolnych\/swszkolp24_23\/'><img loading=\"lazy\" decoding=\"async\" width=\"150\" height=\"150\" src=\"http:\/\/sp.uchanie.pl\/wp-content\/uploads\/2024\/05\/SwSzkolP24_23-150x150.jpg\" class=\"attachment-thumbnail size-thumbnail\" alt=\"\" srcset=\"http:\/\/sp.uchanie.pl\/wp-content\/uploads\/2024\/05\/SwSzkolP24_23-150x150.jpg 150w, http:\/\/sp.uchanie.pl\/wp-content\/uploads\/2024\/05\/SwSzkolP24_23-180x180.jpg 180w, http:\/\/sp.uchanie.pl\/wp-content\/uploads\/2024\/05\/SwSzkolP24_23-60x60.jpg 60w\" sizes=\"auto, (max-width: 150px) 100vw, 150px\" \/><\/a>\n\t\t\t<\/dt><\/dl><dl class='gallery-item'>\n\t\t\t<dt class='gallery-icon portrait'>\n\t\t\t\t<a href='http:\/\/sp.uchanie.pl\/index.php\/2024\/05\/24\/dzien-patrona-szkoly-w-grupach-przedszkolnych\/swszkolp24_24\/'><img loading=\"lazy\" decoding=\"async\" width=\"150\" height=\"150\" src=\"http:\/\/sp.uchanie.pl\/wp-content\/uploads\/2024\/05\/SwSzkolP24_24-150x150.jpg\" class=\"attachment-thumbnail size-thumbnail\" alt=\"\" srcset=\"http:\/\/sp.uchanie.pl\/wp-content\/uploads\/2024\/05\/SwSzkolP24_24-150x150.jpg 150w, http:\/\/sp.uchanie.pl\/wp-content\/uploads\/2024\/05\/SwSzkolP24_24-180x180.jpg 180w, http:\/\/sp.uchanie.pl\/wp-content\/uploads\/2024\/05\/SwSzkolP24_24-60x60.jpg 60w\" sizes=\"auto, (max-width: 150px) 100vw, 150px\" \/><\/a>\n\t\t\t<\/dt><\/dl><dl class='gallery-item'>\n\t\t\t<dt class='gallery-icon portrait'>\n\t\t\t\t<a href='http:\/\/sp.uchanie.pl\/index.php\/2024\/05\/24\/dzien-patrona-szkoly-w-grupach-przedszkolnych\/swszkolp24_26\/'><img loading=\"lazy\" decoding=\"async\" width=\"150\" height=\"150\" src=\"http:\/\/sp.uchanie.pl\/wp-content\/uploads\/2024\/05\/SwSzkolP24_26-150x150.jpg\" class=\"attachment-thumbnail size-thumbnail\" alt=\"\" srcset=\"http:\/\/sp.uchanie.pl\/wp-content\/uploads\/2024\/05\/SwSzkolP24_26-150x150.jpg 150w, http:\/\/sp.uchanie.pl\/wp-content\/uploads\/2024\/05\/SwSzkolP24_26-180x180.jpg 180w, http:\/\/sp.uchanie.pl\/wp-content\/uploads\/2024\/05\/SwSzkolP24_26-60x60.jpg 60w\" sizes=\"auto, (max-width: 150px) 100vw, 150px\" \/><\/a>\n\t\t\t<\/dt><\/dl><br style=\"clear: both\" \/><dl class='gallery-item'>\n\t\t\t<dt class='gallery-icon landscape'>\n\t\t\t\t<a href='http:\/\/sp.uchanie.pl\/index.php\/2024\/05\/24\/dzien-patrona-szkoly-w-grupach-przedszkolnych\/swszkolp24_27\/'><img loading=\"lazy\" decoding=\"async\" width=\"150\" height=\"150\" src=\"http:\/\/sp.uchanie.pl\/wp-content\/uploads\/2024\/05\/SwSzkolP24_27-150x150.jpg\" class=\"attachment-thumbnail size-thumbnail\" alt=\"\" srcset=\"http:\/\/sp.uchanie.pl\/wp-content\/uploads\/2024\/05\/SwSzkolP24_27-150x150.jpg 150w, http:\/\/sp.uchanie.pl\/wp-content\/uploads\/2024\/05\/SwSzkolP24_27-180x180.jpg 180w, http:\/\/sp.uchanie.pl\/wp-content\/uploads\/2024\/05\/SwSzkolP24_27-60x60.jpg 60w\" sizes=\"auto, (max-width: 150px) 100vw, 150px\" \/><\/a>\n\t\t\t<\/dt><\/dl><dl class='gallery-item'>\n\t\t\t<dt class='gallery-icon portrait'>\n\t\t\t\t<a href='http:\/\/sp.uchanie.pl\/index.php\/2024\/05\/24\/dzien-patrona-szkoly-w-grupach-przedszkolnych\/swszkolp24_28\/'><img loading=\"lazy\" decoding=\"async\" width=\"150\" height=\"150\" src=\"http:\/\/sp.uchanie.pl\/wp-content\/uploads\/2024\/05\/SwSzkolP24_28-150x150.jpg\" class=\"attachment-thumbnail size-thumbnail\" alt=\"\" srcset=\"http:\/\/sp.uchanie.pl\/wp-content\/uploads\/2024\/05\/SwSzkolP24_28-150x150.jpg 150w, http:\/\/sp.uchanie.pl\/wp-content\/uploads\/2024\/05\/SwSzkolP24_28-180x180.jpg 180w, http:\/\/sp.uchanie.pl\/wp-content\/uploads\/2024\/05\/SwSzkolP24_28-60x60.jpg 60w\" sizes=\"auto, (max-width: 150px) 100vw, 150px\" \/><\/a>\n\t\t\t<\/dt><\/dl><dl class='gallery-item'>\n\t\t\t<dt class='gallery-icon landscape'>\n\t\t\t\t<a href='http:\/\/sp.uchanie.pl\/index.php\/2024\/05\/24\/dzien-patrona-szkoly-w-grupach-przedszkolnych\/swszkolp24_29\/'><img loading=\"lazy\" decoding=\"async\" width=\"150\" height=\"150\" src=\"http:\/\/sp.uchanie.pl\/wp-content\/uploads\/2024\/05\/SwSzkolP24_29-150x150.jpg\" class=\"attachment-thumbnail size-thumbnail\" alt=\"\" srcset=\"http:\/\/sp.uchanie.pl\/wp-content\/uploads\/2024\/05\/SwSzkolP24_29-150x150.jpg 150w, http:\/\/sp.uchanie.pl\/wp-content\/uploads\/2024\/05\/SwSzkolP24_29-180x180.jpg 180w, http:\/\/sp.uchanie.pl\/wp-content\/uploads\/2024\/05\/SwSzkolP24_29-60x60.jpg 60w\" sizes=\"auto, (max-width: 150px) 100vw, 150px\" \/><\/a>\n\t\t\t<\/dt><\/dl><br style=\"clear: both\" \/><dl class='gallery-item'>\n\t\t\t<dt class='gallery-icon portrait'>\n\t\t\t\t<a href='http:\/\/sp.uchanie.pl\/index.php\/2024\/05\/24\/dzien-patrona-szkoly-w-grupach-przedszkolnych\/swszkolp24_31\/'><img loading=\"lazy\" decoding=\"async\" width=\"150\" height=\"150\" src=\"http:\/\/sp.uchanie.pl\/wp-content\/uploads\/2024\/05\/SwSzkolP24_31-150x150.jpg\" class=\"attachment-thumbnail size-thumbnail\" alt=\"\" srcset=\"http:\/\/sp.uchanie.pl\/wp-content\/uploads\/2024\/05\/SwSzkolP24_31-150x150.jpg 150w, http:\/\/sp.uchanie.pl\/wp-content\/uploads\/2024\/05\/SwSzkolP24_31-180x180.jpg 180w, http:\/\/sp.uchanie.pl\/wp-content\/uploads\/2024\/05\/SwSzkolP24_31-60x60.jpg 60w\" sizes=\"auto, (max-width: 150px) 100vw, 150px\" \/><\/a>\n\t\t\t<\/dt><\/dl><dl class='gallery-item'>\n\t\t\t<dt class='gallery-icon portrait'>\n\t\t\t\t<a href='http:\/\/sp.uchanie.pl\/index.php\/2024\/05\/24\/dzien-patrona-szkoly-w-grupach-przedszkolnych\/swszkolp24_32\/'><img loading=\"lazy\" decoding=\"async\" width=\"150\" height=\"150\" src=\"http:\/\/sp.uchanie.pl\/wp-content\/uploads\/2024\/05\/SwSzkolP24_32-150x150.jpg\" class=\"attachment-thumbnail size-thumbnail\" alt=\"\" srcset=\"http:\/\/sp.uchanie.pl\/wp-content\/uploads\/2024\/05\/SwSzkolP24_32-150x150.jpg 150w, http:\/\/sp.uchanie.pl\/wp-content\/uploads\/2024\/05\/SwSzkolP24_32-180x180.jpg 180w, http:\/\/sp.uchanie.pl\/wp-content\/uploads\/2024\/05\/SwSzkolP24_32-60x60.jpg 60w\" sizes=\"auto, (max-width: 150px) 100vw, 150px\" \/><\/a>\n\t\t\t<\/dt><\/dl><dl class='gallery-item'>\n\t\t\t<dt class='gallery-icon portrait'>\n\t\t\t\t<a href='http:\/\/sp.uchanie.pl\/index.php\/2024\/05\/24\/dzien-patrona-szkoly-w-grupach-przedszkolnych\/swszkolp24_33\/'><img loading=\"lazy\" decoding=\"async\" width=\"150\" height=\"150\" src=\"http:\/\/sp.uchanie.pl\/wp-content\/uploads\/2024\/05\/SwSzkolP24_33-150x150.jpg\" class=\"attachment-thumbnail size-thumbnail\" alt=\"\" srcset=\"http:\/\/sp.uchanie.pl\/wp-content\/uploads\/2024\/05\/SwSzkolP24_33-150x150.jpg 150w, http:\/\/sp.uchanie.pl\/wp-content\/uploads\/2024\/05\/SwSzkolP24_33-180x180.jpg 180w, http:\/\/sp.uchanie.pl\/wp-content\/uploads\/2024\/05\/SwSzkolP24_33-60x60.jpg 60w\" sizes=\"auto, (max-width: 150px) 100vw, 150px\" \/><\/a>\n\t\t\t<\/dt><\/dl><br style=\"clear: both\" \/><dl class='gallery-item'>\n\t\t\t<dt class='gallery-icon portrait'>\n\t\t\t\t<a href='http:\/\/sp.uchanie.pl\/index.php\/2024\/05\/24\/dzien-patrona-szkoly-w-grupach-przedszkolnych\/swszkolp24_34\/'><img loading=\"lazy\" decoding=\"async\" width=\"150\" height=\"150\" src=\"http:\/\/sp.uchanie.pl\/wp-content\/uploads\/2024\/05\/SwSzkolP24_34-150x150.jpg\" class=\"attachment-thumbnail size-thumbnail\" alt=\"\" srcset=\"http:\/\/sp.uchanie.pl\/wp-content\/uploads\/2024\/05\/SwSzkolP24_34-150x150.jpg 150w, http:\/\/sp.uchanie.pl\/wp-content\/uploads\/2024\/05\/SwSzkolP24_34-180x180.jpg 180w, http:\/\/sp.uchanie.pl\/wp-content\/uploads\/2024\/05\/SwSzkolP24_34-60x60.jpg 60w\" sizes=\"auto, (max-width: 150px) 100vw, 150px\" \/><\/a>\n\t\t\t<\/dt><\/dl><dl class='gallery-item'>\n\t\t\t<dt class='gallery-icon landscape'>\n\t\t\t\t<a href='http:\/\/sp.uchanie.pl\/index.php\/2024\/05\/24\/dzien-patrona-szkoly-w-grupach-przedszkolnych\/swszkolp24_36\/'><img loading=\"lazy\" decoding=\"async\" width=\"150\" height=\"150\" src=\"http:\/\/sp.uchanie.pl\/wp-content\/uploads\/2024\/05\/SwSzkolP24_36-150x150.jpeg\" class=\"attachment-thumbnail size-thumbnail\" alt=\"\" srcset=\"http:\/\/sp.uchanie.pl\/wp-content\/uploads\/2024\/05\/SwSzkolP24_36-150x150.jpeg 150w, http:\/\/sp.uchanie.pl\/wp-content\/uploads\/2024\/05\/SwSzkolP24_36-180x180.jpeg 180w, http:\/\/sp.uchanie.pl\/wp-content\/uploads\/2024\/05\/SwSzkolP24_36-60x60.jpeg 60w\" sizes=\"auto, (max-width: 150px) 100vw, 150px\" \/><\/a>\n\t\t\t<\/dt><\/dl><dl class='gallery-item'>\n\t\t\t<dt class='gallery-icon portrait'>\n\t\t\t\t<a href='http:\/\/sp.uchanie.pl\/index.php\/2024\/05\/24\/dzien-patrona-szkoly-w-grupach-przedszkolnych\/swszkolp24_35\/'><img loading=\"lazy\" decoding=\"async\" width=\"150\" height=\"150\" src=\"http:\/\/sp.uchanie.pl\/wp-content\/uploads\/2024\/05\/SwSzkolP24_35-150x150.jpg\" class=\"attachment-thumbnail size-thumbnail\" alt=\"\" srcset=\"http:\/\/sp.uchanie.pl\/wp-content\/uploads\/2024\/05\/SwSzkolP24_35-150x150.jpg 150w, http:\/\/sp.uchanie.pl\/wp-content\/uploads\/2024\/05\/SwSzkolP24_35-180x180.jpg 180w, http:\/\/sp.uchanie.pl\/wp-content\/uploads\/2024\/05\/SwSzkolP24_35-60x60.jpg 60w\" sizes=\"auto, (max-width: 150px) 100vw, 150px\" \/><\/a>\n\t\t\t<\/dt><\/dl><br style=\"clear: both\" \/><dl class='gallery-item'>\n\t\t\t<dt class='gallery-icon landscape'>\n\t\t\t\t<a href='http:\/\/sp.uchanie.pl\/index.php\/2024\/05\/24\/dzien-patrona-szkoly-w-grupach-przedszkolnych\/swszkolp24_30\/'><img loading=\"lazy\" decoding=\"async\" width=\"150\" height=\"150\" src=\"http:\/\/sp.uchanie.pl\/wp-content\/uploads\/2024\/05\/SwSzkolP24_30-150x150.jpg\" class=\"attachment-thumbnail size-thumbnail\" alt=\"\" srcset=\"http:\/\/sp.uchanie.pl\/wp-content\/uploads\/2024\/05\/SwSzkolP24_30-150x150.jpg 150w, http:\/\/sp.uchanie.pl\/wp-content\/uploads\/2024\/05\/SwSzkolP24_30-180x180.jpg 180w, http:\/\/sp.uchanie.pl\/wp-content\/uploads\/2024\/05\/SwSzkolP24_30-60x60.jpg 60w\" sizes=\"auto, (max-width: 150px) 100vw, 150px\" \/><\/a>\n\t\t\t<\/dt><\/dl><dl class='gallery-item'>\n\t\t\t<dt class='gallery-icon portrait'>\n\t\t\t\t<a href='http:\/\/sp.uchanie.pl\/index.php\/2024\/05\/24\/dzien-patrona-szkoly-w-grupach-przedszkolnych\/swszkolp24_25\/'><img loading=\"lazy\" decoding=\"async\" width=\"150\" height=\"150\" src=\"http:\/\/sp.uchanie.pl\/wp-content\/uploads\/2024\/05\/SwSzkolP24_25-150x150.jpg\" class=\"attachment-thumbnail size-thumbnail\" alt=\"\" srcset=\"http:\/\/sp.uchanie.pl\/wp-content\/uploads\/2024\/05\/SwSzkolP24_25-150x150.jpg 150w, http:\/\/sp.uchanie.pl\/wp-content\/uploads\/2024\/05\/SwSzkolP24_25-180x180.jpg 180w, http:\/\/sp.uchanie.pl\/wp-content\/uploads\/2024\/05\/SwSzkolP24_25-60x60.jpg 60w\" sizes=\"auto, (max-width: 150px) 100vw, 150px\" \/><\/a>\n\t\t\t<\/dt><\/dl><dl class='gallery-item'>\n\t\t\t<dt class='gallery-icon landscape'>\n\t\t\t\t<a href='http:\/\/sp.uchanie.pl\/index.php\/2024\/05\/24\/dzien-patrona-szkoly-w-grupach-przedszkolnych\/swszkolp24_20\/'><img loading=\"lazy\" decoding=\"async\" width=\"150\" height=\"150\" src=\"http:\/\/sp.uchanie.pl\/wp-content\/uploads\/2024\/05\/SwSzkolP24_20-150x150.jpg\" class=\"attachment-thumbnail size-thumbnail\" alt=\"\" srcset=\"http:\/\/sp.uchanie.pl\/wp-content\/uploads\/2024\/05\/SwSzkolP24_20-150x150.jpg 150w, http:\/\/sp.uchanie.pl\/wp-content\/uploads\/2024\/05\/SwSzkolP24_20-180x180.jpg 180w, http:\/\/sp.uchanie.pl\/wp-content\/uploads\/2024\/05\/SwSzkolP24_20-60x60.jpg 60w\" sizes=\"auto, (max-width: 150px) 100vw, 150px\" \/><\/a>\n\t\t\t<\/dt><\/dl><br style=\"clear: both\" \/><dl class='gallery-item'>\n\t\t\t<dt class='gallery-icon portrait'>\n\t\t\t\t<a href='http:\/\/sp.uchanie.pl\/index.php\/2024\/05\/24\/dzien-patrona-szkoly-w-grupach-przedszkolnych\/swszkolp24_15\/'><img loading=\"lazy\" decoding=\"async\" width=\"150\" height=\"150\" src=\"http:\/\/sp.uchanie.pl\/wp-content\/uploads\/2024\/05\/SwSzkolP24_15-150x150.jpg\" class=\"attachment-thumbnail size-thumbnail\" alt=\"\" srcset=\"http:\/\/sp.uchanie.pl\/wp-content\/uploads\/2024\/05\/SwSzkolP24_15-150x150.jpg 150w, http:\/\/sp.uchanie.pl\/wp-content\/uploads\/2024\/05\/SwSzkolP24_15-180x180.jpg 180w, http:\/\/sp.uchanie.pl\/wp-content\/uploads\/2024\/05\/SwSzkolP24_15-60x60.jpg 60w\" sizes=\"auto, (max-width: 150px) 100vw, 150px\" \/><\/a>\n\t\t\t<\/dt><\/dl><dl class='gallery-item'>\n\t\t\t<dt class='gallery-icon portrait'>\n\t\t\t\t<a href='http:\/\/sp.uchanie.pl\/index.php\/2024\/05\/24\/dzien-patrona-szkoly-w-grupach-przedszkolnych\/swszkolp24_10\/'><img loading=\"lazy\" decoding=\"async\" width=\"150\" height=\"150\" src=\"http:\/\/sp.uchanie.pl\/wp-content\/uploads\/2024\/05\/SwSzkolP24_10-150x150.jpg\" class=\"attachment-thumbnail size-thumbnail\" alt=\"\" srcset=\"http:\/\/sp.uchanie.pl\/wp-content\/uploads\/2024\/05\/SwSzkolP24_10-150x150.jpg 150w, http:\/\/sp.uchanie.pl\/wp-content\/uploads\/2024\/05\/SwSzkolP24_10-180x180.jpg 180w, http:\/\/sp.uchanie.pl\/wp-content\/uploads\/2024\/05\/SwSzkolP24_10-60x60.jpg 60w\" sizes=\"auto, (max-width: 150px) 100vw, 150px\" \/><\/a>\n\t\t\t<\/dt><\/dl><dl class='gallery-item'>\n\t\t\t<dt class='gallery-icon portrait'>\n\t\t\t\t<a href='http:\/\/sp.uchanie.pl\/index.php\/2024\/05\/24\/dzien-patrona-szkoly-w-grupach-przedszkolnych\/swszkolp24_5\/'><img loading=\"lazy\" decoding=\"async\" width=\"150\" height=\"150\" src=\"http:\/\/sp.uchanie.pl\/wp-content\/uploads\/2024\/05\/SwSzkolP24_5-150x150.jpg\" class=\"attachment-thumbnail size-thumbnail\" alt=\"\" srcset=\"http:\/\/sp.uchanie.pl\/wp-content\/uploads\/2024\/05\/SwSzkolP24_5-150x150.jpg 150w, http:\/\/sp.uchanie.pl\/wp-content\/uploads\/2024\/05\/SwSzkolP24_5-180x180.jpg 180w, http:\/\/sp.uchanie.pl\/wp-content\/uploads\/2024\/05\/SwSzkolP24_5-60x60.jpg 60w\" sizes=\"auto, (max-width: 150px) 100vw, 150px\" \/><\/a>\n\t\t\t<\/dt><\/dl><br style=\"clear: both\" \/>\n\t\t<\/div>\n\n","protected":false},"excerpt":{"rendered":"<p>&#8222;Dzie\u0144 Papieski na sportowo&#8221; pod takim has\u0142em obchodzili\u015bmy w tym roku Dzie\u0144 Patrona Szko\u0142y. W grupach przedszkolnych ten wyj\u0105tkowy dzie\u0144 up\u0142yn\u0105\u0142 pod znakiem zawod\u00f3w sportowych oraz ciekawych konkurencji tematycznie zwi\u0105zanych&#8230; <a href=\"http:\/\/sp.uchanie.pl\/index.php\/2024\/05\/24\/dzien-patrona-szkoly-w-grupach-przedszkolnych\/\">Read more &raquo;<\/a><\/p>\n","protected":false},"author":1,"featured_media":18915,"comment_status":"closed","ping_status":"closed","sticky":false,"template":"","format":"standard","meta":{"footnotes":""},"categories":[6],"tags":[],"class_list":["post-18886","post","type-post","status-publish","format-standard","has-post-thumbnail","hentry","category-aktualnoci"],"_links":{"self":[{"href":"http:\/\/sp.uchanie.pl\/index.php\/wp-json\/wp\/v2\/posts\/18886","targetHints":{"allow":["GET"]}}],"collection":[{"href":"http:\/\/sp.uchanie.pl\/index.php\/wp-json\/wp\/v2\/posts"}],"about":[{"href":"http:\/\/sp.uchanie.pl\/index.php\/wp-json\/wp\/v2\/types\/post"}],"author":[{"embeddable":true,"href":"http:\/\/sp.uchanie.pl\/index.php\/wp-json\/wp\/v2\/users\/1"}],"replies":[{"embeddable":true,"href":"http:\/\/sp.uchanie.pl\/index.php\/wp-json\/wp\/v2\/comments?post=18886"}],"version-history":[{"count":1,"href":"http:\/\/sp.uchanie.pl\/index.php\/wp-json\/wp\/v2\/posts\/18886\/revisions"}],"predecessor-version":[{"id":18923,"href":"http:\/\/sp.uchanie.pl\/index.php\/wp-json\/wp\/v2\/posts\/18886\/revisions\/18923"}],"wp:featuredmedia":[{"embeddable":true,"href":"http:\/\/sp.uchanie.pl\/index.php\/wp-json\/wp\/v2\/media\/18915"}],"wp:attachment":[{"href":"http:\/\/sp.uchanie.pl\/index.php\/wp-json\/wp\/v2\/media?parent=18886"}],"wp:term":[{"taxonomy":"category","embeddable":true,"href":"http:\/\/sp.uchanie.pl\/index.php\/wp-json\/wp\/v2\/categories?post=18886"},{"taxonomy":"post_tag","embeddable":true,"href":"http:\/\/sp.uchanie.pl\/index.php\/wp-json\/wp\/v2\/tags?post=18886"}],"curies":[{"name":"wp","href":"https:\/\/api.w.org\/{rel}","templated":true}]}}