{"id":1769,"date":"2019-09-02T17:50:58","date_gmt":"2019-09-02T15:50:58","guid":{"rendered":"http:\/\/192.168.1.2\/index.php\/2019\/09\/02\/rozpoczcie-roku-szkolnego-20192020\/"},"modified":"2019-09-02T17:50:58","modified_gmt":"2019-09-02T15:50:58","slug":"rozpoczcie-roku-szkolnego-20192020","status":"publish","type":"post","link":"http:\/\/sp.uchanie.pl\/index.php\/2019\/09\/02\/rozpoczcie-roku-szkolnego-20192020\/","title":{"rendered":"Rozpocz\u0119cie roku szkolnego 2019\/2020"},"content":{"rendered":"<p>2 wrze\u015bnia o godzinie 8<sup>30<\/sup> ks. proboszcz Dariusz Bajwoluk odprawi\u0142 msz\u0119 \u015bwi\u0119t\u0105 z okazji rozpocz\u0119cia nowego roku szkolnego 2019\/2020.<br \/>Z racji przyst\u0105pienia szko\u0142y do akcji #przerwanymarsz oraz uczczenia pami\u0119ci polskich dzieci wojny pr\u00f3g szko\u0142y w dniu dzisiejszym jako pierwsi przekroczyli zaproszeni go\u015bcie, przedstawiciele Dzieci Zamojszczyzny pani Jadwiga Wolik, pani Zofia Kominek, pani Stefania Markiewicz, pan Tadeusz Brzuchala i pan Henryk Domadaj.<br \/>W sali gimnastycznej  po od\u015bpiewaniu hymnu pa\u0144stwowego Pani Dyrektor Marzena Zarek-Wrzyszcz podzi\u0119kowa\u0142a reprezentantom dzieci urodzonych przed i w czasie wojny za wsp\u00f3lne uczczenie 80 rocznicy wybuchu II wojny \u015bwiatowej, a uczennice z klasy VIII wr\u0119czy\u0142y zaproszonym  Dzieciom Zamojszczyzny symboliczn\u0105 r\u00f3\u017c\u0119.<br \/>Kolejnym punktem uroczysto\u015bci by\u0142o powitanie i zapoznanie rodzic\u00f3w, uczni\u00f3w i nauczycieli z przydzia\u0142em czynno\u015bci na nowy rok szkolny. Nast\u0119pnie g\u0142os zabra\u0142 w\u00f3jt gminy Pan Leszek Czerwonka, kt\u00f3ry wr\u0119czy\u0142 Pani Marzenie Zarek-Wrzyszcz oficjaln\u0105 nominacj\u0119 na stanowisko dyrektora szko\u0142y. Na dzisiejsz\u0105 uroczysto\u015b\u0107 przybyli r\u00f3wnie\u017c go\u015bcie pani Bo\u017cena Ku\u015bmierczuk , pan Marek Danilczuk Specjalista S\u0142u\u017cby Le\u015bnej w Nadle\u015bnictwie Strzelce, kt\u00f3ry przez udzia\u0142 w uroczysto\u015bci przy\u0142\u0105czy\u0142 si\u0119 do akcji #przerwanymarsz. Poczet sztandarowy szko\u0142y reprezentowa\u0142y: Anna Kwieci\u0144ska, Martyna Wepa, Martyna Mirowska, Oliwia Kawka, Ksawery Pitus i Kacper Lesiuk, opiek\u0119 nad pocztem sprawowali pani El\u017cbieta Czerniej i pan Zbigniew Budzy\u0144ski. <br \/>Na koniec pani dyrektor \u017cyczy\u0142a wszystkim uczniom sukces\u00f3w i wytrwa\u0142o\u015bci w d\u0105\u017ceniu do realizacji cel\u00f3w.<br \/>Dla zaproszonych go\u015bci by\u0142 s\u0142odki pocz\u0119stunek.<\/p>\n<p>  <!--more-->  <\/p>\n<p style=\"text-align: center;\"><img decoding=\"async\" class=\" size-full wp-image-1753\" src=\"http:\/\/192.168.1.2\/wp-content\/uploads\/2019\/09\/proku19-20_1.jpg\" border=\"0\" alt=\"Pocz\u0105tek roku szkolnego 2019\/2020\" title=\"Pocz\u0105tek roku szkolnego 2019\/2020\" width=\"550\" style=\"border: 0px none;\" srcset=\"http:\/\/sp.uchanie.pl\/wp-content\/uploads\/2019\/09\/proku19-20_1.jpg 800w, http:\/\/sp.uchanie.pl\/wp-content\/uploads\/2019\/09\/proku19-20_1-300x225.jpg 300w, http:\/\/sp.uchanie.pl\/wp-content\/uploads\/2019\/09\/proku19-20_1-768x576.jpg 768w\" sizes=\"(max-width: 800px) 100vw, 800px\" \/><\/p>\n<p style=\"text-align: center;\"><img decoding=\"async\" class=\" size-full wp-image-1754\" src=\"http:\/\/192.168.1.2\/wp-content\/uploads\/2019\/09\/proku19-20_2.jpg\" border=\"0\" alt=\"Pocz\u0105tek roku szkolnego 2019\/2020\" title=\"Pocz\u0105tek roku szkolnego 2019\/2020\" width=\"550\" style=\"border: 0px none;\" srcset=\"http:\/\/sp.uchanie.pl\/wp-content\/uploads\/2019\/09\/proku19-20_2.jpg 800w, http:\/\/sp.uchanie.pl\/wp-content\/uploads\/2019\/09\/proku19-20_2-300x225.jpg 300w, http:\/\/sp.uchanie.pl\/wp-content\/uploads\/2019\/09\/proku19-20_2-768x576.jpg 768w\" sizes=\"(max-width: 800px) 100vw, 800px\" \/><\/p>\n<p style=\"text-align: center;\"><img decoding=\"async\" class=\" size-full wp-image-1755\" src=\"http:\/\/192.168.1.2\/wp-content\/uploads\/2019\/09\/proku19-20_3.jpg\" border=\"0\" alt=\"Pocz\u0105tek roku szkolnego 2019\/2020\" title=\"Pocz\u0105tek roku szkolnego 2019\/2020\" width=\"550\" style=\"border: 0px none;\" srcset=\"http:\/\/sp.uchanie.pl\/wp-content\/uploads\/2019\/09\/proku19-20_3.jpg 800w, http:\/\/sp.uchanie.pl\/wp-content\/uploads\/2019\/09\/proku19-20_3-300x225.jpg 300w, http:\/\/sp.uchanie.pl\/wp-content\/uploads\/2019\/09\/proku19-20_3-768x576.jpg 768w\" sizes=\"(max-width: 800px) 100vw, 800px\" \/><\/p>\n<p style=\"text-align: center;\"><img decoding=\"async\" class=\" size-full wp-image-1756\" src=\"http:\/\/192.168.1.2\/wp-content\/uploads\/2019\/09\/proku19-20_4.jpg\" border=\"0\" alt=\"Pocz\u0105tek roku szkolnego 2019\/2020\" title=\"Pocz\u0105tek roku szkolnego 2019\/2020\" width=\"550\" style=\"border: 0px none;\" srcset=\"http:\/\/sp.uchanie.pl\/wp-content\/uploads\/2019\/09\/proku19-20_4.jpg 800w, http:\/\/sp.uchanie.pl\/wp-content\/uploads\/2019\/09\/proku19-20_4-300x225.jpg 300w, http:\/\/sp.uchanie.pl\/wp-content\/uploads\/2019\/09\/proku19-20_4-768x576.jpg 768w\" sizes=\"(max-width: 800px) 100vw, 800px\" \/><\/p>\n<p style=\"text-align: center;\"><img decoding=\"async\" class=\" size-full wp-image-1757\" src=\"http:\/\/192.168.1.2\/wp-content\/uploads\/2019\/09\/proku19-20_5.jpg\" border=\"0\" alt=\"Pocz\u0105tek roku szkolnego 2019\/2020\" title=\"Pocz\u0105tek roku szkolnego 2019\/2020\" width=\"550\" style=\"border: 0px none;\" srcset=\"http:\/\/sp.uchanie.pl\/wp-content\/uploads\/2019\/09\/proku19-20_5.jpg 800w, http:\/\/sp.uchanie.pl\/wp-content\/uploads\/2019\/09\/proku19-20_5-300x225.jpg 300w, http:\/\/sp.uchanie.pl\/wp-content\/uploads\/2019\/09\/proku19-20_5-768x576.jpg 768w\" sizes=\"(max-width: 800px) 100vw, 800px\" \/><\/p>\n<p style=\"text-align: center;\"><img decoding=\"async\" class=\" size-full wp-image-1758\" src=\"http:\/\/192.168.1.2\/wp-content\/uploads\/2019\/09\/proku19-20_6.jpg\" border=\"0\" alt=\"Pocz\u0105tek roku szkolnego 2019\/2020\" title=\"Pocz\u0105tek roku szkolnego 2019\/2020\" width=\"550\" style=\"border: 0px none;\" srcset=\"http:\/\/sp.uchanie.pl\/wp-content\/uploads\/2019\/09\/proku19-20_6.jpg 800w, http:\/\/sp.uchanie.pl\/wp-content\/uploads\/2019\/09\/proku19-20_6-300x225.jpg 300w, http:\/\/sp.uchanie.pl\/wp-content\/uploads\/2019\/09\/proku19-20_6-768x576.jpg 768w\" sizes=\"(max-width: 800px) 100vw, 800px\" \/><\/p>\n<p style=\"text-align: center;\"><img decoding=\"async\" class=\" size-full wp-image-1759\" src=\"http:\/\/192.168.1.2\/wp-content\/uploads\/2019\/09\/proku19-20_7.jpg\" border=\"0\" alt=\"Pocz\u0105tek roku szkolnego 2019\/2020\" title=\"Pocz\u0105tek roku szkolnego 2019\/2020\" width=\"550\" style=\"border: 0px none;\" srcset=\"http:\/\/sp.uchanie.pl\/wp-content\/uploads\/2019\/09\/proku19-20_7.jpg 800w, http:\/\/sp.uchanie.pl\/wp-content\/uploads\/2019\/09\/proku19-20_7-300x225.jpg 300w, http:\/\/sp.uchanie.pl\/wp-content\/uploads\/2019\/09\/proku19-20_7-768x576.jpg 768w\" sizes=\"(max-width: 800px) 100vw, 800px\" \/><\/p>\n<p style=\"text-align: center;\"><img decoding=\"async\" class=\" size-full wp-image-1760\" src=\"http:\/\/192.168.1.2\/wp-content\/uploads\/2019\/09\/proku19-20_8.jpg\" border=\"0\" alt=\"Pocz\u0105tek roku szkolnego 2019\/2020\" title=\"Pocz\u0105tek roku szkolnego 2019\/2020\" width=\"550\" style=\"border: 0px none;\" srcset=\"http:\/\/sp.uchanie.pl\/wp-content\/uploads\/2019\/09\/proku19-20_8.jpg 800w, http:\/\/sp.uchanie.pl\/wp-content\/uploads\/2019\/09\/proku19-20_8-300x225.jpg 300w, http:\/\/sp.uchanie.pl\/wp-content\/uploads\/2019\/09\/proku19-20_8-768x576.jpg 768w\" sizes=\"(max-width: 800px) 100vw, 800px\" \/><\/p>\n<p style=\"text-align: center;\"><img decoding=\"async\" class=\" size-full wp-image-1761\" src=\"http:\/\/192.168.1.2\/wp-content\/uploads\/2019\/09\/proku19-20_9.jpg\" border=\"0\" alt=\"Pocz\u0105tek roku szkolnego 2019\/2020\" title=\"Pocz\u0105tek roku szkolnego 2019\/2020\" width=\"550\" style=\"border: 0px none;\" srcset=\"http:\/\/sp.uchanie.pl\/wp-content\/uploads\/2019\/09\/proku19-20_9.jpg 800w, http:\/\/sp.uchanie.pl\/wp-content\/uploads\/2019\/09\/proku19-20_9-300x225.jpg 300w, http:\/\/sp.uchanie.pl\/wp-content\/uploads\/2019\/09\/proku19-20_9-768x576.jpg 768w\" sizes=\"(max-width: 800px) 100vw, 800px\" \/><\/p>\n<p style=\"text-align: center;\"><img decoding=\"async\" class=\" size-full wp-image-1762\" src=\"http:\/\/192.168.1.2\/wp-content\/uploads\/2019\/09\/proku19-20_10.jpg\" border=\"0\" alt=\"Pocz\u0105tek roku szkolnego 2019\/2020\" title=\"Pocz\u0105tek roku szkolnego 2019\/2020\" width=\"550\" style=\"border: 0px none;\" srcset=\"http:\/\/sp.uchanie.pl\/wp-content\/uploads\/2019\/09\/proku19-20_10.jpg 800w, http:\/\/sp.uchanie.pl\/wp-content\/uploads\/2019\/09\/proku19-20_10-300x225.jpg 300w, http:\/\/sp.uchanie.pl\/wp-content\/uploads\/2019\/09\/proku19-20_10-768x576.jpg 768w\" sizes=\"(max-width: 800px) 100vw, 800px\" \/><\/p>\n<p style=\"text-align: center;\"><img decoding=\"async\" class=\" size-full wp-image-1763\" src=\"http:\/\/192.168.1.2\/wp-content\/uploads\/2019\/09\/proku19-20_11.jpg\" border=\"0\" alt=\"Pocz\u0105tek roku szkolnego 2019\/2020\" title=\"Pocz\u0105tek roku szkolnego 2019\/2020\" width=\"550\" style=\"border: 0px none;\" srcset=\"http:\/\/sp.uchanie.pl\/wp-content\/uploads\/2019\/09\/proku19-20_11.jpg 800w, http:\/\/sp.uchanie.pl\/wp-content\/uploads\/2019\/09\/proku19-20_11-300x225.jpg 300w, http:\/\/sp.uchanie.pl\/wp-content\/uploads\/2019\/09\/proku19-20_11-768x576.jpg 768w\" sizes=\"(max-width: 800px) 100vw, 800px\" \/><\/p>\n<p style=\"text-align: center;\"><img decoding=\"async\" class=\" size-full wp-image-1764\" src=\"http:\/\/192.168.1.2\/wp-content\/uploads\/2019\/09\/proku19-20_12.jpg\" border=\"0\" alt=\"Pocz\u0105tek roku szkolnego 2019\/2020\" title=\"Pocz\u0105tek roku szkolnego 2019\/2020\" width=\"550\" style=\"border: 0px none;\" srcset=\"http:\/\/sp.uchanie.pl\/wp-content\/uploads\/2019\/09\/proku19-20_12.jpg 800w, http:\/\/sp.uchanie.pl\/wp-content\/uploads\/2019\/09\/proku19-20_12-300x225.jpg 300w, http:\/\/sp.uchanie.pl\/wp-content\/uploads\/2019\/09\/proku19-20_12-768x576.jpg 768w\" sizes=\"(max-width: 800px) 100vw, 800px\" \/><\/p>\n<p style=\"text-align: center;\"><img decoding=\"async\" class=\" size-full wp-image-1765\" src=\"http:\/\/192.168.1.2\/wp-content\/uploads\/2019\/09\/proku19-20_13.jpg\" border=\"0\" alt=\"Pocz\u0105tek roku szkolnego 2019\/2020\" title=\"Pocz\u0105tek roku szkolnego 2019\/2020\" width=\"550\" style=\"border: 0px none;\" srcset=\"http:\/\/sp.uchanie.pl\/wp-content\/uploads\/2019\/09\/proku19-20_13.jpg 800w, http:\/\/sp.uchanie.pl\/wp-content\/uploads\/2019\/09\/proku19-20_13-300x225.jpg 300w, http:\/\/sp.uchanie.pl\/wp-content\/uploads\/2019\/09\/proku19-20_13-768x576.jpg 768w\" sizes=\"(max-width: 800px) 100vw, 800px\" \/><\/p>\n<p style=\"text-align: center;\"><img decoding=\"async\" class=\" size-full wp-image-1766\" src=\"http:\/\/192.168.1.2\/wp-content\/uploads\/2019\/09\/proku19-20_14.jpg\" border=\"0\" alt=\"Pocz\u0105tek roku szkolnego 2019\/2020\" title=\"Pocz\u0105tek roku szkolnego 2019\/2020\" width=\"550\" style=\"border: 0px none;\" srcset=\"http:\/\/sp.uchanie.pl\/wp-content\/uploads\/2019\/09\/proku19-20_14.jpg 800w, http:\/\/sp.uchanie.pl\/wp-content\/uploads\/2019\/09\/proku19-20_14-300x225.jpg 300w, http:\/\/sp.uchanie.pl\/wp-content\/uploads\/2019\/09\/proku19-20_14-768x576.jpg 768w\" sizes=\"(max-width: 800px) 100vw, 800px\" \/><\/p>\n<p style=\"text-align: center;\"><img decoding=\"async\" class=\" size-full wp-image-1767\" src=\"http:\/\/192.168.1.2\/wp-content\/uploads\/2019\/09\/proku19-20_15.jpg\" border=\"0\" alt=\"Pocz\u0105tek roku szkolnego 2019\/2020\" title=\"Pocz\u0105tek roku szkolnego 2019\/2020\" width=\"550\" style=\"border: 0px none;\" srcset=\"http:\/\/sp.uchanie.pl\/wp-content\/uploads\/2019\/09\/proku19-20_15.jpg 800w, http:\/\/sp.uchanie.pl\/wp-content\/uploads\/2019\/09\/proku19-20_15-300x225.jpg 300w, http:\/\/sp.uchanie.pl\/wp-content\/uploads\/2019\/09\/proku19-20_15-768x576.jpg 768w\" sizes=\"(max-width: 800px) 100vw, 800px\" \/><\/p>\n<p style=\"text-align: center;\"><img decoding=\"async\" class=\" size-full wp-image-1768\" src=\"http:\/\/192.168.1.2\/wp-content\/uploads\/2019\/09\/proku19-20_16.jpg\" border=\"0\" alt=\"Pocz\u0105tek roku szkolnego 2019\/2020\" title=\"Pocz\u0105tek roku szkolnego 2019\/2020\" width=\"550\" style=\"border: 0px none;\" srcset=\"http:\/\/sp.uchanie.pl\/wp-content\/uploads\/2019\/09\/proku19-20_16.jpg 800w, http:\/\/sp.uchanie.pl\/wp-content\/uploads\/2019\/09\/proku19-20_16-300x225.jpg 300w, http:\/\/sp.uchanie.pl\/wp-content\/uploads\/2019\/09\/proku19-20_16-768x576.jpg 768w\" sizes=\"(max-width: 800px) 100vw, 800px\" \/><\/p>\n<p style=\"text-align: center;\">\n<hr \/>\n","protected":false},"excerpt":{"rendered":"<p>2 wrze\u015bnia o godzinie 830 ks. proboszcz Dariusz Bajwoluk odprawi\u0142 msz\u0119 \u015bwi\u0119t\u0105 z okazji rozpocz\u0119cia nowego roku szkolnego 2019\/2020.Z racji przyst\u0105pienia szko\u0142y do akcji #przerwanymarsz oraz uczczenia pami\u0119ci polskich dzieci&#8230; <a href=\"http:\/\/sp.uchanie.pl\/index.php\/2019\/09\/02\/rozpoczcie-roku-szkolnego-20192020\/\">Read more &raquo;<\/a><\/p>\n","protected":false},"author":1,"featured_media":1753,"comment_status":"closed","ping_status":"open","sticky":false,"template":"","format":"standard","meta":{"footnotes":""},"categories":[6],"tags":[],"class_list":["post-1769","post","type-post","status-publish","format-standard","has-post-thumbnail","hentry","category-aktualnoci"],"_links":{"self":[{"href":"http:\/\/sp.uchanie.pl\/index.php\/wp-json\/wp\/v2\/posts\/1769","targetHints":{"allow":["GET"]}}],"collection":[{"href":"http:\/\/sp.uchanie.pl\/index.php\/wp-json\/wp\/v2\/posts"}],"about":[{"href":"http:\/\/sp.uchanie.pl\/index.php\/wp-json\/wp\/v2\/types\/post"}],"author":[{"embeddable":true,"href":"http:\/\/sp.uchanie.pl\/index.php\/wp-json\/wp\/v2\/users\/1"}],"replies":[{"embeddable":true,"href":"http:\/\/sp.uchanie.pl\/index.php\/wp-json\/wp\/v2\/comments?post=1769"}],"version-history":[{"count":0,"href":"http:\/\/sp.uchanie.pl\/index.php\/wp-json\/wp\/v2\/posts\/1769\/revisions"}],"wp:featuredmedia":[{"embeddable":true,"href":"http:\/\/sp.uchanie.pl\/index.php\/wp-json\/wp\/v2\/media\/1753"}],"wp:attachment":[{"href":"http:\/\/sp.uchanie.pl\/index.php\/wp-json\/wp\/v2\/media?parent=1769"}],"wp:term":[{"taxonomy":"category","embeddable":true,"href":"http:\/\/sp.uchanie.pl\/index.php\/wp-json\/wp\/v2\/categories?post=1769"},{"taxonomy":"post_tag","embeddable":true,"href":"http:\/\/sp.uchanie.pl\/index.php\/wp-json\/wp\/v2\/tags?post=1769"}],"curies":[{"name":"wp","href":"https:\/\/api.w.org\/{rel}","templated":true}]}}