{"id":1694,"date":"2019-05-05T12:53:24","date_gmt":"2019-05-05T10:53:24","guid":{"rendered":"http:\/\/192.168.1.2\/index.php\/2019\/05\/05\/228-rocznica-uchwalenia-konstytucji-3-maja\/"},"modified":"2019-05-05T12:53:24","modified_gmt":"2019-05-05T10:53:24","slug":"228-rocznica-uchwalenia-konstytucji-3-maja","status":"publish","type":"post","link":"http:\/\/sp.uchanie.pl\/index.php\/2019\/05\/05\/228-rocznica-uchwalenia-konstytucji-3-maja\/","title":{"rendered":"228 rocznica uchwalenia Konstytucji 3 Maja"},"content":{"rendered":"<p><!-- p.p1 {margin: 0.0px 0.0px 0.0px 0.0px; line-height: 14.0px; font: 12.0px Tahoma; color: #323333; -webkit-text-stroke: #323333} span.s1 {font-kerning: none} span.s2 {font: 10.0px Tahoma; font-kerning: none} --> <\/p>\n<p><span>W dniu 3 maja mia\u0142y miejsce obchody gminno &#8211; parafialne 228 rocznicy uchwalenia Konstytucji 3 Maja. Uroczysto\u015bci rozpocz\u0105\u0142 przemarsz uczestnik\u00f3w, kt\u00f3rzy zgromadzili si\u0119 przy Urz\u0119dzie Gminy w Uchaniach, do ko\u015bcio\u0142a parafialnego. O godzinie 9<\/span><span><sup>00<\/sup><\/span><span> mia\u0142a miejsce Msza \u015aw. w intencji Ojczyzny odprawiona przez ks. kanonika Kazimierza Stelmaszczuka. Szko\u0142\u0119 reprezentowa\u0142 poczet sztandarowy w sk\u0142adzie:Aleksandra Szoka\u0142o, Martyna Oliwiak i Kacper Lesiuk. W poczcie Armii Krajowej wyst\u0105pili: Aleksandra Kliszcz i Patryk Zaj\u0105c. Opiek\u0119 nad pocztem naszej szko\u0142y sprawowali Ewa i Mariusz Zarek. <\/span><\/p>\n<p>  <!--more-->  <\/p>\n<p style=\"text-align: center;\"><img decoding=\"async\" class=\" size-full wp-image-1676\" src=\"http:\/\/192.168.1.2\/wp-content\/uploads\/2019\/05\/3maj19_1.jpg\" border=\"0\" alt=\"228 rocznica uchwalenia Konstytucji 3 - go Maja\" title=\"228 rocznica uchwalenia Konstytucji 3 - go Maja\" width=\"450\" style=\"border: 0px none;\" srcset=\"http:\/\/sp.uchanie.pl\/wp-content\/uploads\/2019\/05\/3maj19_1.jpg 800w, http:\/\/sp.uchanie.pl\/wp-content\/uploads\/2019\/05\/3maj19_1-300x225.jpg 300w, http:\/\/sp.uchanie.pl\/wp-content\/uploads\/2019\/05\/3maj19_1-768x576.jpg 768w\" sizes=\"(max-width: 800px) 100vw, 800px\" \/><\/p>\n<p style=\"text-align: center;\"><img decoding=\"async\" class=\" size-full wp-image-1677\" src=\"http:\/\/192.168.1.2\/wp-content\/uploads\/2019\/05\/3maj19_2.jpg\" border=\"0\" alt=\"228 rocznica uchwalenia Konstytucji 3 - go Maja\" title=\"228 rocznica uchwalenia Konstytucji 3 - go Maja\" width=\"450\" style=\"border: 0px none;\" srcset=\"http:\/\/sp.uchanie.pl\/wp-content\/uploads\/2019\/05\/3maj19_2.jpg 800w, http:\/\/sp.uchanie.pl\/wp-content\/uploads\/2019\/05\/3maj19_2-300x225.jpg 300w, http:\/\/sp.uchanie.pl\/wp-content\/uploads\/2019\/05\/3maj19_2-768x576.jpg 768w\" sizes=\"(max-width: 800px) 100vw, 800px\" \/><\/p>\n<p style=\"text-align: center;\"><img decoding=\"async\" class=\" size-full wp-image-1678\" src=\"http:\/\/192.168.1.2\/wp-content\/uploads\/2019\/05\/3maj19_3.jpg\" border=\"0\" alt=\"228 rocznica uchwalenia Konstytucji 3 - go Maja\" title=\"228 rocznica uchwalenia Konstytucji 3 - go Maja\" width=\"450\" style=\"border: 0px none;\" srcset=\"http:\/\/sp.uchanie.pl\/wp-content\/uploads\/2019\/05\/3maj19_3.jpg 800w, http:\/\/sp.uchanie.pl\/wp-content\/uploads\/2019\/05\/3maj19_3-300x225.jpg 300w, http:\/\/sp.uchanie.pl\/wp-content\/uploads\/2019\/05\/3maj19_3-768x576.jpg 768w\" sizes=\"(max-width: 800px) 100vw, 800px\" \/><\/p>\n<p style=\"text-align: center;\"><img decoding=\"async\" class=\" size-full wp-image-1679\" src=\"http:\/\/192.168.1.2\/wp-content\/uploads\/2019\/05\/3maj19_4.jpg\" border=\"0\" alt=\"228 rocznica uchwalenia Konstytucji 3 - go Maja\" title=\"228 rocznica uchwalenia Konstytucji 3 - go Maja\" width=\"450\" style=\"border: 0px none;\" srcset=\"http:\/\/sp.uchanie.pl\/wp-content\/uploads\/2019\/05\/3maj19_4.jpg 800w, http:\/\/sp.uchanie.pl\/wp-content\/uploads\/2019\/05\/3maj19_4-300x225.jpg 300w, http:\/\/sp.uchanie.pl\/wp-content\/uploads\/2019\/05\/3maj19_4-768x576.jpg 768w\" sizes=\"(max-width: 800px) 100vw, 800px\" \/><\/p>\n<p style=\"text-align: center;\"><img decoding=\"async\" class=\" size-full wp-image-1680\" src=\"http:\/\/192.168.1.2\/wp-content\/uploads\/2019\/05\/3maj19_5.jpg\" border=\"0\" alt=\"228 rocznica uchwalenia Konstytucji 3 - go Maja\" title=\"228 rocznica uchwalenia Konstytucji 3 - go Maja\" width=\"450\" style=\"border: 0px none;\" srcset=\"http:\/\/sp.uchanie.pl\/wp-content\/uploads\/2019\/05\/3maj19_5.jpg 800w, http:\/\/sp.uchanie.pl\/wp-content\/uploads\/2019\/05\/3maj19_5-300x225.jpg 300w, http:\/\/sp.uchanie.pl\/wp-content\/uploads\/2019\/05\/3maj19_5-768x576.jpg 768w\" sizes=\"(max-width: 800px) 100vw, 800px\" \/><\/p>\n<p style=\"text-align: center;\"><img decoding=\"async\" class=\" size-full wp-image-1681\" src=\"http:\/\/192.168.1.2\/wp-content\/uploads\/2019\/05\/3maj19_6.jpg\" border=\"0\" alt=\"228 rocznica uchwalenia Konstytucji 3 - go Maja\" title=\"228 rocznica uchwalenia Konstytucji 3 - go Maja\" width=\"450\" style=\"border: 0px none;\" srcset=\"http:\/\/sp.uchanie.pl\/wp-content\/uploads\/2019\/05\/3maj19_6.jpg 800w, http:\/\/sp.uchanie.pl\/wp-content\/uploads\/2019\/05\/3maj19_6-300x225.jpg 300w, http:\/\/sp.uchanie.pl\/wp-content\/uploads\/2019\/05\/3maj19_6-768x576.jpg 768w\" sizes=\"(max-width: 800px) 100vw, 800px\" \/><\/p>\n<p style=\"text-align: center;\"><img decoding=\"async\" class=\" size-full wp-image-1682\" src=\"http:\/\/192.168.1.2\/wp-content\/uploads\/2019\/05\/3maj19_7.jpg\" border=\"0\" alt=\"228 rocznica uchwalenia Konstytucji 3 - go Maja\" title=\"228 rocznica uchwalenia Konstytucji 3 - go Maja\" width=\"450\" style=\"border: 0px none;\" srcset=\"http:\/\/sp.uchanie.pl\/wp-content\/uploads\/2019\/05\/3maj19_7.jpg 800w, http:\/\/sp.uchanie.pl\/wp-content\/uploads\/2019\/05\/3maj19_7-300x225.jpg 300w, http:\/\/sp.uchanie.pl\/wp-content\/uploads\/2019\/05\/3maj19_7-768x576.jpg 768w\" sizes=\"(max-width: 800px) 100vw, 800px\" \/><\/p>\n<p style=\"text-align: center;\"><img decoding=\"async\" class=\" size-full wp-image-1683\" src=\"http:\/\/192.168.1.2\/wp-content\/uploads\/2019\/05\/3maj19_8.jpg\" border=\"0\" alt=\"228 rocznica uchwalenia Konstytucji 3 - go Maja\" title=\"228 rocznica uchwalenia Konstytucji 3 - go Maja\" width=\"450\" style=\"border: 0px none;\" srcset=\"http:\/\/sp.uchanie.pl\/wp-content\/uploads\/2019\/05\/3maj19_8.jpg 800w, http:\/\/sp.uchanie.pl\/wp-content\/uploads\/2019\/05\/3maj19_8-300x225.jpg 300w, http:\/\/sp.uchanie.pl\/wp-content\/uploads\/2019\/05\/3maj19_8-768x576.jpg 768w\" sizes=\"(max-width: 800px) 100vw, 800px\" \/><\/p>\n<p style=\"text-align: center;\"><img decoding=\"async\" class=\" size-full wp-image-1684\" src=\"http:\/\/192.168.1.2\/wp-content\/uploads\/2019\/05\/3maj19_9.jpg\" border=\"0\" alt=\"228 rocznica uchwalenia Konstytucji 3 - go Maja\" title=\"228 rocznica uchwalenia Konstytucji 3 - go Maja\" width=\"450\" style=\"border: 0px none;\" srcset=\"http:\/\/sp.uchanie.pl\/wp-content\/uploads\/2019\/05\/3maj19_9.jpg 800w, http:\/\/sp.uchanie.pl\/wp-content\/uploads\/2019\/05\/3maj19_9-300x225.jpg 300w, http:\/\/sp.uchanie.pl\/wp-content\/uploads\/2019\/05\/3maj19_9-768x576.jpg 768w\" sizes=\"(max-width: 800px) 100vw, 800px\" \/><\/p>\n<p style=\"text-align: center;\"><img decoding=\"async\" class=\" size-full wp-image-1685\" src=\"http:\/\/192.168.1.2\/wp-content\/uploads\/2019\/05\/3maj19_10.jpg\" border=\"0\" alt=\"228 rocznica uchwalenia Konstytucji 3 - go Maja\" title=\"228 rocznica uchwalenia Konstytucji 3 - go Maja\" width=\"450\" style=\"border: 0px none;\" srcset=\"http:\/\/sp.uchanie.pl\/wp-content\/uploads\/2019\/05\/3maj19_10.jpg 800w, http:\/\/sp.uchanie.pl\/wp-content\/uploads\/2019\/05\/3maj19_10-300x225.jpg 300w, http:\/\/sp.uchanie.pl\/wp-content\/uploads\/2019\/05\/3maj19_10-768x576.jpg 768w\" sizes=\"(max-width: 800px) 100vw, 800px\" \/><\/p>\n<p style=\"text-align: center;\"><img decoding=\"async\" class=\" size-full wp-image-1686\" src=\"http:\/\/192.168.1.2\/wp-content\/uploads\/2019\/05\/3maj19_11.jpg\" border=\"0\" alt=\"228 rocznica uchwalenia Konstytucji 3 - go Maja\" title=\"228 rocznica uchwalenia Konstytucji 3 - go Maja\" width=\"450\" style=\"border: 0px none;\" srcset=\"http:\/\/sp.uchanie.pl\/wp-content\/uploads\/2019\/05\/3maj19_11.jpg 800w, http:\/\/sp.uchanie.pl\/wp-content\/uploads\/2019\/05\/3maj19_11-300x225.jpg 300w, http:\/\/sp.uchanie.pl\/wp-content\/uploads\/2019\/05\/3maj19_11-768x576.jpg 768w\" sizes=\"(max-width: 800px) 100vw, 800px\" \/><\/p>\n<p style=\"text-align: center;\"><img decoding=\"async\" class=\" size-full wp-image-1687\" src=\"http:\/\/192.168.1.2\/wp-content\/uploads\/2019\/05\/3maj19_12.jpg\" border=\"0\" alt=\"228 rocznica uchwalenia Konstytucji 3 - go Maja\" title=\"228 rocznica uchwalenia Konstytucji 3 - go Maja\" width=\"450\" style=\"border: 0px none;\" srcset=\"http:\/\/sp.uchanie.pl\/wp-content\/uploads\/2019\/05\/3maj19_12.jpg 800w, http:\/\/sp.uchanie.pl\/wp-content\/uploads\/2019\/05\/3maj19_12-300x225.jpg 300w, http:\/\/sp.uchanie.pl\/wp-content\/uploads\/2019\/05\/3maj19_12-768x576.jpg 768w\" sizes=\"(max-width: 800px) 100vw, 800px\" \/><\/p>\n<p style=\"text-align: center;\"><img decoding=\"async\" class=\" size-full wp-image-1688\" src=\"http:\/\/192.168.1.2\/wp-content\/uploads\/2019\/05\/3maj19_13.jpg\" border=\"0\" alt=\"228 rocznica uchwalenia Konstytucji 3 - go Maja\" title=\"228 rocznica uchwalenia Konstytucji 3 - go Maja\" width=\"450\" style=\"border: 0px none;\" srcset=\"http:\/\/sp.uchanie.pl\/wp-content\/uploads\/2019\/05\/3maj19_13.jpg 800w, http:\/\/sp.uchanie.pl\/wp-content\/uploads\/2019\/05\/3maj19_13-300x225.jpg 300w, http:\/\/sp.uchanie.pl\/wp-content\/uploads\/2019\/05\/3maj19_13-768x576.jpg 768w\" sizes=\"(max-width: 800px) 100vw, 800px\" \/><\/p>\n<p style=\"text-align: center;\"><img decoding=\"async\" class=\" size-full wp-image-1689\" src=\"http:\/\/192.168.1.2\/wp-content\/uploads\/2019\/05\/3maj19_14.jpg\" border=\"0\" alt=\"228 rocznica uchwalenia Konstytucji 3 - go Maja\" title=\"228 rocznica uchwalenia Konstytucji 3 - go Maja\" width=\"450\" style=\"border: 0px none;\" srcset=\"http:\/\/sp.uchanie.pl\/wp-content\/uploads\/2019\/05\/3maj19_14.jpg 800w, http:\/\/sp.uchanie.pl\/wp-content\/uploads\/2019\/05\/3maj19_14-300x225.jpg 300w, http:\/\/sp.uchanie.pl\/wp-content\/uploads\/2019\/05\/3maj19_14-768x576.jpg 768w\" sizes=\"(max-width: 800px) 100vw, 800px\" \/><\/p>\n<p style=\"text-align: center;\"><img decoding=\"async\" class=\" size-full wp-image-1690\" src=\"http:\/\/192.168.1.2\/wp-content\/uploads\/2019\/05\/3maj19_15.jpg\" border=\"0\" alt=\"228 rocznica uchwalenia Konstytucji 3 - go Maja\" title=\"228 rocznica uchwalenia Konstytucji 3 - go Maja\" width=\"450\" style=\"border: 0px none;\" srcset=\"http:\/\/sp.uchanie.pl\/wp-content\/uploads\/2019\/05\/3maj19_15.jpg 800w, http:\/\/sp.uchanie.pl\/wp-content\/uploads\/2019\/05\/3maj19_15-300x225.jpg 300w, http:\/\/sp.uchanie.pl\/wp-content\/uploads\/2019\/05\/3maj19_15-768x576.jpg 768w\" sizes=\"(max-width: 800px) 100vw, 800px\" \/><\/p>\n<p style=\"text-align: center;\"><img decoding=\"async\" class=\" size-full wp-image-1691\" src=\"http:\/\/192.168.1.2\/wp-content\/uploads\/2019\/05\/3maj19_16.jpg\" border=\"0\" alt=\"228 rocznica uchwalenia Konstytucji 3 - go Maja\" title=\"228 rocznica uchwalenia Konstytucji 3 - go Maja\" width=\"450\" style=\"border: 0px none;\" srcset=\"http:\/\/sp.uchanie.pl\/wp-content\/uploads\/2019\/05\/3maj19_16.jpg 800w, http:\/\/sp.uchanie.pl\/wp-content\/uploads\/2019\/05\/3maj19_16-300x225.jpg 300w, http:\/\/sp.uchanie.pl\/wp-content\/uploads\/2019\/05\/3maj19_16-768x576.jpg 768w\" sizes=\"(max-width: 800px) 100vw, 800px\" \/><\/p>\n<p style=\"text-align: center;\"><img decoding=\"async\" class=\" size-full wp-image-1692\" src=\"http:\/\/192.168.1.2\/wp-content\/uploads\/2019\/05\/3maj19_17.jpg\" border=\"0\" alt=\"228 rocznica uchwalenia Konstytucji 3 - go Maja\" title=\"228 rocznica uchwalenia Konstytucji 3 - go Maja\" width=\"450\" style=\"border: 0px none;\" srcset=\"http:\/\/sp.uchanie.pl\/wp-content\/uploads\/2019\/05\/3maj19_17.jpg 800w, http:\/\/sp.uchanie.pl\/wp-content\/uploads\/2019\/05\/3maj19_17-300x225.jpg 300w, http:\/\/sp.uchanie.pl\/wp-content\/uploads\/2019\/05\/3maj19_17-768x576.jpg 768w\" sizes=\"(max-width: 800px) 100vw, 800px\" \/><\/p>\n<p style=\"text-align: center;\"><img decoding=\"async\" class=\" size-full wp-image-1693\" src=\"http:\/\/192.168.1.2\/wp-content\/uploads\/2019\/05\/3maj19_18.jpg\" border=\"0\" alt=\"228 rocznica uchwalenia Konstytucji 3 - go Maja\" title=\"228 rocznica uchwalenia Konstytucji 3 - go Maja\" width=\"450\" style=\"border: 0px none;\" srcset=\"http:\/\/sp.uchanie.pl\/wp-content\/uploads\/2019\/05\/3maj19_18.jpg 800w, http:\/\/sp.uchanie.pl\/wp-content\/uploads\/2019\/05\/3maj19_18-300x225.jpg 300w, http:\/\/sp.uchanie.pl\/wp-content\/uploads\/2019\/05\/3maj19_18-768x576.jpg 768w\" sizes=\"(max-width: 800px) 100vw, 800px\" \/><\/p>\n<p style=\"text-align: center;\">\n<hr \/>\n","protected":false},"excerpt":{"rendered":"<p>W dniu 3 maja mia\u0142y miejsce obchody gminno &#8211; parafialne 228 rocznicy uchwalenia Konstytucji 3 Maja. Uroczysto\u015bci rozpocz\u0105\u0142 przemarsz uczestnik\u00f3w, kt\u00f3rzy zgromadzili si\u0119 przy Urz\u0119dzie Gminy w Uchaniach, do ko\u015bcio\u0142a&#8230; <a href=\"http:\/\/sp.uchanie.pl\/index.php\/2019\/05\/05\/228-rocznica-uchwalenia-konstytucji-3-maja\/\">Read more &raquo;<\/a><\/p>\n","protected":false},"author":1,"featured_media":1676,"comment_status":"closed","ping_status":"open","sticky":false,"template":"","format":"standard","meta":{"footnotes":""},"categories":[6],"tags":[],"class_list":["post-1694","post","type-post","status-publish","format-standard","has-post-thumbnail","hentry","category-aktualnoci"],"_links":{"self":[{"href":"http:\/\/sp.uchanie.pl\/index.php\/wp-json\/wp\/v2\/posts\/1694","targetHints":{"allow":["GET"]}}],"collection":[{"href":"http:\/\/sp.uchanie.pl\/index.php\/wp-json\/wp\/v2\/posts"}],"about":[{"href":"http:\/\/sp.uchanie.pl\/index.php\/wp-json\/wp\/v2\/types\/post"}],"author":[{"embeddable":true,"href":"http:\/\/sp.uchanie.pl\/index.php\/wp-json\/wp\/v2\/users\/1"}],"replies":[{"embeddable":true,"href":"http:\/\/sp.uchanie.pl\/index.php\/wp-json\/wp\/v2\/comments?post=1694"}],"version-history":[{"count":0,"href":"http:\/\/sp.uchanie.pl\/index.php\/wp-json\/wp\/v2\/posts\/1694\/revisions"}],"wp:featuredmedia":[{"embeddable":true,"href":"http:\/\/sp.uchanie.pl\/index.php\/wp-json\/wp\/v2\/media\/1676"}],"wp:attachment":[{"href":"http:\/\/sp.uchanie.pl\/index.php\/wp-json\/wp\/v2\/media?parent=1694"}],"wp:term":[{"taxonomy":"category","embeddable":true,"href":"http:\/\/sp.uchanie.pl\/index.php\/wp-json\/wp\/v2\/categories?post=1694"},{"taxonomy":"post_tag","embeddable":true,"href":"http:\/\/sp.uchanie.pl\/index.php\/wp-json\/wp\/v2\/tags?post=1694"}],"curies":[{"name":"wp","href":"https:\/\/api.w.org\/{rel}","templated":true}]}}