{"id":16833,"date":"2023-11-13T19:22:59","date_gmt":"2023-11-13T18:22:59","guid":{"rendered":"http:\/\/192.168.40.27\/?p=16833"},"modified":"2023-11-13T19:23:11","modified_gmt":"2023-11-13T18:23:11","slug":"wyjazd-na-spektakl-balladyna-j-slowackiego","status":"publish","type":"post","link":"http:\/\/sp.uchanie.pl\/index.php\/2023\/11\/13\/wyjazd-na-spektakl-balladyna-j-slowackiego\/","title":{"rendered":"Wyjazd na spektakl &#8222;Balladyna&#8221; J. S\u0142owackiego"},"content":{"rendered":"<p><strong>\u00a0 \u00a0 \u00a0 <\/strong><span style=\"font-size: 1rem;\">Dnia 13.11. 2023r. uczniowie klas VI &#8211; VIII uczestniczyli w wyje\u017adzie do Hrubieszowa, kt\u00f3rego celem by\u0142o obejrzenie &#8222;Balladyny&#8221;\u00a0 J. S\u0142owackiego (utworu obowi\u0105zkowego w kanonie lektur szkolnych).<br \/>\n<\/span><span class=\"s1\">\u00a0 \u00a0 \u00a0 \u00a0 \u00a0Przedstawienie w wykonaniu aktor\u00f3w Katolickiego Teatru Edukacji z Krakowa by\u0142o interesuj\u0105ce i podoba\u0142o si\u0119 uczniom. Dekoracje, scenografia, efekty \u015bwietlne i d\u017awi\u0119kowe wsp\u00f3\u0142tworzy\u0142y nastr\u00f3j tej mrocznej sztuki, a gra aktor\u00f3w sprawi\u0142a, i\u017c uczniowie z zaciekawieniem \u015bledzili akcj\u0119 dramatu.Widzowie gromkimi brawami podzi\u0119kowali aktorom za wspania\u0142\u0105 gr\u0119.<br \/>\n<\/span><span class=\"s1\">\u00a0 \u00a0 \u00a0 \u00a0 Obejrzenie spektaklu by\u0142o dla uczni\u00f3w doskona\u0142\u0105 okazj\u0105 do powt\u00f3rzenia tre\u015bci lektury obowi\u0105zuj\u0105cej na egzaminie \u00f3smoklasisty.<br \/>\n<\/span><span class=\"s1\">Przed spektaklem uczniowie udali si\u0119 do Restauracji Gniecki, gdzie zjedli pyszn\u0105 pizz\u0119. <\/span><span class=\"s1\">To by\u0142 udany wyjazd.<br \/>\n<\/span><span class=\"s1\">\u00a0 \u00a0 \u00a0 \u00a0 \u00a0Opiekunami by\u0142y panie: p. Dorota Siekierda, p. Ewa Zarek, p. Marzena Strycharczuk.\u00a0<\/span><\/p>\n\n\t\t<style type=\"text\/css\">\n\t\t\t#gallery-1 {\n\t\t\t\tmargin: auto;\n\t\t\t}\n\t\t\t#gallery-1 .gallery-item {\n\t\t\t\tfloat: left;\n\t\t\t\tmargin-top: 10px;\n\t\t\t\ttext-align: center;\n\t\t\t\twidth: 33%;\n\t\t\t}\n\t\t\t#gallery-1 img {\n\t\t\t\tborder: 2px solid #cfcfcf;\n\t\t\t}\n\t\t\t#gallery-1 .gallery-caption {\n\t\t\t\tmargin-left: 0;\n\t\t\t}\n\t\t\t\/* see gallery_shortcode() in wp-includes\/media.php *\/\n\t\t<\/style>\n\t\t<div id='gallery-1' class='gallery galleryid-16833 gallery-columns-3 gallery-size-thumbnail'><dl class='gallery-item'>\n\t\t\t<dt class='gallery-icon landscape'>\n\t\t\t\t<a href='http:\/\/sp.uchanie.pl\/index.php\/2023\/11\/13\/wyjazd-na-spektakl-balladyna-j-slowackiego\/balladyna23_1\/'><img loading=\"lazy\" decoding=\"async\" width=\"150\" height=\"150\" src=\"http:\/\/sp.uchanie.pl\/wp-content\/uploads\/2023\/11\/Balladyna23_1-150x150.jpeg\" class=\"attachment-thumbnail size-thumbnail\" alt=\"\" srcset=\"http:\/\/sp.uchanie.pl\/wp-content\/uploads\/2023\/11\/Balladyna23_1-150x150.jpeg 150w, http:\/\/sp.uchanie.pl\/wp-content\/uploads\/2023\/11\/Balladyna23_1-180x180.jpeg 180w, http:\/\/sp.uchanie.pl\/wp-content\/uploads\/2023\/11\/Balladyna23_1-60x60.jpeg 60w\" sizes=\"auto, (max-width: 150px) 100vw, 150px\" \/><\/a>\n\t\t\t<\/dt><\/dl><dl class='gallery-item'>\n\t\t\t<dt class='gallery-icon landscape'>\n\t\t\t\t<a href='http:\/\/sp.uchanie.pl\/index.php\/2023\/11\/13\/wyjazd-na-spektakl-balladyna-j-slowackiego\/balladyna23_2\/'><img loading=\"lazy\" decoding=\"async\" width=\"150\" height=\"150\" src=\"http:\/\/sp.uchanie.pl\/wp-content\/uploads\/2023\/11\/Balladyna23_2-150x150.jpeg\" class=\"attachment-thumbnail size-thumbnail\" alt=\"\" srcset=\"http:\/\/sp.uchanie.pl\/wp-content\/uploads\/2023\/11\/Balladyna23_2-150x150.jpeg 150w, http:\/\/sp.uchanie.pl\/wp-content\/uploads\/2023\/11\/Balladyna23_2-180x180.jpeg 180w, http:\/\/sp.uchanie.pl\/wp-content\/uploads\/2023\/11\/Balladyna23_2-60x60.jpeg 60w\" sizes=\"auto, (max-width: 150px) 100vw, 150px\" \/><\/a>\n\t\t\t<\/dt><\/dl><dl class='gallery-item'>\n\t\t\t<dt class='gallery-icon landscape'>\n\t\t\t\t<a href='http:\/\/sp.uchanie.pl\/index.php\/2023\/11\/13\/wyjazd-na-spektakl-balladyna-j-slowackiego\/balladyna23_3\/'><img loading=\"lazy\" decoding=\"async\" width=\"150\" height=\"150\" src=\"http:\/\/sp.uchanie.pl\/wp-content\/uploads\/2023\/11\/Balladyna23_3-150x150.jpeg\" class=\"attachment-thumbnail size-thumbnail\" alt=\"\" srcset=\"http:\/\/sp.uchanie.pl\/wp-content\/uploads\/2023\/11\/Balladyna23_3-150x150.jpeg 150w, http:\/\/sp.uchanie.pl\/wp-content\/uploads\/2023\/11\/Balladyna23_3-180x180.jpeg 180w, http:\/\/sp.uchanie.pl\/wp-content\/uploads\/2023\/11\/Balladyna23_3-60x60.jpeg 60w\" sizes=\"auto, (max-width: 150px) 100vw, 150px\" \/><\/a>\n\t\t\t<\/dt><\/dl><br style=\"clear: both\" \/><dl class='gallery-item'>\n\t\t\t<dt class='gallery-icon landscape'>\n\t\t\t\t<a href='http:\/\/sp.uchanie.pl\/index.php\/2023\/11\/13\/wyjazd-na-spektakl-balladyna-j-slowackiego\/balladyna23_4\/'><img loading=\"lazy\" decoding=\"async\" width=\"150\" height=\"150\" src=\"http:\/\/sp.uchanie.pl\/wp-content\/uploads\/2023\/11\/Balladyna23_4-150x150.jpeg\" class=\"attachment-thumbnail size-thumbnail\" alt=\"\" srcset=\"http:\/\/sp.uchanie.pl\/wp-content\/uploads\/2023\/11\/Balladyna23_4-150x150.jpeg 150w, http:\/\/sp.uchanie.pl\/wp-content\/uploads\/2023\/11\/Balladyna23_4-180x180.jpeg 180w, http:\/\/sp.uchanie.pl\/wp-content\/uploads\/2023\/11\/Balladyna23_4-60x60.jpeg 60w\" sizes=\"auto, (max-width: 150px) 100vw, 150px\" \/><\/a>\n\t\t\t<\/dt><\/dl><dl class='gallery-item'>\n\t\t\t<dt class='gallery-icon landscape'>\n\t\t\t\t<a href='http:\/\/sp.uchanie.pl\/index.php\/2023\/11\/13\/wyjazd-na-spektakl-balladyna-j-slowackiego\/balladyna23_5\/'><img loading=\"lazy\" decoding=\"async\" width=\"150\" height=\"150\" src=\"http:\/\/sp.uchanie.pl\/wp-content\/uploads\/2023\/11\/Balladyna23_5-150x150.jpeg\" class=\"attachment-thumbnail size-thumbnail\" alt=\"\" srcset=\"http:\/\/sp.uchanie.pl\/wp-content\/uploads\/2023\/11\/Balladyna23_5-150x150.jpeg 150w, http:\/\/sp.uchanie.pl\/wp-content\/uploads\/2023\/11\/Balladyna23_5-180x180.jpeg 180w, http:\/\/sp.uchanie.pl\/wp-content\/uploads\/2023\/11\/Balladyna23_5-60x60.jpeg 60w\" sizes=\"auto, (max-width: 150px) 100vw, 150px\" \/><\/a>\n\t\t\t<\/dt><\/dl>\n\t\t\t<br style='clear: both' \/>\n\t\t<\/div>\n\n","protected":false},"excerpt":{"rendered":"<p>\u00a0 \u00a0 \u00a0 Dnia 13.11. 2023r. uczniowie klas VI &#8211; VIII uczestniczyli w wyje\u017adzie do Hrubieszowa, kt\u00f3rego celem by\u0142o obejrzenie &#8222;Balladyny&#8221;\u00a0 J. S\u0142owackiego (utworu obowi\u0105zkowego w kanonie lektur szkolnych). \u00a0&#8230; <a href=\"http:\/\/sp.uchanie.pl\/index.php\/2023\/11\/13\/wyjazd-na-spektakl-balladyna-j-slowackiego\/\">Read more &raquo;<\/a><\/p>\n","protected":false},"author":1,"featured_media":16838,"comment_status":"closed","ping_status":"closed","sticky":false,"template":"","format":"standard","meta":{"footnotes":""},"categories":[6],"tags":[],"class_list":["post-16833","post","type-post","status-publish","format-standard","has-post-thumbnail","hentry","category-aktualnoci"],"_links":{"self":[{"href":"http:\/\/sp.uchanie.pl\/index.php\/wp-json\/wp\/v2\/posts\/16833","targetHints":{"allow":["GET"]}}],"collection":[{"href":"http:\/\/sp.uchanie.pl\/index.php\/wp-json\/wp\/v2\/posts"}],"about":[{"href":"http:\/\/sp.uchanie.pl\/index.php\/wp-json\/wp\/v2\/types\/post"}],"author":[{"embeddable":true,"href":"http:\/\/sp.uchanie.pl\/index.php\/wp-json\/wp\/v2\/users\/1"}],"replies":[{"embeddable":true,"href":"http:\/\/sp.uchanie.pl\/index.php\/wp-json\/wp\/v2\/comments?post=16833"}],"version-history":[{"count":2,"href":"http:\/\/sp.uchanie.pl\/index.php\/wp-json\/wp\/v2\/posts\/16833\/revisions"}],"predecessor-version":[{"id":16840,"href":"http:\/\/sp.uchanie.pl\/index.php\/wp-json\/wp\/v2\/posts\/16833\/revisions\/16840"}],"wp:featuredmedia":[{"embeddable":true,"href":"http:\/\/sp.uchanie.pl\/index.php\/wp-json\/wp\/v2\/media\/16838"}],"wp:attachment":[{"href":"http:\/\/sp.uchanie.pl\/index.php\/wp-json\/wp\/v2\/media?parent=16833"}],"wp:term":[{"taxonomy":"category","embeddable":true,"href":"http:\/\/sp.uchanie.pl\/index.php\/wp-json\/wp\/v2\/categories?post=16833"},{"taxonomy":"post_tag","embeddable":true,"href":"http:\/\/sp.uchanie.pl\/index.php\/wp-json\/wp\/v2\/tags?post=16833"}],"curies":[{"name":"wp","href":"https:\/\/api.w.org\/{rel}","templated":true}]}}