{"id":1647,"date":"2019-04-08T07:12:26","date_gmt":"2019-04-08T05:12:26","guid":{"rendered":"http:\/\/192.168.1.2\/index.php\/2019\/04\/08\/strajk-nauczycieli-2019\/"},"modified":"2019-04-08T07:12:26","modified_gmt":"2019-04-08T05:12:26","slug":"strajk-nauczycieli-2019","status":"publish","type":"post","link":"http:\/\/sp.uchanie.pl\/index.php\/2019\/04\/08\/strajk-nauczycieli-2019\/","title":{"rendered":"Strajk nauczycieli 2019"},"content":{"rendered":"<p><img decoding=\"async\" class=\" size-full wp-image-1646\" src=\"http:\/\/192.168.1.2\/wp-content\/uploads\/2019\/04\/1strajk.jpg\" border=\"0\" alt=\"Strajk \" title=\"Strajk\" width=\"150\" style=\"border: 0px none;\" srcset=\"http:\/\/sp.uchanie.pl\/wp-content\/uploads\/2019\/04\/1strajk.jpg 352w, http:\/\/sp.uchanie.pl\/wp-content\/uploads\/2019\/04\/1strajk-300x122.jpg 300w\" sizes=\"(max-width: 352px) 100vw, 352px\" \/><\/p>\n<p><span style=\"color: #ff0000; text-align: justify; background-color: #f8f8f8;\"><span style=\"font-size: medium;\"><span style=\"color: #000000;\">W ca\u0142ej Polsce w wi\u0119kszo\u015bci plac\u00f3wek o\u015bwiatowych w dniu 08.04.2019 r. rozpocz\u0105\u0142 si\u0119 strajk pracownik\u00f3w o\u015bwiaty. W zwi\u0105zku z powy\u017cszym od 8 kwietnia 2019 r. nie b\u0119d\u0105 odbywa\u0107 si\u0119 zaj\u0119cia w szkole a\u017c do odwo\u0142ania. Informacje zwi\u0105zane z sytuacj\u0105 w naszej plac\u00f3wce mo\u017cna uzyska\u0107 w sekretariacie tel. (84)65 77 021.<\/span><\/span><\/span><\/p>\n<p><span style=\"color: #ff0000; text-align: justify; background-color: #f8f8f8;\"><span style=\"font-size: medium;\"><span style=\"color: #000000;\"><br \/><\/span><\/span><\/span><\/p>\n","protected":false},"excerpt":{"rendered":"<p>W ca\u0142ej Polsce w wi\u0119kszo\u015bci plac\u00f3wek o\u015bwiatowych w dniu 08.04.2019 r. rozpocz\u0105\u0142 si\u0119 strajk pracownik\u00f3w o\u015bwiaty. W zwi\u0105zku z powy\u017cszym od 8 kwietnia 2019 r. nie b\u0119d\u0105 odbywa\u0107 si\u0119 zaj\u0119cia&#8230; <a href=\"http:\/\/sp.uchanie.pl\/index.php\/2019\/04\/08\/strajk-nauczycieli-2019\/\">Read more &raquo;<\/a><\/p>\n","protected":false},"author":1,"featured_media":1646,"comment_status":"closed","ping_status":"open","sticky":false,"template":"","format":"standard","meta":{"footnotes":""},"categories":[6],"tags":[],"class_list":["post-1647","post","type-post","status-publish","format-standard","has-post-thumbnail","hentry","category-aktualnoci"],"_links":{"self":[{"href":"http:\/\/sp.uchanie.pl\/index.php\/wp-json\/wp\/v2\/posts\/1647","targetHints":{"allow":["GET"]}}],"collection":[{"href":"http:\/\/sp.uchanie.pl\/index.php\/wp-json\/wp\/v2\/posts"}],"about":[{"href":"http:\/\/sp.uchanie.pl\/index.php\/wp-json\/wp\/v2\/types\/post"}],"author":[{"embeddable":true,"href":"http:\/\/sp.uchanie.pl\/index.php\/wp-json\/wp\/v2\/users\/1"}],"replies":[{"embeddable":true,"href":"http:\/\/sp.uchanie.pl\/index.php\/wp-json\/wp\/v2\/comments?post=1647"}],"version-history":[{"count":0,"href":"http:\/\/sp.uchanie.pl\/index.php\/wp-json\/wp\/v2\/posts\/1647\/revisions"}],"wp:featuredmedia":[{"embeddable":true,"href":"http:\/\/sp.uchanie.pl\/index.php\/wp-json\/wp\/v2\/media\/1646"}],"wp:attachment":[{"href":"http:\/\/sp.uchanie.pl\/index.php\/wp-json\/wp\/v2\/media?parent=1647"}],"wp:term":[{"taxonomy":"category","embeddable":true,"href":"http:\/\/sp.uchanie.pl\/index.php\/wp-json\/wp\/v2\/categories?post=1647"},{"taxonomy":"post_tag","embeddable":true,"href":"http:\/\/sp.uchanie.pl\/index.php\/wp-json\/wp\/v2\/tags?post=1647"}],"curies":[{"name":"wp","href":"https:\/\/api.w.org\/{rel}","templated":true}]}}