{"id":16271,"date":"2023-10-03T17:40:15","date_gmt":"2023-10-03T15:40:15","guid":{"rendered":"http:\/\/192.168.40.27\/?p=16271"},"modified":"2023-10-03T17:40:15","modified_gmt":"2023-10-03T15:40:15","slug":"ale-draka-to-dzien-przedszkolaka","status":"publish","type":"post","link":"http:\/\/sp.uchanie.pl\/index.php\/2023\/10\/03\/ale-draka-to-dzien-przedszkolaka\/","title":{"rendered":"Ale draka to Dzie\u0144 Przedszkolaka!!"},"content":{"rendered":"<p class=\"p1\"><span class=\"s1\">Og\u00f3lnopolski Dzie\u0144 Przedszkolaka przypada 20 wrze\u015bnia. W tym dniu wszystkie dzieci ucz\u0119szczaj\u0105ce do przedszkola czeka\u0142a masa atrakcji. Pani dyrektor Marzena Zarek &#8211; Wrzyszcz z\u0142o\u017cy\u0142a przedszkolakom \u017cyczenia.<br \/>\n<\/span><span class=\"s1\">Przedszkolaki zosta\u0142y zaproszone przez swoje Panie do wsp\u00f3lnej zabawy. W sali i na boisku szkolnym by\u0142y \u00a0zabawy ruchowe, kt\u00f3re pomog\u0142y zintegrowa\u0107 ca\u0142\u0105 spo\u0142eczno\u015b\u0107 przedszkoln\u0105. Rado\u015b\u0107, \u015bmiech i g\u0142o\u015bny doping \u015bwiadczy\u0142y o wspania\u0142ej zabawie. Dzieciaki przy d\u017awi\u0119kach muzyki wyruszy\u0142y barwnym korowodem ulicami Ucha\u0144.<br \/>\n<\/span><span class=\"s1\">Na zako\u0144czenie \u015bwi\u0119towania na przedszkolak\u00f3w czeka\u0142 drobny upominek przygotowany przez rodzic\u00f3w. Dla ca\u0142ej spo\u0142eczno\u015bci przedszkolnej \u00a0by\u0142 to dzie\u0144 pe\u0142en rado\u015bci i beztroskiej zabawy.<\/span><\/p>\n<p style=\"text-align: right;\">Tekst opracowa\u0142a Katarzyna Blicharz<\/p>\n\n\t\t<style type=\"text\/css\">\n\t\t\t#gallery-1 {\n\t\t\t\tmargin: auto;\n\t\t\t}\n\t\t\t#gallery-1 .gallery-item {\n\t\t\t\tfloat: left;\n\t\t\t\tmargin-top: 10px;\n\t\t\t\ttext-align: center;\n\t\t\t\twidth: 33%;\n\t\t\t}\n\t\t\t#gallery-1 img {\n\t\t\t\tborder: 2px solid #cfcfcf;\n\t\t\t}\n\t\t\t#gallery-1 .gallery-caption {\n\t\t\t\tmargin-left: 0;\n\t\t\t}\n\t\t\t\/* see gallery_shortcode() in wp-includes\/media.php *\/\n\t\t<\/style>\n\t\t<div id='gallery-1' class='gallery galleryid-16271 gallery-columns-3 gallery-size-thumbnail'><dl class='gallery-item'>\n\t\t\t<dt class='gallery-icon landscape'>\n\t\t\t\t<a href='http:\/\/sp.uchanie.pl\/index.php\/2023\/10\/03\/ale-draka-to-dzien-przedszkolaka\/dz_przedsz23_1\/'><img loading=\"lazy\" decoding=\"async\" width=\"150\" height=\"150\" src=\"http:\/\/sp.uchanie.pl\/wp-content\/uploads\/2023\/10\/Dz_przedsz23_1-150x150.jpg\" class=\"attachment-thumbnail size-thumbnail\" alt=\"\" srcset=\"http:\/\/sp.uchanie.pl\/wp-content\/uploads\/2023\/10\/Dz_przedsz23_1-150x150.jpg 150w, http:\/\/sp.uchanie.pl\/wp-content\/uploads\/2023\/10\/Dz_przedsz23_1-180x180.jpg 180w, http:\/\/sp.uchanie.pl\/wp-content\/uploads\/2023\/10\/Dz_przedsz23_1-60x60.jpg 60w\" sizes=\"auto, (max-width: 150px) 100vw, 150px\" \/><\/a>\n\t\t\t<\/dt><\/dl><dl class='gallery-item'>\n\t\t\t<dt class='gallery-icon portrait'>\n\t\t\t\t<a href='http:\/\/sp.uchanie.pl\/index.php\/2023\/10\/03\/ale-draka-to-dzien-przedszkolaka\/dz_przedsz23_2\/'><img loading=\"lazy\" decoding=\"async\" width=\"150\" height=\"150\" src=\"http:\/\/sp.uchanie.pl\/wp-content\/uploads\/2023\/10\/Dz_przedsz23_2-150x150.jpg\" class=\"attachment-thumbnail size-thumbnail\" alt=\"\" srcset=\"http:\/\/sp.uchanie.pl\/wp-content\/uploads\/2023\/10\/Dz_przedsz23_2-150x150.jpg 150w, http:\/\/sp.uchanie.pl\/wp-content\/uploads\/2023\/10\/Dz_przedsz23_2-180x180.jpg 180w, http:\/\/sp.uchanie.pl\/wp-content\/uploads\/2023\/10\/Dz_przedsz23_2-60x60.jpg 60w\" sizes=\"auto, (max-width: 150px) 100vw, 150px\" \/><\/a>\n\t\t\t<\/dt><\/dl><dl class='gallery-item'>\n\t\t\t<dt class='gallery-icon portrait'>\n\t\t\t\t<a href='http:\/\/sp.uchanie.pl\/index.php\/2023\/10\/03\/ale-draka-to-dzien-przedszkolaka\/dz_przedsz23_3\/'><img loading=\"lazy\" decoding=\"async\" width=\"150\" height=\"150\" src=\"http:\/\/sp.uchanie.pl\/wp-content\/uploads\/2023\/10\/Dz_przedsz23_3-150x150.jpg\" class=\"attachment-thumbnail size-thumbnail\" alt=\"\" srcset=\"http:\/\/sp.uchanie.pl\/wp-content\/uploads\/2023\/10\/Dz_przedsz23_3-150x150.jpg 150w, http:\/\/sp.uchanie.pl\/wp-content\/uploads\/2023\/10\/Dz_przedsz23_3-180x180.jpg 180w, http:\/\/sp.uchanie.pl\/wp-content\/uploads\/2023\/10\/Dz_przedsz23_3-60x60.jpg 60w\" sizes=\"auto, (max-width: 150px) 100vw, 150px\" \/><\/a>\n\t\t\t<\/dt><\/dl><br style=\"clear: both\" \/><dl class='gallery-item'>\n\t\t\t<dt class='gallery-icon landscape'>\n\t\t\t\t<a href='http:\/\/sp.uchanie.pl\/index.php\/2023\/10\/03\/ale-draka-to-dzien-przedszkolaka\/dz_przedsz23_4\/'><img loading=\"lazy\" decoding=\"async\" width=\"150\" height=\"150\" src=\"http:\/\/sp.uchanie.pl\/wp-content\/uploads\/2023\/10\/Dz_przedsz23_4-150x150.jpg\" class=\"attachment-thumbnail size-thumbnail\" alt=\"\" srcset=\"http:\/\/sp.uchanie.pl\/wp-content\/uploads\/2023\/10\/Dz_przedsz23_4-150x150.jpg 150w, http:\/\/sp.uchanie.pl\/wp-content\/uploads\/2023\/10\/Dz_przedsz23_4-180x180.jpg 180w, http:\/\/sp.uchanie.pl\/wp-content\/uploads\/2023\/10\/Dz_przedsz23_4-60x60.jpg 60w\" sizes=\"auto, (max-width: 150px) 100vw, 150px\" \/><\/a>\n\t\t\t<\/dt><\/dl><dl class='gallery-item'>\n\t\t\t<dt class='gallery-icon portrait'>\n\t\t\t\t<a href='http:\/\/sp.uchanie.pl\/index.php\/2023\/10\/03\/ale-draka-to-dzien-przedszkolaka\/dz_przedsz23_5\/'><img loading=\"lazy\" decoding=\"async\" width=\"150\" height=\"150\" src=\"http:\/\/sp.uchanie.pl\/wp-content\/uploads\/2023\/10\/Dz_przedsz23_5-150x150.jpg\" class=\"attachment-thumbnail size-thumbnail\" alt=\"\" srcset=\"http:\/\/sp.uchanie.pl\/wp-content\/uploads\/2023\/10\/Dz_przedsz23_5-150x150.jpg 150w, http:\/\/sp.uchanie.pl\/wp-content\/uploads\/2023\/10\/Dz_przedsz23_5-180x180.jpg 180w, http:\/\/sp.uchanie.pl\/wp-content\/uploads\/2023\/10\/Dz_przedsz23_5-60x60.jpg 60w\" sizes=\"auto, (max-width: 150px) 100vw, 150px\" \/><\/a>\n\t\t\t<\/dt><\/dl><dl class='gallery-item'>\n\t\t\t<dt class='gallery-icon portrait'>\n\t\t\t\t<a href='http:\/\/sp.uchanie.pl\/index.php\/2023\/10\/03\/ale-draka-to-dzien-przedszkolaka\/dz_przedsz23_6\/'><img loading=\"lazy\" decoding=\"async\" width=\"150\" height=\"150\" src=\"http:\/\/sp.uchanie.pl\/wp-content\/uploads\/2023\/10\/Dz_przedsz23_6-150x150.jpg\" class=\"attachment-thumbnail size-thumbnail\" alt=\"\" srcset=\"http:\/\/sp.uchanie.pl\/wp-content\/uploads\/2023\/10\/Dz_przedsz23_6-150x150.jpg 150w, http:\/\/sp.uchanie.pl\/wp-content\/uploads\/2023\/10\/Dz_przedsz23_6-180x180.jpg 180w, http:\/\/sp.uchanie.pl\/wp-content\/uploads\/2023\/10\/Dz_przedsz23_6-60x60.jpg 60w\" sizes=\"auto, (max-width: 150px) 100vw, 150px\" \/><\/a>\n\t\t\t<\/dt><\/dl><br style=\"clear: both\" \/><dl class='gallery-item'>\n\t\t\t<dt class='gallery-icon landscape'>\n\t\t\t\t<a href='http:\/\/sp.uchanie.pl\/index.php\/2023\/10\/03\/ale-draka-to-dzien-przedszkolaka\/dz_przedsz23_7\/'><img loading=\"lazy\" decoding=\"async\" width=\"150\" height=\"150\" src=\"http:\/\/sp.uchanie.pl\/wp-content\/uploads\/2023\/10\/Dz_przedsz23_7-150x150.jpg\" class=\"attachment-thumbnail size-thumbnail\" alt=\"\" srcset=\"http:\/\/sp.uchanie.pl\/wp-content\/uploads\/2023\/10\/Dz_przedsz23_7-150x150.jpg 150w, http:\/\/sp.uchanie.pl\/wp-content\/uploads\/2023\/10\/Dz_przedsz23_7-180x180.jpg 180w, http:\/\/sp.uchanie.pl\/wp-content\/uploads\/2023\/10\/Dz_przedsz23_7-60x60.jpg 60w\" sizes=\"auto, (max-width: 150px) 100vw, 150px\" \/><\/a>\n\t\t\t<\/dt><\/dl><dl class='gallery-item'>\n\t\t\t<dt class='gallery-icon portrait'>\n\t\t\t\t<a href='http:\/\/sp.uchanie.pl\/index.php\/2023\/10\/03\/ale-draka-to-dzien-przedszkolaka\/dz_przedsz23_8\/'><img loading=\"lazy\" decoding=\"async\" width=\"150\" height=\"150\" src=\"http:\/\/sp.uchanie.pl\/wp-content\/uploads\/2023\/10\/Dz_przedsz23_8-150x150.jpg\" class=\"attachment-thumbnail size-thumbnail\" alt=\"\" srcset=\"http:\/\/sp.uchanie.pl\/wp-content\/uploads\/2023\/10\/Dz_przedsz23_8-150x150.jpg 150w, http:\/\/sp.uchanie.pl\/wp-content\/uploads\/2023\/10\/Dz_przedsz23_8-180x180.jpg 180w, http:\/\/sp.uchanie.pl\/wp-content\/uploads\/2023\/10\/Dz_przedsz23_8-60x60.jpg 60w\" sizes=\"auto, (max-width: 150px) 100vw, 150px\" \/><\/a>\n\t\t\t<\/dt><\/dl><dl class='gallery-item'>\n\t\t\t<dt class='gallery-icon landscape'>\n\t\t\t\t<a href='http:\/\/sp.uchanie.pl\/index.php\/2023\/10\/03\/ale-draka-to-dzien-przedszkolaka\/dz_przedsz23_9\/'><img loading=\"lazy\" decoding=\"async\" width=\"150\" height=\"150\" src=\"http:\/\/sp.uchanie.pl\/wp-content\/uploads\/2023\/10\/Dz_przedsz23_9-150x150.jpg\" class=\"attachment-thumbnail size-thumbnail\" alt=\"\" srcset=\"http:\/\/sp.uchanie.pl\/wp-content\/uploads\/2023\/10\/Dz_przedsz23_9-150x150.jpg 150w, http:\/\/sp.uchanie.pl\/wp-content\/uploads\/2023\/10\/Dz_przedsz23_9-180x180.jpg 180w, http:\/\/sp.uchanie.pl\/wp-content\/uploads\/2023\/10\/Dz_przedsz23_9-60x60.jpg 60w\" sizes=\"auto, (max-width: 150px) 100vw, 150px\" \/><\/a>\n\t\t\t<\/dt><\/dl><br style=\"clear: both\" \/><dl class='gallery-item'>\n\t\t\t<dt class='gallery-icon portrait'>\n\t\t\t\t<a href='http:\/\/sp.uchanie.pl\/index.php\/2023\/10\/03\/ale-draka-to-dzien-przedszkolaka\/dz_przedsz23_10\/'><img loading=\"lazy\" decoding=\"async\" width=\"150\" height=\"150\" src=\"http:\/\/sp.uchanie.pl\/wp-content\/uploads\/2023\/10\/Dz_przedsz23_10-150x150.jpg\" class=\"attachment-thumbnail size-thumbnail\" alt=\"\" srcset=\"http:\/\/sp.uchanie.pl\/wp-content\/uploads\/2023\/10\/Dz_przedsz23_10-150x150.jpg 150w, http:\/\/sp.uchanie.pl\/wp-content\/uploads\/2023\/10\/Dz_przedsz23_10-180x180.jpg 180w, http:\/\/sp.uchanie.pl\/wp-content\/uploads\/2023\/10\/Dz_przedsz23_10-60x60.jpg 60w\" sizes=\"auto, (max-width: 150px) 100vw, 150px\" \/><\/a>\n\t\t\t<\/dt><\/dl><dl class='gallery-item'>\n\t\t\t<dt class='gallery-icon landscape'>\n\t\t\t\t<a href='http:\/\/sp.uchanie.pl\/index.php\/2023\/10\/03\/ale-draka-to-dzien-przedszkolaka\/dz_przedsz23_11\/'><img loading=\"lazy\" decoding=\"async\" width=\"150\" height=\"150\" src=\"http:\/\/sp.uchanie.pl\/wp-content\/uploads\/2023\/10\/Dz_przedsz23_11-150x150.jpg\" class=\"attachment-thumbnail size-thumbnail\" alt=\"\" srcset=\"http:\/\/sp.uchanie.pl\/wp-content\/uploads\/2023\/10\/Dz_przedsz23_11-150x150.jpg 150w, http:\/\/sp.uchanie.pl\/wp-content\/uploads\/2023\/10\/Dz_przedsz23_11-180x180.jpg 180w, http:\/\/sp.uchanie.pl\/wp-content\/uploads\/2023\/10\/Dz_przedsz23_11-60x60.jpg 60w\" sizes=\"auto, (max-width: 150px) 100vw, 150px\" \/><\/a>\n\t\t\t<\/dt><\/dl><dl class='gallery-item'>\n\t\t\t<dt class='gallery-icon landscape'>\n\t\t\t\t<a href='http:\/\/sp.uchanie.pl\/index.php\/2023\/10\/03\/ale-draka-to-dzien-przedszkolaka\/dz_przedsz23_12\/'><img loading=\"lazy\" decoding=\"async\" width=\"150\" height=\"150\" src=\"http:\/\/sp.uchanie.pl\/wp-content\/uploads\/2023\/10\/Dz_przedsz23_12-150x150.jpg\" class=\"attachment-thumbnail size-thumbnail\" alt=\"\" srcset=\"http:\/\/sp.uchanie.pl\/wp-content\/uploads\/2023\/10\/Dz_przedsz23_12-150x150.jpg 150w, http:\/\/sp.uchanie.pl\/wp-content\/uploads\/2023\/10\/Dz_przedsz23_12-180x180.jpg 180w, http:\/\/sp.uchanie.pl\/wp-content\/uploads\/2023\/10\/Dz_przedsz23_12-60x60.jpg 60w\" sizes=\"auto, (max-width: 150px) 100vw, 150px\" \/><\/a>\n\t\t\t<\/dt><\/dl><br style=\"clear: both\" \/><dl class='gallery-item'>\n\t\t\t<dt class='gallery-icon portrait'>\n\t\t\t\t<a href='http:\/\/sp.uchanie.pl\/index.php\/2023\/10\/03\/ale-draka-to-dzien-przedszkolaka\/dz_przedsz23_13\/'><img loading=\"lazy\" decoding=\"async\" width=\"150\" height=\"150\" src=\"http:\/\/sp.uchanie.pl\/wp-content\/uploads\/2023\/10\/Dz_przedsz23_13-150x150.jpg\" class=\"attachment-thumbnail size-thumbnail\" alt=\"\" srcset=\"http:\/\/sp.uchanie.pl\/wp-content\/uploads\/2023\/10\/Dz_przedsz23_13-150x150.jpg 150w, http:\/\/sp.uchanie.pl\/wp-content\/uploads\/2023\/10\/Dz_przedsz23_13-180x180.jpg 180w, http:\/\/sp.uchanie.pl\/wp-content\/uploads\/2023\/10\/Dz_przedsz23_13-60x60.jpg 60w\" sizes=\"auto, (max-width: 150px) 100vw, 150px\" \/><\/a>\n\t\t\t<\/dt><\/dl>\n\t\t\t<br style='clear: both' \/>\n\t\t<\/div>\n\n","protected":false},"excerpt":{"rendered":"<p>Og\u00f3lnopolski Dzie\u0144 Przedszkolaka przypada 20 wrze\u015bnia. W tym dniu wszystkie dzieci ucz\u0119szczaj\u0105ce do przedszkola czeka\u0142a masa atrakcji. Pani dyrektor Marzena Zarek &#8211; Wrzyszcz z\u0142o\u017cy\u0142a przedszkolakom \u017cyczenia. Przedszkolaki zosta\u0142y zaproszone przez&#8230; <a href=\"http:\/\/sp.uchanie.pl\/index.php\/2023\/10\/03\/ale-draka-to-dzien-przedszkolaka\/\">Read more &raquo;<\/a><\/p>\n","protected":false},"author":1,"featured_media":16272,"comment_status":"closed","ping_status":"closed","sticky":false,"template":"","format":"standard","meta":{"footnotes":""},"categories":[6],"tags":[],"class_list":["post-16271","post","type-post","status-publish","format-standard","has-post-thumbnail","hentry","category-aktualnoci"],"_links":{"self":[{"href":"http:\/\/sp.uchanie.pl\/index.php\/wp-json\/wp\/v2\/posts\/16271","targetHints":{"allow":["GET"]}}],"collection":[{"href":"http:\/\/sp.uchanie.pl\/index.php\/wp-json\/wp\/v2\/posts"}],"about":[{"href":"http:\/\/sp.uchanie.pl\/index.php\/wp-json\/wp\/v2\/types\/post"}],"author":[{"embeddable":true,"href":"http:\/\/sp.uchanie.pl\/index.php\/wp-json\/wp\/v2\/users\/1"}],"replies":[{"embeddable":true,"href":"http:\/\/sp.uchanie.pl\/index.php\/wp-json\/wp\/v2\/comments?post=16271"}],"version-history":[{"count":1,"href":"http:\/\/sp.uchanie.pl\/index.php\/wp-json\/wp\/v2\/posts\/16271\/revisions"}],"predecessor-version":[{"id":16285,"href":"http:\/\/sp.uchanie.pl\/index.php\/wp-json\/wp\/v2\/posts\/16271\/revisions\/16285"}],"wp:featuredmedia":[{"embeddable":true,"href":"http:\/\/sp.uchanie.pl\/index.php\/wp-json\/wp\/v2\/media\/16272"}],"wp:attachment":[{"href":"http:\/\/sp.uchanie.pl\/index.php\/wp-json\/wp\/v2\/media?parent=16271"}],"wp:term":[{"taxonomy":"category","embeddable":true,"href":"http:\/\/sp.uchanie.pl\/index.php\/wp-json\/wp\/v2\/categories?post=16271"},{"taxonomy":"post_tag","embeddable":true,"href":"http:\/\/sp.uchanie.pl\/index.php\/wp-json\/wp\/v2\/tags?post=16271"}],"curies":[{"name":"wp","href":"https:\/\/api.w.org\/{rel}","templated":true}]}}