{"id":15280,"date":"2023-06-07T18:57:49","date_gmt":"2023-06-07T16:57:49","guid":{"rendered":"http:\/\/192.168.40.27\/?p=15280"},"modified":"2023-06-07T18:57:49","modified_gmt":"2023-06-07T16:57:49","slug":"ogolnopolski-konkurs-orzel-edukacji-wczesnoszkolnej","status":"publish","type":"post","link":"http:\/\/sp.uchanie.pl\/index.php\/2023\/06\/07\/ogolnopolski-konkurs-orzel-edukacji-wczesnoszkolnej\/","title":{"rendered":"Og\u00f3lnopolski Konkurs &#8222;Orze\u0142 Edukacji Wczesnoszkolnej&#8221;"},"content":{"rendered":"<p><span style=\"font-weight: 400;\">\u00a0\u00a0\u00a0Z dum\u0105 informujemy, \u017ce w Og\u00f3lnopolskim Konkursie &#8222;Orze\u0142 Edukacji\u00a0 Wczesnoszkolnej&#8221; na poziomie klas I &#8211; III tytu\u0142 laureata otrzyma\u0142a <\/span><b>Milena Smo\u0142a<\/b><span style=\"font-weight: 400;\"> uczennica klasy II.<br \/>\n<\/span><span style=\"font-weight: 400;\">\u00a0\u00a0\u00a0Konkurs mia\u0142 na celu inspirowanie uczni\u00f3w do poszerzania swojej wiedzy,zach\u0119canie do samodzielnego my\u015blenia i d\u0105\u017cenie do pog\u0142\u0119biania swoich pasji.<br \/>\n<\/span><span style=\"font-weight: 400;\">\u00a0\u00a0\u00a0Pozostali uczniowie zostali uhonorowani dyplomami za uczestnictwo i skromnymi upominkami,a nasza szko\u0142a\u00a0 otrzyma\u0142a Certyfikat Plac\u00f3wki Rozwijaj\u0105cej Talenty.<\/span><\/p>\n<p><b>\u00a0 \u00a0 Gratulujemy sukcesu i \u017cyczymy dalszych wspania\u0142ych osi\u0105gni\u0119\u0107.<\/b><\/p>\n<p style=\"text-align: right;\"><b><br \/>\n<\/b><span style=\"font-weight: 400;\">Tekst opracowa\u0142a Beata Serafin<\/span><\/p>\n<p><img loading=\"lazy\" decoding=\"async\" class=\"aligncenter wp-image-15281 size-full\" src=\"http:\/\/192.168.40.27\/wp-content\/uploads\/2023\/06\/OrzelEW23_1.jpeg\" alt=\"\" width=\"800\" height=\"598\" srcset=\"http:\/\/sp.uchanie.pl\/wp-content\/uploads\/2023\/06\/OrzelEW23_1.jpeg 800w, http:\/\/sp.uchanie.pl\/wp-content\/uploads\/2023\/06\/OrzelEW23_1-300x224.jpeg 300w, http:\/\/sp.uchanie.pl\/wp-content\/uploads\/2023\/06\/OrzelEW23_1-768x574.jpeg 768w, http:\/\/sp.uchanie.pl\/wp-content\/uploads\/2023\/06\/OrzelEW23_1-624x466.jpeg 624w, http:\/\/sp.uchanie.pl\/wp-content\/uploads\/2023\/06\/OrzelEW23_1-240x180.jpeg 240w\" sizes=\"auto, (max-width: 800px) 100vw, 800px\" \/><\/p>\n<p><img loading=\"lazy\" decoding=\"async\" class=\"aligncenter wp-image-15282 \" src=\"http:\/\/192.168.40.27\/wp-content\/uploads\/2023\/06\/OrzelEW23_2.jpeg\" alt=\"\" width=\"446\" height=\"597\" srcset=\"http:\/\/sp.uchanie.pl\/wp-content\/uploads\/2023\/06\/OrzelEW23_2.jpeg 598w, http:\/\/sp.uchanie.pl\/wp-content\/uploads\/2023\/06\/OrzelEW23_2-224x300.jpeg 224w\" sizes=\"auto, (max-width: 446px) 100vw, 446px\" \/><\/p>\n<hr \/>\n<p>&nbsp;<\/p>\n","protected":false},"excerpt":{"rendered":"<p>\u00a0\u00a0\u00a0Z dum\u0105 informujemy, \u017ce w Og\u00f3lnopolskim Konkursie &#8222;Orze\u0142 Edukacji\u00a0 Wczesnoszkolnej&#8221; na poziomie klas I &#8211; III tytu\u0142 laureata otrzyma\u0142a Milena Smo\u0142a uczennica klasy II. \u00a0\u00a0\u00a0Konkurs mia\u0142 na celu inspirowanie uczni\u00f3w&#8230; <a href=\"http:\/\/sp.uchanie.pl\/index.php\/2023\/06\/07\/ogolnopolski-konkurs-orzel-edukacji-wczesnoszkolnej\/\">Read more &raquo;<\/a><\/p>\n","protected":false},"author":1,"featured_media":15281,"comment_status":"closed","ping_status":"closed","sticky":false,"template":"","format":"standard","meta":{"footnotes":""},"categories":[6],"tags":[],"class_list":["post-15280","post","type-post","status-publish","format-standard","has-post-thumbnail","hentry","category-aktualnoci"],"_links":{"self":[{"href":"http:\/\/sp.uchanie.pl\/index.php\/wp-json\/wp\/v2\/posts\/15280","targetHints":{"allow":["GET"]}}],"collection":[{"href":"http:\/\/sp.uchanie.pl\/index.php\/wp-json\/wp\/v2\/posts"}],"about":[{"href":"http:\/\/sp.uchanie.pl\/index.php\/wp-json\/wp\/v2\/types\/post"}],"author":[{"embeddable":true,"href":"http:\/\/sp.uchanie.pl\/index.php\/wp-json\/wp\/v2\/users\/1"}],"replies":[{"embeddable":true,"href":"http:\/\/sp.uchanie.pl\/index.php\/wp-json\/wp\/v2\/comments?post=15280"}],"version-history":[{"count":1,"href":"http:\/\/sp.uchanie.pl\/index.php\/wp-json\/wp\/v2\/posts\/15280\/revisions"}],"predecessor-version":[{"id":15283,"href":"http:\/\/sp.uchanie.pl\/index.php\/wp-json\/wp\/v2\/posts\/15280\/revisions\/15283"}],"wp:featuredmedia":[{"embeddable":true,"href":"http:\/\/sp.uchanie.pl\/index.php\/wp-json\/wp\/v2\/media\/15281"}],"wp:attachment":[{"href":"http:\/\/sp.uchanie.pl\/index.php\/wp-json\/wp\/v2\/media?parent=15280"}],"wp:term":[{"taxonomy":"category","embeddable":true,"href":"http:\/\/sp.uchanie.pl\/index.php\/wp-json\/wp\/v2\/categories?post=15280"},{"taxonomy":"post_tag","embeddable":true,"href":"http:\/\/sp.uchanie.pl\/index.php\/wp-json\/wp\/v2\/tags?post=15280"}],"curies":[{"name":"wp","href":"https:\/\/api.w.org\/{rel}","templated":true}]}}