{"id":15267,"date":"2023-06-05T17:25:40","date_gmt":"2023-06-05T15:25:40","guid":{"rendered":"http:\/\/192.168.40.27\/?p=15267"},"modified":"2023-06-05T17:25:40","modified_gmt":"2023-06-05T15:25:40","slug":"pielgrzymka-dzieci-pierwszokomunijnych","status":"publish","type":"post","link":"http:\/\/sp.uchanie.pl\/index.php\/2023\/06\/05\/pielgrzymka-dzieci-pierwszokomunijnych\/","title":{"rendered":"Pielgrzymka Dzieci Pierwszokomunijnych"},"content":{"rendered":"<p>W dniu 31 maja 2023 r. uczniowie , kt\u00f3rzy w tym roku przyst\u0105pili do\u00a0 Pierwszej\u00a0 Komunii \u015bwi\u0119tej udali si\u0119 wraz z opiekunami na Pielgrzymk\u0119.<br \/>\nUroczyst\u0105 Msz\u0119 \u015bwi\u0119t\u0105 w Sanktuarium Matki Bo\u017cej w Tomaszowie Lubelskim odprawi\u0142 Proboszcz naszej parafii ks. Dariusz Bajwoluk. Przy cudownym obrazie Matki Bo\u017cej\u00a0 w skupieniu i modlitwie dzieci dzi\u0119kowa\u0142y za dar przyj\u0119cia Pierwszej Komunii \u015awi\u0119tej.<br \/>\nNast\u0119pnie udali\u015bmy si\u0119 do Kaplicy \u015bw. Rocha w Krasnobrodzie, gdzie\u00a0 Katechetka Pani\u00a0 Dorota Jarocha przybli\u017cy\u0142a histori\u0119 kaplicy i\u00a0 tradycyjnie dzieci wraz z rodzicami wspi\u0119\u0142y si\u0119 po schodach, aby obej\u015b\u0107 kaplic\u0119.<br \/>\nNa polanie czeka\u0142o na nas ognisko z kie\u0142baskami przygotowane przez rodzic\u00f3w.<br \/>\nW drodze powrotnej zatrzymali\u015bmy si\u0119 w Kaplicy na Wodzie, gdzie po modlitwie nabrali\u015bmy \u015bwi\u0119conej wody.<\/p>\n<p>Opiekun pielgrzymki Dorota Jarocha<\/p>\n\n\t\t<style type=\"text\/css\">\n\t\t\t#gallery-1 {\n\t\t\t\tmargin: auto;\n\t\t\t}\n\t\t\t#gallery-1 .gallery-item {\n\t\t\t\tfloat: left;\n\t\t\t\tmargin-top: 10px;\n\t\t\t\ttext-align: center;\n\t\t\t\twidth: 33%;\n\t\t\t}\n\t\t\t#gallery-1 img {\n\t\t\t\tborder: 2px solid #cfcfcf;\n\t\t\t}\n\t\t\t#gallery-1 .gallery-caption {\n\t\t\t\tmargin-left: 0;\n\t\t\t}\n\t\t\t\/* see gallery_shortcode() in wp-includes\/media.php *\/\n\t\t<\/style>\n\t\t<div id='gallery-1' class='gallery galleryid-15267 gallery-columns-3 gallery-size-thumbnail'><dl class='gallery-item'>\n\t\t\t<dt class='gallery-icon landscape'>\n\t\t\t\t<a href='http:\/\/sp.uchanie.pl\/index.php\/2023\/06\/05\/pielgrzymka-dzieci-pierwszokomunijnych\/pielgrzym1-3_23_1\/'><img loading=\"lazy\" decoding=\"async\" width=\"150\" height=\"150\" src=\"http:\/\/sp.uchanie.pl\/wp-content\/uploads\/2023\/06\/Pielgrzym1-3_23_1-150x150.jpeg\" class=\"attachment-thumbnail size-thumbnail\" alt=\"\" srcset=\"http:\/\/sp.uchanie.pl\/wp-content\/uploads\/2023\/06\/Pielgrzym1-3_23_1-150x150.jpeg 150w, http:\/\/sp.uchanie.pl\/wp-content\/uploads\/2023\/06\/Pielgrzym1-3_23_1-180x180.jpeg 180w, http:\/\/sp.uchanie.pl\/wp-content\/uploads\/2023\/06\/Pielgrzym1-3_23_1-60x60.jpeg 60w\" sizes=\"auto, (max-width: 150px) 100vw, 150px\" \/><\/a>\n\t\t\t<\/dt><\/dl><dl class='gallery-item'>\n\t\t\t<dt class='gallery-icon landscape'>\n\t\t\t\t<a href='http:\/\/sp.uchanie.pl\/index.php\/2023\/06\/05\/pielgrzymka-dzieci-pierwszokomunijnych\/pielgrzym1-3_23_2\/'><img loading=\"lazy\" decoding=\"async\" width=\"150\" height=\"150\" src=\"http:\/\/sp.uchanie.pl\/wp-content\/uploads\/2023\/06\/Pielgrzym1-3_23_2-150x150.jpeg\" class=\"attachment-thumbnail size-thumbnail\" alt=\"\" srcset=\"http:\/\/sp.uchanie.pl\/wp-content\/uploads\/2023\/06\/Pielgrzym1-3_23_2-150x150.jpeg 150w, http:\/\/sp.uchanie.pl\/wp-content\/uploads\/2023\/06\/Pielgrzym1-3_23_2-180x180.jpeg 180w, http:\/\/sp.uchanie.pl\/wp-content\/uploads\/2023\/06\/Pielgrzym1-3_23_2-60x60.jpeg 60w\" sizes=\"auto, (max-width: 150px) 100vw, 150px\" \/><\/a>\n\t\t\t<\/dt><\/dl><dl class='gallery-item'>\n\t\t\t<dt class='gallery-icon landscape'>\n\t\t\t\t<a href='http:\/\/sp.uchanie.pl\/index.php\/2023\/06\/05\/pielgrzymka-dzieci-pierwszokomunijnych\/pielgrzym1-3_23_3\/'><img loading=\"lazy\" decoding=\"async\" width=\"150\" height=\"150\" src=\"http:\/\/sp.uchanie.pl\/wp-content\/uploads\/2023\/06\/Pielgrzym1-3_23_3-150x150.jpeg\" class=\"attachment-thumbnail size-thumbnail\" alt=\"\" srcset=\"http:\/\/sp.uchanie.pl\/wp-content\/uploads\/2023\/06\/Pielgrzym1-3_23_3-150x150.jpeg 150w, http:\/\/sp.uchanie.pl\/wp-content\/uploads\/2023\/06\/Pielgrzym1-3_23_3-180x180.jpeg 180w, http:\/\/sp.uchanie.pl\/wp-content\/uploads\/2023\/06\/Pielgrzym1-3_23_3-60x60.jpeg 60w\" sizes=\"auto, (max-width: 150px) 100vw, 150px\" \/><\/a>\n\t\t\t<\/dt><\/dl><br style=\"clear: both\" \/><dl class='gallery-item'>\n\t\t\t<dt class='gallery-icon portrait'>\n\t\t\t\t<a href='http:\/\/sp.uchanie.pl\/index.php\/2023\/06\/05\/pielgrzymka-dzieci-pierwszokomunijnych\/pielgrzym1-3_23_4\/'><img loading=\"lazy\" decoding=\"async\" width=\"150\" height=\"150\" src=\"http:\/\/sp.uchanie.pl\/wp-content\/uploads\/2023\/06\/Pielgrzym1-3_23_4-150x150.jpeg\" class=\"attachment-thumbnail size-thumbnail\" alt=\"\" srcset=\"http:\/\/sp.uchanie.pl\/wp-content\/uploads\/2023\/06\/Pielgrzym1-3_23_4-150x150.jpeg 150w, http:\/\/sp.uchanie.pl\/wp-content\/uploads\/2023\/06\/Pielgrzym1-3_23_4-180x180.jpeg 180w, http:\/\/sp.uchanie.pl\/wp-content\/uploads\/2023\/06\/Pielgrzym1-3_23_4-60x60.jpeg 60w\" sizes=\"auto, (max-width: 150px) 100vw, 150px\" \/><\/a>\n\t\t\t<\/dt><\/dl><dl class='gallery-item'>\n\t\t\t<dt class='gallery-icon landscape'>\n\t\t\t\t<a href='http:\/\/sp.uchanie.pl\/index.php\/2023\/06\/05\/pielgrzymka-dzieci-pierwszokomunijnych\/pielgrzym1-3_23_5\/'><img loading=\"lazy\" decoding=\"async\" width=\"150\" height=\"150\" src=\"http:\/\/sp.uchanie.pl\/wp-content\/uploads\/2023\/06\/Pielgrzym1-3_23_5-150x150.jpeg\" class=\"attachment-thumbnail size-thumbnail\" alt=\"\" srcset=\"http:\/\/sp.uchanie.pl\/wp-content\/uploads\/2023\/06\/Pielgrzym1-3_23_5-150x150.jpeg 150w, http:\/\/sp.uchanie.pl\/wp-content\/uploads\/2023\/06\/Pielgrzym1-3_23_5-180x180.jpeg 180w, http:\/\/sp.uchanie.pl\/wp-content\/uploads\/2023\/06\/Pielgrzym1-3_23_5-60x60.jpeg 60w\" sizes=\"auto, (max-width: 150px) 100vw, 150px\" \/><\/a>\n\t\t\t<\/dt><\/dl><dl class='gallery-item'>\n\t\t\t<dt class='gallery-icon landscape'>\n\t\t\t\t<a href='http:\/\/sp.uchanie.pl\/index.php\/2023\/06\/05\/pielgrzymka-dzieci-pierwszokomunijnych\/pielgrzym1-3_23_6\/'><img loading=\"lazy\" decoding=\"async\" width=\"150\" height=\"150\" src=\"http:\/\/sp.uchanie.pl\/wp-content\/uploads\/2023\/06\/Pielgrzym1-3_23_6-150x150.jpeg\" class=\"attachment-thumbnail size-thumbnail\" alt=\"\" srcset=\"http:\/\/sp.uchanie.pl\/wp-content\/uploads\/2023\/06\/Pielgrzym1-3_23_6-150x150.jpeg 150w, http:\/\/sp.uchanie.pl\/wp-content\/uploads\/2023\/06\/Pielgrzym1-3_23_6-180x180.jpeg 180w, http:\/\/sp.uchanie.pl\/wp-content\/uploads\/2023\/06\/Pielgrzym1-3_23_6-60x60.jpeg 60w\" sizes=\"auto, (max-width: 150px) 100vw, 150px\" \/><\/a>\n\t\t\t<\/dt><\/dl><br style=\"clear: both\" \/><dl class='gallery-item'>\n\t\t\t<dt class='gallery-icon portrait'>\n\t\t\t\t<a href='http:\/\/sp.uchanie.pl\/index.php\/2023\/06\/05\/pielgrzymka-dzieci-pierwszokomunijnych\/pielgrzym1-3_23_7\/'><img loading=\"lazy\" decoding=\"async\" width=\"150\" height=\"150\" src=\"http:\/\/sp.uchanie.pl\/wp-content\/uploads\/2023\/06\/Pielgrzym1-3_23_7-150x150.jpeg\" class=\"attachment-thumbnail size-thumbnail\" alt=\"\" srcset=\"http:\/\/sp.uchanie.pl\/wp-content\/uploads\/2023\/06\/Pielgrzym1-3_23_7-150x150.jpeg 150w, http:\/\/sp.uchanie.pl\/wp-content\/uploads\/2023\/06\/Pielgrzym1-3_23_7-180x180.jpeg 180w, http:\/\/sp.uchanie.pl\/wp-content\/uploads\/2023\/06\/Pielgrzym1-3_23_7-60x60.jpeg 60w\" sizes=\"auto, (max-width: 150px) 100vw, 150px\" \/><\/a>\n\t\t\t<\/dt><\/dl>\n\t\t\t<br style='clear: both' \/>\n\t\t<\/div>\n\n","protected":false},"excerpt":{"rendered":"<p>W dniu 31 maja 2023 r. uczniowie , kt\u00f3rzy w tym roku przyst\u0105pili do\u00a0 Pierwszej\u00a0 Komunii \u015bwi\u0119tej udali si\u0119 wraz z opiekunami na Pielgrzymk\u0119. Uroczyst\u0105 Msz\u0119 \u015bwi\u0119t\u0105 w Sanktuarium Matki&#8230; <a href=\"http:\/\/sp.uchanie.pl\/index.php\/2023\/06\/05\/pielgrzymka-dzieci-pierwszokomunijnych\/\">Read more &raquo;<\/a><\/p>\n","protected":false},"author":1,"featured_media":15268,"comment_status":"closed","ping_status":"closed","sticky":false,"template":"","format":"standard","meta":{"footnotes":""},"categories":[6],"tags":[],"class_list":["post-15267","post","type-post","status-publish","format-standard","has-post-thumbnail","hentry","category-aktualnoci"],"_links":{"self":[{"href":"http:\/\/sp.uchanie.pl\/index.php\/wp-json\/wp\/v2\/posts\/15267","targetHints":{"allow":["GET"]}}],"collection":[{"href":"http:\/\/sp.uchanie.pl\/index.php\/wp-json\/wp\/v2\/posts"}],"about":[{"href":"http:\/\/sp.uchanie.pl\/index.php\/wp-json\/wp\/v2\/types\/post"}],"author":[{"embeddable":true,"href":"http:\/\/sp.uchanie.pl\/index.php\/wp-json\/wp\/v2\/users\/1"}],"replies":[{"embeddable":true,"href":"http:\/\/sp.uchanie.pl\/index.php\/wp-json\/wp\/v2\/comments?post=15267"}],"version-history":[{"count":1,"href":"http:\/\/sp.uchanie.pl\/index.php\/wp-json\/wp\/v2\/posts\/15267\/revisions"}],"predecessor-version":[{"id":15275,"href":"http:\/\/sp.uchanie.pl\/index.php\/wp-json\/wp\/v2\/posts\/15267\/revisions\/15275"}],"wp:featuredmedia":[{"embeddable":true,"href":"http:\/\/sp.uchanie.pl\/index.php\/wp-json\/wp\/v2\/media\/15268"}],"wp:attachment":[{"href":"http:\/\/sp.uchanie.pl\/index.php\/wp-json\/wp\/v2\/media?parent=15267"}],"wp:term":[{"taxonomy":"category","embeddable":true,"href":"http:\/\/sp.uchanie.pl\/index.php\/wp-json\/wp\/v2\/categories?post=15267"},{"taxonomy":"post_tag","embeddable":true,"href":"http:\/\/sp.uchanie.pl\/index.php\/wp-json\/wp\/v2\/tags?post=15267"}],"curies":[{"name":"wp","href":"https:\/\/api.w.org\/{rel}","templated":true}]}}