{"id":15247,"date":"2023-06-02T19:18:12","date_gmt":"2023-06-02T17:18:12","guid":{"rendered":"http:\/\/192.168.40.27\/?p=15247"},"modified":"2023-06-05T15:10:03","modified_gmt":"2023-06-05T13:10:03","slug":"pielgrzymka-bierzmowanych-do-tomaszowa-lubelskiego","status":"publish","type":"post","link":"http:\/\/sp.uchanie.pl\/index.php\/2023\/06\/02\/pielgrzymka-bierzmowanych-do-tomaszowa-lubelskiego\/","title":{"rendered":"Pielgrzymka bierzmowanych do Tomaszowa Lubelskiego"},"content":{"rendered":"<p>Jak ka\u017cdego roku, tak i we wtorek 30.05.2023 m\u0142odzie\u017c kt\u00f3ra przyj\u0119\u0142a sakrament bierzmowania wzi\u0119\u0142a udzia\u0142 w pielgrzymce do Sanktuarium Matki Bo\u017cej\u00a0 w Tomaszowie Lubelskim. Na miejscu uczestniczy\u0142a w litanii loreta\u0144skiej, wys\u0142ucha\u0142a konferencji i koncertu Arkadio oraz wzi\u0119\u0142a udzia\u0142 w Mszy \u015awi\u0119tej pod przewodnictwem bpa Mariana Rojka<\/p>\n<p>Opiekun pielgrzymki Dorota Jarocha<\/p>\n\n\t\t<style type=\"text\/css\">\n\t\t\t#gallery-1 {\n\t\t\t\tmargin: auto;\n\t\t\t}\n\t\t\t#gallery-1 .gallery-item {\n\t\t\t\tfloat: left;\n\t\t\t\tmargin-top: 10px;\n\t\t\t\ttext-align: center;\n\t\t\t\twidth: 33%;\n\t\t\t}\n\t\t\t#gallery-1 img {\n\t\t\t\tborder: 2px solid #cfcfcf;\n\t\t\t}\n\t\t\t#gallery-1 .gallery-caption {\n\t\t\t\tmargin-left: 0;\n\t\t\t}\n\t\t\t\/* see gallery_shortcode() in wp-includes\/media.php *\/\n\t\t<\/style>\n\t\t<div id='gallery-1' class='gallery galleryid-15247 gallery-columns-3 gallery-size-thumbnail'><dl class='gallery-item'>\n\t\t\t<dt class='gallery-icon landscape'>\n\t\t\t\t<a href='http:\/\/sp.uchanie.pl\/index.php\/2023\/06\/02\/pielgrzymka-bierzmowanych-do-tomaszowa-lubelskiego\/pielgrzym8_23_1\/'><img loading=\"lazy\" decoding=\"async\" width=\"150\" height=\"150\" src=\"http:\/\/sp.uchanie.pl\/wp-content\/uploads\/2023\/06\/pielgrzym8_23_1-150x150.jpeg\" class=\"attachment-thumbnail size-thumbnail\" alt=\"\" srcset=\"http:\/\/sp.uchanie.pl\/wp-content\/uploads\/2023\/06\/pielgrzym8_23_1-150x150.jpeg 150w, http:\/\/sp.uchanie.pl\/wp-content\/uploads\/2023\/06\/pielgrzym8_23_1-180x180.jpeg 180w, http:\/\/sp.uchanie.pl\/wp-content\/uploads\/2023\/06\/pielgrzym8_23_1-60x60.jpeg 60w\" sizes=\"auto, (max-width: 150px) 100vw, 150px\" \/><\/a>\n\t\t\t<\/dt><\/dl><dl class='gallery-item'>\n\t\t\t<dt class='gallery-icon portrait'>\n\t\t\t\t<a href='http:\/\/sp.uchanie.pl\/index.php\/2023\/06\/02\/pielgrzymka-bierzmowanych-do-tomaszowa-lubelskiego\/pielgrzym8_23_2\/'><img loading=\"lazy\" decoding=\"async\" width=\"150\" height=\"150\" src=\"http:\/\/sp.uchanie.pl\/wp-content\/uploads\/2023\/06\/pielgrzym8_23_2-150x150.jpeg\" class=\"attachment-thumbnail size-thumbnail\" alt=\"\" srcset=\"http:\/\/sp.uchanie.pl\/wp-content\/uploads\/2023\/06\/pielgrzym8_23_2-150x150.jpeg 150w, http:\/\/sp.uchanie.pl\/wp-content\/uploads\/2023\/06\/pielgrzym8_23_2-180x180.jpeg 180w, http:\/\/sp.uchanie.pl\/wp-content\/uploads\/2023\/06\/pielgrzym8_23_2-60x60.jpeg 60w\" sizes=\"auto, (max-width: 150px) 100vw, 150px\" \/><\/a>\n\t\t\t<\/dt><\/dl><dl class='gallery-item'>\n\t\t\t<dt class='gallery-icon portrait'>\n\t\t\t\t<a href='http:\/\/sp.uchanie.pl\/index.php\/2023\/06\/02\/pielgrzymka-bierzmowanych-do-tomaszowa-lubelskiego\/pielgrzym8_23_3\/'><img loading=\"lazy\" decoding=\"async\" width=\"150\" height=\"150\" src=\"http:\/\/sp.uchanie.pl\/wp-content\/uploads\/2023\/06\/pielgrzym8_23_3-150x150.jpeg\" class=\"attachment-thumbnail size-thumbnail\" alt=\"\" srcset=\"http:\/\/sp.uchanie.pl\/wp-content\/uploads\/2023\/06\/pielgrzym8_23_3-150x150.jpeg 150w, http:\/\/sp.uchanie.pl\/wp-content\/uploads\/2023\/06\/pielgrzym8_23_3-180x180.jpeg 180w, http:\/\/sp.uchanie.pl\/wp-content\/uploads\/2023\/06\/pielgrzym8_23_3-60x60.jpeg 60w\" sizes=\"auto, (max-width: 150px) 100vw, 150px\" \/><\/a>\n\t\t\t<\/dt><\/dl><br style=\"clear: both\" \/><dl class='gallery-item'>\n\t\t\t<dt class='gallery-icon landscape'>\n\t\t\t\t<a href='http:\/\/sp.uchanie.pl\/index.php\/2023\/06\/02\/pielgrzymka-bierzmowanych-do-tomaszowa-lubelskiego\/pielgrzym8_23_4\/'><img loading=\"lazy\" decoding=\"async\" width=\"150\" height=\"150\" src=\"http:\/\/sp.uchanie.pl\/wp-content\/uploads\/2023\/06\/pielgrzym8_23_4-150x150.jpeg\" class=\"attachment-thumbnail size-thumbnail\" alt=\"\" srcset=\"http:\/\/sp.uchanie.pl\/wp-content\/uploads\/2023\/06\/pielgrzym8_23_4-150x150.jpeg 150w, http:\/\/sp.uchanie.pl\/wp-content\/uploads\/2023\/06\/pielgrzym8_23_4-180x180.jpeg 180w, http:\/\/sp.uchanie.pl\/wp-content\/uploads\/2023\/06\/pielgrzym8_23_4-60x60.jpeg 60w\" sizes=\"auto, (max-width: 150px) 100vw, 150px\" \/><\/a>\n\t\t\t<\/dt><\/dl><dl class='gallery-item'>\n\t\t\t<dt class='gallery-icon landscape'>\n\t\t\t\t<a href='http:\/\/sp.uchanie.pl\/index.php\/2023\/06\/02\/pielgrzymka-bierzmowanych-do-tomaszowa-lubelskiego\/pielgrzym8_23_5\/'><img loading=\"lazy\" decoding=\"async\" width=\"150\" height=\"150\" src=\"http:\/\/sp.uchanie.pl\/wp-content\/uploads\/2023\/06\/pielgrzym8_23_5-150x150.jpeg\" class=\"attachment-thumbnail size-thumbnail\" alt=\"\" srcset=\"http:\/\/sp.uchanie.pl\/wp-content\/uploads\/2023\/06\/pielgrzym8_23_5-150x150.jpeg 150w, http:\/\/sp.uchanie.pl\/wp-content\/uploads\/2023\/06\/pielgrzym8_23_5-180x180.jpeg 180w, http:\/\/sp.uchanie.pl\/wp-content\/uploads\/2023\/06\/pielgrzym8_23_5-60x60.jpeg 60w\" sizes=\"auto, (max-width: 150px) 100vw, 150px\" \/><\/a>\n\t\t\t<\/dt><\/dl><dl class='gallery-item'>\n\t\t\t<dt class='gallery-icon landscape'>\n\t\t\t\t<a href='http:\/\/sp.uchanie.pl\/index.php\/2023\/06\/02\/pielgrzymka-bierzmowanych-do-tomaszowa-lubelskiego\/pielgrzym8_23_6\/'><img loading=\"lazy\" decoding=\"async\" width=\"150\" height=\"150\" src=\"http:\/\/sp.uchanie.pl\/wp-content\/uploads\/2023\/06\/pielgrzym8_23_6-150x150.jpeg\" class=\"attachment-thumbnail size-thumbnail\" alt=\"\" srcset=\"http:\/\/sp.uchanie.pl\/wp-content\/uploads\/2023\/06\/pielgrzym8_23_6-150x150.jpeg 150w, http:\/\/sp.uchanie.pl\/wp-content\/uploads\/2023\/06\/pielgrzym8_23_6-180x180.jpeg 180w, http:\/\/sp.uchanie.pl\/wp-content\/uploads\/2023\/06\/pielgrzym8_23_6-60x60.jpeg 60w\" sizes=\"auto, (max-width: 150px) 100vw, 150px\" \/><\/a>\n\t\t\t<\/dt><\/dl><br style=\"clear: both\" \/><dl class='gallery-item'>\n\t\t\t<dt class='gallery-icon portrait'>\n\t\t\t\t<a href='http:\/\/sp.uchanie.pl\/index.php\/2023\/06\/02\/pielgrzymka-bierzmowanych-do-tomaszowa-lubelskiego\/pielgrzym8_23_7\/'><img loading=\"lazy\" decoding=\"async\" width=\"150\" height=\"150\" src=\"http:\/\/sp.uchanie.pl\/wp-content\/uploads\/2023\/06\/pielgrzym8_23_7-150x150.jpeg\" class=\"attachment-thumbnail size-thumbnail\" alt=\"\" srcset=\"http:\/\/sp.uchanie.pl\/wp-content\/uploads\/2023\/06\/pielgrzym8_23_7-150x150.jpeg 150w, http:\/\/sp.uchanie.pl\/wp-content\/uploads\/2023\/06\/pielgrzym8_23_7-180x180.jpeg 180w, http:\/\/sp.uchanie.pl\/wp-content\/uploads\/2023\/06\/pielgrzym8_23_7-60x60.jpeg 60w\" sizes=\"auto, (max-width: 150px) 100vw, 150px\" \/><\/a>\n\t\t\t<\/dt><\/dl>\n\t\t\t<br style='clear: both' \/>\n\t\t<\/div>\n\n","protected":false},"excerpt":{"rendered":"<p>Jak ka\u017cdego roku, tak i we wtorek 30.05.2023 m\u0142odzie\u017c kt\u00f3ra przyj\u0119\u0142a sakrament bierzmowania wzi\u0119\u0142a udzia\u0142 w pielgrzymce do Sanktuarium Matki Bo\u017cej\u00a0 w Tomaszowie Lubelskim. Na miejscu uczestniczy\u0142a w litanii loreta\u0144skiej,&#8230; <a href=\"http:\/\/sp.uchanie.pl\/index.php\/2023\/06\/02\/pielgrzymka-bierzmowanych-do-tomaszowa-lubelskiego\/\">Read more &raquo;<\/a><\/p>\n","protected":false},"author":1,"featured_media":15253,"comment_status":"closed","ping_status":"closed","sticky":false,"template":"","format":"standard","meta":{"footnotes":""},"categories":[6],"tags":[],"class_list":["post-15247","post","type-post","status-publish","format-standard","has-post-thumbnail","hentry","category-aktualnoci"],"_links":{"self":[{"href":"http:\/\/sp.uchanie.pl\/index.php\/wp-json\/wp\/v2\/posts\/15247","targetHints":{"allow":["GET"]}}],"collection":[{"href":"http:\/\/sp.uchanie.pl\/index.php\/wp-json\/wp\/v2\/posts"}],"about":[{"href":"http:\/\/sp.uchanie.pl\/index.php\/wp-json\/wp\/v2\/types\/post"}],"author":[{"embeddable":true,"href":"http:\/\/sp.uchanie.pl\/index.php\/wp-json\/wp\/v2\/users\/1"}],"replies":[{"embeddable":true,"href":"http:\/\/sp.uchanie.pl\/index.php\/wp-json\/wp\/v2\/comments?post=15247"}],"version-history":[{"count":2,"href":"http:\/\/sp.uchanie.pl\/index.php\/wp-json\/wp\/v2\/posts\/15247\/revisions"}],"predecessor-version":[{"id":15266,"href":"http:\/\/sp.uchanie.pl\/index.php\/wp-json\/wp\/v2\/posts\/15247\/revisions\/15266"}],"wp:featuredmedia":[{"embeddable":true,"href":"http:\/\/sp.uchanie.pl\/index.php\/wp-json\/wp\/v2\/media\/15253"}],"wp:attachment":[{"href":"http:\/\/sp.uchanie.pl\/index.php\/wp-json\/wp\/v2\/media?parent=15247"}],"wp:term":[{"taxonomy":"category","embeddable":true,"href":"http:\/\/sp.uchanie.pl\/index.php\/wp-json\/wp\/v2\/categories?post=15247"},{"taxonomy":"post_tag","embeddable":true,"href":"http:\/\/sp.uchanie.pl\/index.php\/wp-json\/wp\/v2\/tags?post=15247"}],"curies":[{"name":"wp","href":"https:\/\/api.w.org\/{rel}","templated":true}]}}