{"id":151,"date":"2012-09-30T11:28:52","date_gmt":"2012-09-30T09:28:52","guid":{"rendered":"http:\/\/192.168.1.2\/index.php\/2012\/09\/30\/odsonicie-pomnika\/"},"modified":"2012-09-30T11:28:52","modified_gmt":"2012-09-30T09:28:52","slug":"odsonicie-pomnika","status":"publish","type":"post","link":"http:\/\/sp.uchanie.pl\/index.php\/2012\/09\/30\/odsonicie-pomnika\/","title":{"rendered":"Ods\u0142oni\u0119cie pomnika w Mojs\u0142awicach Kolonii"},"content":{"rendered":"<p style=\"text-align: justify;\">W dniu 24 wrze\u015bnia 2012 roku <span>w Mojs\u0142awicach Kolonii <\/span>odby\u0142a si\u0119 uroczysto\u015b\u0107 os\u0142oni\u0119cia pomnika <span> nad masowym grobem oko\u0142o 250 \u017byd\u00f3w  z Che\u0142ma, zamordowanych przez hitlerowc\u00f3w podczas Marszu \u015amierci 1  grudnia 1939 roku.<\/span><span> W uroczysto\u015bci udzia\u0142 wzi\u0119li m.in.: Blima Lorber z  Brazylii\u2013 c\u00f3rka Dawida Lorbera, kt\u00f3ry prze\u017cy\u0142 Marsz \u015amierci, brat Blimy Lorber, Zbigniew Nizi\u0144ski &#8211; Prezes Fundacji  \u201ePami\u0119\u0107, Kt\u00f3ra Trwa\u201d, Ks. Jaros\u0142aw Nowak \u2013 Proboszcz Parafii p.w. \u015awi\u0119tego Stanis\u0142awa Biskupa w Jarczowie<\/span><span>, Ryszrd Kr\u00f3l &#8211; Sekretarz Gminy Uchanie, Piotr Czapski &#8211; Przewodnicz\u0105cy Rady Gminy Uchanie, m\u0142odzie\u017c  i nauczyciele ze szk\u00f3\u0142 w Uchaniach, Jaros\u0142awcu i Teratynie oraz mieszka\u0144cy Mojs\u0142awic i  okolic.<br \/>Uroczysto\u015b\u0107 prowadzi\u0142 Zbigniew Nizi\u0144ski z Fundacji \u201ePami\u0119\u0107, Kt\u00f3ra Trwa\u201d. Zdj\u0119cia w naszej galerii.<br \/><\/span><\/p>\n","protected":false},"excerpt":{"rendered":"<p>W dniu 24 wrze\u015bnia 2012 roku w Mojs\u0142awicach Kolonii odby\u0142a si\u0119 uroczysto\u015b\u0107 os\u0142oni\u0119cia pomnika nad masowym grobem oko\u0142o 250 \u017byd\u00f3w z Che\u0142ma, zamordowanych przez hitlerowc\u00f3w podczas Marszu \u015amierci 1 grudnia&#8230; <a href=\"http:\/\/sp.uchanie.pl\/index.php\/2012\/09\/30\/odsonicie-pomnika\/\">Read more &raquo;<\/a><\/p>\n","protected":false},"author":1,"featured_media":0,"comment_status":"closed","ping_status":"open","sticky":false,"template":"","format":"standard","meta":{"footnotes":""},"categories":[6],"tags":[],"class_list":["post-151","post","type-post","status-publish","format-standard","hentry","category-aktualnoci"],"_links":{"self":[{"href":"http:\/\/sp.uchanie.pl\/index.php\/wp-json\/wp\/v2\/posts\/151","targetHints":{"allow":["GET"]}}],"collection":[{"href":"http:\/\/sp.uchanie.pl\/index.php\/wp-json\/wp\/v2\/posts"}],"about":[{"href":"http:\/\/sp.uchanie.pl\/index.php\/wp-json\/wp\/v2\/types\/post"}],"author":[{"embeddable":true,"href":"http:\/\/sp.uchanie.pl\/index.php\/wp-json\/wp\/v2\/users\/1"}],"replies":[{"embeddable":true,"href":"http:\/\/sp.uchanie.pl\/index.php\/wp-json\/wp\/v2\/comments?post=151"}],"version-history":[{"count":0,"href":"http:\/\/sp.uchanie.pl\/index.php\/wp-json\/wp\/v2\/posts\/151\/revisions"}],"wp:attachment":[{"href":"http:\/\/sp.uchanie.pl\/index.php\/wp-json\/wp\/v2\/media?parent=151"}],"wp:term":[{"taxonomy":"category","embeddable":true,"href":"http:\/\/sp.uchanie.pl\/index.php\/wp-json\/wp\/v2\/categories?post=151"},{"taxonomy":"post_tag","embeddable":true,"href":"http:\/\/sp.uchanie.pl\/index.php\/wp-json\/wp\/v2\/tags?post=151"}],"curies":[{"name":"wp","href":"https:\/\/api.w.org\/{rel}","templated":true}]}}