{"id":13857,"date":"2023-02-08T19:20:27","date_gmt":"2023-02-08T18:20:27","guid":{"rendered":"http:\/\/192.168.40.27\/?p=13857"},"modified":"2023-02-08T19:21:10","modified_gmt":"2023-02-08T18:21:10","slug":"podsumowanie-koledowania-misyjnego-dzieci-w-diecezji-zamojsko-lubaczowskiej","status":"publish","type":"post","link":"http:\/\/sp.uchanie.pl\/index.php\/2023\/02\/08\/podsumowanie-koledowania-misyjnego-dzieci-w-diecezji-zamojsko-lubaczowskiej\/","title":{"rendered":"Podsumowanie kol\u0119dowania misyjnego dzieci w diecezji zamojsko &#8211; lubaczowskiej"},"content":{"rendered":"<div>W pi\u0105tek, 3\u00a0lutego br., odby\u0142o si\u0119 podsumowanie kolejnego Kol\u0119dowania misyjnego dzieci w\u00a0diecezji zamojsko-lubaczowskiej.<\/div>\n<div>\n<p>Tegoroczny program akcji \u201eKol\u0119dnicy Misyjni\u201d mia\u0142 na\u00a0celu przybli\u017cenie dzieciom i\u00a0doros\u0142ym Papu\u0119- Now\u0105 Gwine\u0119. Spotkanie rozpocz\u0119\u0142a Eucharystia, kt\u00f3rej przewodniczy\u0142 ks. bp\u00a0Marian Rojek w\u00a0parafii pw. MB\u00a0Szkaplerznej \u015aw. Dominika w\u00a0\u0141abuniach. Nast\u0119pnie odby\u0142o si\u0119 uroczyste wr\u0119czenie nagr\u00f3d i\u00a0wyr\u00f3\u017cnie\u0144 dla k\u00f3\u0142 misyjnych. Podsumowania tegorocznego kol\u0119dowania misyjnego dokona\u0142 ks. Andrzej \u0141uszcz Dyrektor Dzie\u0142 Misyjnych w\u00a0Diecezji Zamojsko-Lubaczowskiej.<\/p>\n<p>Nasze Ko\u0142o Misyjne otrzyma\u0142o wyr\u00f3\u017cnienie za ch\u0119\u0107 czynienia dobra na rzecz Misji. Podzi\u0119kowanie i Medal &#8221; Z\u0142ote Serce dla Misji&#8221; odebra\u0142a opiekunka ko\u0142a katechetka Dorota Jarocha.<\/p>\n<p style=\"text-align: right;\">Tekst opracowa\u0142a Dorota Jarocha<\/p>\n<p><img loading=\"lazy\" decoding=\"async\" class=\"alignnone size-medium wp-image-13858\" src=\"http:\/\/192.168.40.27\/wp-content\/uploads\/2023\/02\/325175964_863271668294849_8987960925817164312_n-225x300.jpg\" alt=\"\" width=\"225\" height=\"300\" srcset=\"http:\/\/sp.uchanie.pl\/wp-content\/uploads\/2023\/02\/325175964_863271668294849_8987960925817164312_n-225x300.jpg 225w, http:\/\/sp.uchanie.pl\/wp-content\/uploads\/2023\/02\/325175964_863271668294849_8987960925817164312_n-624x832.jpg 624w, http:\/\/sp.uchanie.pl\/wp-content\/uploads\/2023\/02\/325175964_863271668294849_8987960925817164312_n.jpg 720w\" sizes=\"auto, (max-width: 225px) 100vw, 225px\" \/> <img loading=\"lazy\" decoding=\"async\" class=\"alignnone size-medium wp-image-13859\" src=\"http:\/\/192.168.40.27\/wp-content\/uploads\/2023\/02\/325301334_942487293790514_625301004068196304_n-225x300.jpg\" alt=\"\" width=\"225\" height=\"300\" srcset=\"http:\/\/sp.uchanie.pl\/wp-content\/uploads\/2023\/02\/325301334_942487293790514_625301004068196304_n-225x300.jpg 225w, http:\/\/sp.uchanie.pl\/wp-content\/uploads\/2023\/02\/325301334_942487293790514_625301004068196304_n-624x832.jpg 624w, http:\/\/sp.uchanie.pl\/wp-content\/uploads\/2023\/02\/325301334_942487293790514_625301004068196304_n.jpg 720w\" sizes=\"auto, (max-width: 225px) 100vw, 225px\" \/><\/p>\n<\/div>\n","protected":false},"excerpt":{"rendered":"<p>W pi\u0105tek, 3\u00a0lutego br., odby\u0142o si\u0119 podsumowanie kolejnego Kol\u0119dowania misyjnego dzieci w\u00a0diecezji zamojsko-lubaczowskiej. Tegoroczny program akcji \u201eKol\u0119dnicy Misyjni\u201d mia\u0142 na\u00a0celu przybli\u017cenie dzieciom i\u00a0doros\u0142ym Papu\u0119- Now\u0105 Gwine\u0119. Spotkanie rozpocz\u0119\u0142a Eucharystia, kt\u00f3rej&#8230; <a href=\"http:\/\/sp.uchanie.pl\/index.php\/2023\/02\/08\/podsumowanie-koledowania-misyjnego-dzieci-w-diecezji-zamojsko-lubaczowskiej\/\">Read more &raquo;<\/a><\/p>\n","protected":false},"author":9,"featured_media":13858,"comment_status":"closed","ping_status":"closed","sticky":false,"template":"","format":"standard","meta":{"footnotes":""},"categories":[6],"tags":[],"class_list":["post-13857","post","type-post","status-publish","format-standard","has-post-thumbnail","hentry","category-aktualnoci"],"_links":{"self":[{"href":"http:\/\/sp.uchanie.pl\/index.php\/wp-json\/wp\/v2\/posts\/13857","targetHints":{"allow":["GET"]}}],"collection":[{"href":"http:\/\/sp.uchanie.pl\/index.php\/wp-json\/wp\/v2\/posts"}],"about":[{"href":"http:\/\/sp.uchanie.pl\/index.php\/wp-json\/wp\/v2\/types\/post"}],"author":[{"embeddable":true,"href":"http:\/\/sp.uchanie.pl\/index.php\/wp-json\/wp\/v2\/users\/9"}],"replies":[{"embeddable":true,"href":"http:\/\/sp.uchanie.pl\/index.php\/wp-json\/wp\/v2\/comments?post=13857"}],"version-history":[{"count":2,"href":"http:\/\/sp.uchanie.pl\/index.php\/wp-json\/wp\/v2\/posts\/13857\/revisions"}],"predecessor-version":[{"id":13861,"href":"http:\/\/sp.uchanie.pl\/index.php\/wp-json\/wp\/v2\/posts\/13857\/revisions\/13861"}],"wp:featuredmedia":[{"embeddable":true,"href":"http:\/\/sp.uchanie.pl\/index.php\/wp-json\/wp\/v2\/media\/13858"}],"wp:attachment":[{"href":"http:\/\/sp.uchanie.pl\/index.php\/wp-json\/wp\/v2\/media?parent=13857"}],"wp:term":[{"taxonomy":"category","embeddable":true,"href":"http:\/\/sp.uchanie.pl\/index.php\/wp-json\/wp\/v2\/categories?post=13857"},{"taxonomy":"post_tag","embeddable":true,"href":"http:\/\/sp.uchanie.pl\/index.php\/wp-json\/wp\/v2\/tags?post=13857"}],"curies":[{"name":"wp","href":"https:\/\/api.w.org\/{rel}","templated":true}]}}