{"id":13,"date":"2010-06-13T23:00:00","date_gmt":"2010-06-13T21:00:00","guid":{"rendered":"http:\/\/192.168.1.2\/index.php\/2010\/06\/13\/justyna-zawsze-bdziesz-w-naszej-pamici\/"},"modified":"2010-06-13T23:00:00","modified_gmt":"2010-06-13T21:00:00","slug":"justyna-zawsze-bdziesz-w-naszej-pamici","status":"publish","type":"post","link":"http:\/\/sp.uchanie.pl\/index.php\/2010\/06\/13\/justyna-zawsze-bdziesz-w-naszej-pamici\/","title":{"rendered":"Justyna &#8211; zawsze b\u0119dziesz w naszej pami\u0119ci!!!"},"content":{"rendered":"<p><em>&#8222;Ludzie, kt\u00f3rych kochamy,<br \/>zostaj\u0105 na zawsze,<br \/>bo zostawili \u015blady w naszych sercach&#8221;<\/em><\/p>\n<p><strong>Spo\u0142eczno\u015b\u0107 naszej szko\u0142y \u0142\u0105czy si\u0119 w niewypowiedzianym b\u00f3lu, \u017calu oraz modlitwie za dusz\u0119 tragicznie zmar\u0142ej<br \/>\u015bp. Justyny Sadlej, uczennicy klasy Vb naszej szko\u0142y.<br \/>Pragniemy przekaza\u0107 najszczersze wyrazy wsp\u00f3\u0142czucia, smutku i ubolewania rodzicom, rodzinie oraz bliskim Justyny Sadlej.  <!--more-->  <br \/>Uroczysto\u015b\u0107 pogrzebowa odb\u0119dzie si\u0119 jutro o godz. 12.00, na kt\u00f3rej po\u017cegnamy Justyn\u0119 w ostatniej drodze do domu Ojca! Wszystkich serdecznie zapraszamy na wsp\u00f3ln\u0105 modlitw\u0119 za dusz\u0119 \u015bp. Justyn\u0119 Sadlej!!!<\/strong><\/p>\n","protected":false},"excerpt":{"rendered":"<p>&#8222;Ludzie, kt\u00f3rych kochamy,zostaj\u0105 na zawsze,bo zostawili \u015blady w naszych sercach&#8221; Spo\u0142eczno\u015b\u0107 naszej szko\u0142y \u0142\u0105czy si\u0119 w niewypowiedzianym b\u00f3lu, \u017calu oraz modlitwie za dusz\u0119 tragicznie zmar\u0142ej\u015bp. Justyny Sadlej, uczennicy klasy Vb&#8230; <a href=\"http:\/\/sp.uchanie.pl\/index.php\/2010\/06\/13\/justyna-zawsze-bdziesz-w-naszej-pamici\/\">Read more &raquo;<\/a><\/p>\n","protected":false},"author":1,"featured_media":0,"comment_status":"closed","ping_status":"open","sticky":false,"template":"","format":"standard","meta":{"footnotes":""},"categories":[6],"tags":[],"class_list":["post-13","post","type-post","status-publish","format-standard","hentry","category-aktualnoci"],"_links":{"self":[{"href":"http:\/\/sp.uchanie.pl\/index.php\/wp-json\/wp\/v2\/posts\/13","targetHints":{"allow":["GET"]}}],"collection":[{"href":"http:\/\/sp.uchanie.pl\/index.php\/wp-json\/wp\/v2\/posts"}],"about":[{"href":"http:\/\/sp.uchanie.pl\/index.php\/wp-json\/wp\/v2\/types\/post"}],"author":[{"embeddable":true,"href":"http:\/\/sp.uchanie.pl\/index.php\/wp-json\/wp\/v2\/users\/1"}],"replies":[{"embeddable":true,"href":"http:\/\/sp.uchanie.pl\/index.php\/wp-json\/wp\/v2\/comments?post=13"}],"version-history":[{"count":0,"href":"http:\/\/sp.uchanie.pl\/index.php\/wp-json\/wp\/v2\/posts\/13\/revisions"}],"wp:attachment":[{"href":"http:\/\/sp.uchanie.pl\/index.php\/wp-json\/wp\/v2\/media?parent=13"}],"wp:term":[{"taxonomy":"category","embeddable":true,"href":"http:\/\/sp.uchanie.pl\/index.php\/wp-json\/wp\/v2\/categories?post=13"},{"taxonomy":"post_tag","embeddable":true,"href":"http:\/\/sp.uchanie.pl\/index.php\/wp-json\/wp\/v2\/tags?post=13"}],"curies":[{"name":"wp","href":"https:\/\/api.w.org\/{rel}","templated":true}]}}