{"id":12347,"date":"2022-09-22T09:23:36","date_gmt":"2022-09-22T07:23:36","guid":{"rendered":"http:\/\/192.168.40.27\/?p=12347"},"modified":"2022-09-22T09:23:36","modified_gmt":"2022-09-22T07:23:36","slug":"uroczystosc-patriotyczno-religijna-w-miejscowosci-pielaki","status":"publish","type":"post","link":"http:\/\/sp.uchanie.pl\/index.php\/2022\/09\/22\/uroczystosc-patriotyczno-religijna-w-miejscowosci-pielaki\/","title":{"rendered":"Uroczysto\u015b\u0107 patriotyczno &#8211; religijna w miejscowo\u015bci Pielaki"},"content":{"rendered":"<p class=\"p1\"><span class=\"s1\"><span class=\"Apple-converted-space\">\u00a0\u00a0 <\/span>Dnia 18 .09.2022r. w miejscowo\u015bci Pielaki odby\u0142a si\u0119 uroczysto\u015b\u0107 patriotyczno &#8211; religijna z okazji 78. Rocznicy Mordu na \u017bo\u0142nierzach AK i Ludno\u015bci Cywilnej w czasie II wojny \u015bwiatowej.<\/span><\/p>\n<p class=\"p1\"><span class=\"s1\">\u00a0 \u00a0 Obchody rozpocz\u0119\u0142y si\u0119 uroczyst\u0105 Msz\u0105 \u015bw. w Ko\u015bciele Parafialnym p.w.Wniebowzi\u0119cia N.M.P w Uchaniach w intencji pomordowanych, kt\u00f3r\u0105 u\u015bwietni\u0142 wyst\u0119p Orkiestry Wojskowej z Lublina oraz udzia\u0142 Kompanii Honorowej 2. Hrubieszowskiego Pu\u0142ku Rozpoznawczego.<\/span><\/p>\n<p class=\"p1\"><span class=\"s1\">\u00a0 \u00a0 Po Mszy \u015bw. wszyscy udali si\u0119 pod pomnik w Pielakach, gdzie odby\u0142 si\u0119 apel poleg\u0142ych,<br \/>\na nast\u0119pnie delegacje reprezentuj\u0105ce w\u0142adze wojew\u00f3dztwa, powiatu , gminy , s\u0142u\u017cby mundurowe, przedstawiciele AK oraz r\u00f3\u017cnych instytucji, a tak\u017ce poczty sztandarowe ze szk\u00f3\u0142 w Uchaniach<br \/>\ni Teratynie z\u0142o\u017cy\u0142y wie\u0144ce.<\/span><\/p>\n<p class=\"p1\"><span class=\"s1\">\u00a0 \u00a0 Nasz\u0105 szko\u0142\u0119 reprezentowali uczniowie : Milena Ko\u0142tun, Natalia Puczkowska, Anna Swatowska, Anita Rosi\u0144ska, Piotr Szoka\u0142o, Kacper Psiuk oraz zuchy z 3.Gromady Zuchowej im. M.Konopnickiej w Uchaniach : Milena Smo\u0142a, Hanna Sadlej.. Opiek\u0119 nad pocztem sprawowa\u0142y : Marzena Czerwonka, Dorota Siekierda.<br \/>\n<\/span><span class=\"s1\">\u00a0 \u00a0 \u00a0By\u0142a to uroczysto\u015b\u0107, kt\u00f3ra mia\u0142a wyj\u0105tkowy i podnios\u0142y charakter.<\/span><\/p>\n<p>Autorem zdj\u0119\u0107 jest pan Dariusz Daszuk z GOK Uchanie. Wi\u0119cej zdj\u0119\u0107 <a href=\"https:\/\/www.facebook.com\/gokuchanie\/\">TUTAJ<\/a>.<\/p>\n\n\t\t<style type=\"text\/css\">\n\t\t\t#gallery-1 {\n\t\t\t\tmargin: auto;\n\t\t\t}\n\t\t\t#gallery-1 .gallery-item {\n\t\t\t\tfloat: left;\n\t\t\t\tmargin-top: 10px;\n\t\t\t\ttext-align: center;\n\t\t\t\twidth: 33%;\n\t\t\t}\n\t\t\t#gallery-1 img {\n\t\t\t\tborder: 2px solid #cfcfcf;\n\t\t\t}\n\t\t\t#gallery-1 .gallery-caption {\n\t\t\t\tmargin-left: 0;\n\t\t\t}\n\t\t\t\/* see gallery_shortcode() in wp-includes\/media.php *\/\n\t\t<\/style>\n\t\t<div id='gallery-1' class='gallery galleryid-12347 gallery-columns-3 gallery-size-thumbnail'><dl class='gallery-item'>\n\t\t\t<dt class='gallery-icon landscape'>\n\t\t\t\t<a href='http:\/\/sp.uchanie.pl\/index.php\/2022\/09\/22\/uroczystosc-patriotyczno-religijna-w-miejscowosci-pielaki\/pielaki22_1\/'><img loading=\"lazy\" decoding=\"async\" width=\"150\" height=\"150\" src=\"http:\/\/sp.uchanie.pl\/wp-content\/uploads\/2022\/09\/Pielaki22_1-150x150.jpeg\" class=\"attachment-thumbnail size-thumbnail\" alt=\"\" srcset=\"http:\/\/sp.uchanie.pl\/wp-content\/uploads\/2022\/09\/Pielaki22_1-150x150.jpeg 150w, http:\/\/sp.uchanie.pl\/wp-content\/uploads\/2022\/09\/Pielaki22_1-180x180.jpeg 180w, http:\/\/sp.uchanie.pl\/wp-content\/uploads\/2022\/09\/Pielaki22_1-60x60.jpeg 60w\" sizes=\"auto, (max-width: 150px) 100vw, 150px\" \/><\/a>\n\t\t\t<\/dt><\/dl><dl class='gallery-item'>\n\t\t\t<dt class='gallery-icon landscape'>\n\t\t\t\t<a href='http:\/\/sp.uchanie.pl\/index.php\/2022\/09\/22\/uroczystosc-patriotyczno-religijna-w-miejscowosci-pielaki\/pielaki22_2\/'><img loading=\"lazy\" decoding=\"async\" width=\"150\" height=\"150\" src=\"http:\/\/sp.uchanie.pl\/wp-content\/uploads\/2022\/09\/Pielaki22_2-150x150.jpeg\" class=\"attachment-thumbnail size-thumbnail\" alt=\"\" srcset=\"http:\/\/sp.uchanie.pl\/wp-content\/uploads\/2022\/09\/Pielaki22_2-150x150.jpeg 150w, http:\/\/sp.uchanie.pl\/wp-content\/uploads\/2022\/09\/Pielaki22_2-180x180.jpeg 180w, http:\/\/sp.uchanie.pl\/wp-content\/uploads\/2022\/09\/Pielaki22_2-60x60.jpeg 60w\" sizes=\"auto, (max-width: 150px) 100vw, 150px\" \/><\/a>\n\t\t\t<\/dt><\/dl><dl class='gallery-item'>\n\t\t\t<dt class='gallery-icon landscape'>\n\t\t\t\t<a href='http:\/\/sp.uchanie.pl\/index.php\/2022\/09\/22\/uroczystosc-patriotyczno-religijna-w-miejscowosci-pielaki\/pielaki22_3\/'><img loading=\"lazy\" decoding=\"async\" width=\"150\" height=\"150\" src=\"http:\/\/sp.uchanie.pl\/wp-content\/uploads\/2022\/09\/Pielaki22_3-150x150.jpeg\" class=\"attachment-thumbnail size-thumbnail\" alt=\"\" srcset=\"http:\/\/sp.uchanie.pl\/wp-content\/uploads\/2022\/09\/Pielaki22_3-150x150.jpeg 150w, http:\/\/sp.uchanie.pl\/wp-content\/uploads\/2022\/09\/Pielaki22_3-180x180.jpeg 180w, http:\/\/sp.uchanie.pl\/wp-content\/uploads\/2022\/09\/Pielaki22_3-60x60.jpeg 60w\" sizes=\"auto, (max-width: 150px) 100vw, 150px\" \/><\/a>\n\t\t\t<\/dt><\/dl><br style=\"clear: both\" \/><dl class='gallery-item'>\n\t\t\t<dt class='gallery-icon landscape'>\n\t\t\t\t<a href='http:\/\/sp.uchanie.pl\/index.php\/2022\/09\/22\/uroczystosc-patriotyczno-religijna-w-miejscowosci-pielaki\/pielaki22_4\/'><img loading=\"lazy\" decoding=\"async\" width=\"150\" height=\"150\" src=\"http:\/\/sp.uchanie.pl\/wp-content\/uploads\/2022\/09\/Pielaki22_4-150x150.jpeg\" class=\"attachment-thumbnail size-thumbnail\" alt=\"\" srcset=\"http:\/\/sp.uchanie.pl\/wp-content\/uploads\/2022\/09\/Pielaki22_4-150x150.jpeg 150w, http:\/\/sp.uchanie.pl\/wp-content\/uploads\/2022\/09\/Pielaki22_4-180x180.jpeg 180w, http:\/\/sp.uchanie.pl\/wp-content\/uploads\/2022\/09\/Pielaki22_4-60x60.jpeg 60w\" sizes=\"auto, (max-width: 150px) 100vw, 150px\" \/><\/a>\n\t\t\t<\/dt><\/dl><dl class='gallery-item'>\n\t\t\t<dt class='gallery-icon landscape'>\n\t\t\t\t<a href='http:\/\/sp.uchanie.pl\/index.php\/2022\/09\/22\/uroczystosc-patriotyczno-religijna-w-miejscowosci-pielaki\/pielaki22_5\/'><img loading=\"lazy\" decoding=\"async\" width=\"150\" height=\"150\" src=\"http:\/\/sp.uchanie.pl\/wp-content\/uploads\/2022\/09\/Pielaki22_5-150x150.jpeg\" class=\"attachment-thumbnail size-thumbnail\" alt=\"\" srcset=\"http:\/\/sp.uchanie.pl\/wp-content\/uploads\/2022\/09\/Pielaki22_5-150x150.jpeg 150w, http:\/\/sp.uchanie.pl\/wp-content\/uploads\/2022\/09\/Pielaki22_5-180x180.jpeg 180w, http:\/\/sp.uchanie.pl\/wp-content\/uploads\/2022\/09\/Pielaki22_5-60x60.jpeg 60w\" sizes=\"auto, (max-width: 150px) 100vw, 150px\" \/><\/a>\n\t\t\t<\/dt><\/dl><dl class='gallery-item'>\n\t\t\t<dt class='gallery-icon landscape'>\n\t\t\t\t<a href='http:\/\/sp.uchanie.pl\/index.php\/2022\/09\/22\/uroczystosc-patriotyczno-religijna-w-miejscowosci-pielaki\/pielaki22_6\/'><img loading=\"lazy\" decoding=\"async\" width=\"150\" height=\"150\" src=\"http:\/\/sp.uchanie.pl\/wp-content\/uploads\/2022\/09\/Pielaki22_6-150x150.jpeg\" class=\"attachment-thumbnail size-thumbnail\" alt=\"\" srcset=\"http:\/\/sp.uchanie.pl\/wp-content\/uploads\/2022\/09\/Pielaki22_6-150x150.jpeg 150w, http:\/\/sp.uchanie.pl\/wp-content\/uploads\/2022\/09\/Pielaki22_6-180x180.jpeg 180w, http:\/\/sp.uchanie.pl\/wp-content\/uploads\/2022\/09\/Pielaki22_6-60x60.jpeg 60w\" sizes=\"auto, (max-width: 150px) 100vw, 150px\" \/><\/a>\n\t\t\t<\/dt><\/dl><br style=\"clear: both\" \/><dl class='gallery-item'>\n\t\t\t<dt class='gallery-icon landscape'>\n\t\t\t\t<a href='http:\/\/sp.uchanie.pl\/index.php\/2022\/09\/22\/uroczystosc-patriotyczno-religijna-w-miejscowosci-pielaki\/pielaki22_7\/'><img loading=\"lazy\" decoding=\"async\" width=\"150\" height=\"150\" src=\"http:\/\/sp.uchanie.pl\/wp-content\/uploads\/2022\/09\/Pielaki22_7-150x150.jpeg\" class=\"attachment-thumbnail size-thumbnail\" alt=\"\" srcset=\"http:\/\/sp.uchanie.pl\/wp-content\/uploads\/2022\/09\/Pielaki22_7-150x150.jpeg 150w, http:\/\/sp.uchanie.pl\/wp-content\/uploads\/2022\/09\/Pielaki22_7-180x180.jpeg 180w, http:\/\/sp.uchanie.pl\/wp-content\/uploads\/2022\/09\/Pielaki22_7-60x60.jpeg 60w\" sizes=\"auto, (max-width: 150px) 100vw, 150px\" \/><\/a>\n\t\t\t<\/dt><\/dl><dl class='gallery-item'>\n\t\t\t<dt class='gallery-icon landscape'>\n\t\t\t\t<a href='http:\/\/sp.uchanie.pl\/index.php\/2022\/09\/22\/uroczystosc-patriotyczno-religijna-w-miejscowosci-pielaki\/pielaki22_8\/'><img loading=\"lazy\" decoding=\"async\" width=\"150\" height=\"150\" src=\"http:\/\/sp.uchanie.pl\/wp-content\/uploads\/2022\/09\/Pielaki22_8-150x150.jpeg\" class=\"attachment-thumbnail size-thumbnail\" alt=\"\" srcset=\"http:\/\/sp.uchanie.pl\/wp-content\/uploads\/2022\/09\/Pielaki22_8-150x150.jpeg 150w, http:\/\/sp.uchanie.pl\/wp-content\/uploads\/2022\/09\/Pielaki22_8-180x180.jpeg 180w, http:\/\/sp.uchanie.pl\/wp-content\/uploads\/2022\/09\/Pielaki22_8-60x60.jpeg 60w\" sizes=\"auto, (max-width: 150px) 100vw, 150px\" \/><\/a>\n\t\t\t<\/dt><\/dl><dl class='gallery-item'>\n\t\t\t<dt class='gallery-icon landscape'>\n\t\t\t\t<a href='http:\/\/sp.uchanie.pl\/index.php\/2022\/09\/22\/uroczystosc-patriotyczno-religijna-w-miejscowosci-pielaki\/pielaki22_9\/'><img loading=\"lazy\" decoding=\"async\" width=\"150\" height=\"150\" src=\"http:\/\/sp.uchanie.pl\/wp-content\/uploads\/2022\/09\/Pielaki22_9-150x150.jpeg\" class=\"attachment-thumbnail size-thumbnail\" alt=\"\" srcset=\"http:\/\/sp.uchanie.pl\/wp-content\/uploads\/2022\/09\/Pielaki22_9-150x150.jpeg 150w, http:\/\/sp.uchanie.pl\/wp-content\/uploads\/2022\/09\/Pielaki22_9-180x180.jpeg 180w, http:\/\/sp.uchanie.pl\/wp-content\/uploads\/2022\/09\/Pielaki22_9-60x60.jpeg 60w\" sizes=\"auto, (max-width: 150px) 100vw, 150px\" \/><\/a>\n\t\t\t<\/dt><\/dl><br style=\"clear: both\" \/>\n\t\t<\/div>\n\n","protected":false},"excerpt":{"rendered":"<p>\u00a0\u00a0 Dnia 18 .09.2022r. w miejscowo\u015bci Pielaki odby\u0142a si\u0119 uroczysto\u015b\u0107 patriotyczno &#8211; religijna z okazji 78. Rocznicy Mordu na \u017bo\u0142nierzach AK i Ludno\u015bci Cywilnej w czasie II wojny \u015bwiatowej. \u00a0&#8230; <a href=\"http:\/\/sp.uchanie.pl\/index.php\/2022\/09\/22\/uroczystosc-patriotyczno-religijna-w-miejscowosci-pielaki\/\">Read more &raquo;<\/a><\/p>\n","protected":false},"author":1,"featured_media":12348,"comment_status":"closed","ping_status":"closed","sticky":false,"template":"","format":"standard","meta":{"footnotes":""},"categories":[6],"tags":[],"class_list":["post-12347","post","type-post","status-publish","format-standard","has-post-thumbnail","hentry","category-aktualnoci"],"_links":{"self":[{"href":"http:\/\/sp.uchanie.pl\/index.php\/wp-json\/wp\/v2\/posts\/12347","targetHints":{"allow":["GET"]}}],"collection":[{"href":"http:\/\/sp.uchanie.pl\/index.php\/wp-json\/wp\/v2\/posts"}],"about":[{"href":"http:\/\/sp.uchanie.pl\/index.php\/wp-json\/wp\/v2\/types\/post"}],"author":[{"embeddable":true,"href":"http:\/\/sp.uchanie.pl\/index.php\/wp-json\/wp\/v2\/users\/1"}],"replies":[{"embeddable":true,"href":"http:\/\/sp.uchanie.pl\/index.php\/wp-json\/wp\/v2\/comments?post=12347"}],"version-history":[{"count":1,"href":"http:\/\/sp.uchanie.pl\/index.php\/wp-json\/wp\/v2\/posts\/12347\/revisions"}],"predecessor-version":[{"id":12357,"href":"http:\/\/sp.uchanie.pl\/index.php\/wp-json\/wp\/v2\/posts\/12347\/revisions\/12357"}],"wp:featuredmedia":[{"embeddable":true,"href":"http:\/\/sp.uchanie.pl\/index.php\/wp-json\/wp\/v2\/media\/12348"}],"wp:attachment":[{"href":"http:\/\/sp.uchanie.pl\/index.php\/wp-json\/wp\/v2\/media?parent=12347"}],"wp:term":[{"taxonomy":"category","embeddable":true,"href":"http:\/\/sp.uchanie.pl\/index.php\/wp-json\/wp\/v2\/categories?post=12347"},{"taxonomy":"post_tag","embeddable":true,"href":"http:\/\/sp.uchanie.pl\/index.php\/wp-json\/wp\/v2\/tags?post=12347"}],"curies":[{"name":"wp","href":"https:\/\/api.w.org\/{rel}","templated":true}]}}