{"id":12338,"date":"2022-09-21T10:41:38","date_gmt":"2022-09-21T08:41:38","guid":{"rendered":"http:\/\/192.168.40.27\/?p=12338"},"modified":"2022-09-21T10:41:45","modified_gmt":"2022-09-21T08:41:45","slug":"rozowa-skrzyneczka","status":"publish","type":"post","link":"http:\/\/sp.uchanie.pl\/index.php\/2022\/09\/21\/rozowa-skrzyneczka\/","title":{"rendered":"&#8222;R\u00f3\u017cowa skrzyneczka&#8221;"},"content":{"rendered":"<p class=\"p1\"><span class=\"s1\">Nasza szko\u0142a w\u0142\u0105czy\u0142a si\u0119 do akcji Fundacji &#8222;R\u00f3\u017cowa skrzyneczka&#8221;. Z funduszy rady Rodzic\u00f3w zosta\u0142y zakupione dwie r\u00f3\u017cowe skrzyneczki, w kt\u00f3rych znajduj\u0105 si\u0119 \u015brodki higieniczne dla dziewcz\u0105t, podpaski i tampony.Akcja \u201eR\u00f3\u017cowa skrzyneczka w ka\u017cdej szkole\u201d to odpowied\u017a na potrzeby m\u0142odych dziewcz\u0105t, kt\u00f3re \u017cyj\u0105 w tak zwanym ub\u00f3stwie higienicznym.Skrzyneczki zosta\u0142y umieszczone\u00a0 w szkolnych toaletach, co zapewnia uczennicom dyskrecj\u0119 i komfort z jej korzystania.<\/span><\/p>\n<p><img loading=\"lazy\" decoding=\"async\" class=\"size-medium wp-image-12339 aligncenter\" src=\"http:\/\/192.168.40.27\/wp-content\/uploads\/2022\/09\/Akcja22-300x238.png\" alt=\"\" width=\"300\" height=\"238\" srcset=\"http:\/\/sp.uchanie.pl\/wp-content\/uploads\/2022\/09\/Akcja22-300x238.png 300w, http:\/\/sp.uchanie.pl\/wp-content\/uploads\/2022\/09\/Akcja22.png 529w\" sizes=\"auto, (max-width: 300px) 100vw, 300px\" \/><\/p>\n<p class=\"p1\"><span class=\"s1\">Dzi\u0119ki og\u00f3lnopolskiemu projektowi :\u201dAkcja menstruacja w Twojej szkole\u201d, w kt\u00f3rym nasza szko\u0142a bierze udzia\u0142 ju\u017c drugi rok, uczennice maj\u0105 zapewnione materia\u0142y menstruacyjne. Celem akcji jest poprawienie komfortu \u017cycia os\u00f3b ucz\u0105cych si\u0119, zmniejszenie skali ub\u00f3stwa menstruacyjnego oraz prze\u0142amanie barier edukacyjnych zwi\u0105zanych z menstruacj\u0105. Od teraz, tysi\u0105ce polskich uczennic, w tym i nasze, znajd\u0105 w szkolnych toaletach bezp\u0142atne podpaski i wk\u0142adki. Opiekunem projektu jest p.Justyna Hajduk.<\/span><\/p>\n<p><img loading=\"lazy\" decoding=\"async\" class=\"aligncenter wp-image-12340 size-full\" src=\"http:\/\/192.168.40.27\/wp-content\/uploads\/2022\/09\/Akcja22_1.jpeg\" alt=\"\" width=\"439\" height=\"800\" srcset=\"http:\/\/sp.uchanie.pl\/wp-content\/uploads\/2022\/09\/Akcja22_1.jpeg 439w, http:\/\/sp.uchanie.pl\/wp-content\/uploads\/2022\/09\/Akcja22_1-165x300.jpeg 165w\" sizes=\"auto, (max-width: 439px) 100vw, 439px\" \/><\/p>\n<p>&nbsp;<\/p>\n<p><img loading=\"lazy\" decoding=\"async\" class=\"aligncenter wp-image-12341 size-full\" src=\"http:\/\/192.168.40.27\/wp-content\/uploads\/2022\/09\/Akcja22_2.jpeg\" alt=\"\" width=\"600\" height=\"800\" srcset=\"http:\/\/sp.uchanie.pl\/wp-content\/uploads\/2022\/09\/Akcja22_2.jpeg 600w, http:\/\/sp.uchanie.pl\/wp-content\/uploads\/2022\/09\/Akcja22_2-225x300.jpeg 225w\" sizes=\"auto, (max-width: 600px) 100vw, 600px\" \/><\/p>\n<p>&nbsp;<\/p>\n","protected":false},"excerpt":{"rendered":"<p>Nasza szko\u0142a w\u0142\u0105czy\u0142a si\u0119 do akcji Fundacji &#8222;R\u00f3\u017cowa skrzyneczka&#8221;. Z funduszy rady Rodzic\u00f3w zosta\u0142y zakupione dwie r\u00f3\u017cowe skrzyneczki, w kt\u00f3rych znajduj\u0105 si\u0119 \u015brodki higieniczne dla dziewcz\u0105t, podpaski i tampony.Akcja \u201eR\u00f3\u017cowa&#8230; <a href=\"http:\/\/sp.uchanie.pl\/index.php\/2022\/09\/21\/rozowa-skrzyneczka\/\">Read more &raquo;<\/a><\/p>\n","protected":false},"author":1,"featured_media":12339,"comment_status":"closed","ping_status":"closed","sticky":false,"template":"","format":"standard","meta":{"footnotes":""},"categories":[6],"tags":[],"class_list":["post-12338","post","type-post","status-publish","format-standard","has-post-thumbnail","hentry","category-aktualnoci"],"_links":{"self":[{"href":"http:\/\/sp.uchanie.pl\/index.php\/wp-json\/wp\/v2\/posts\/12338","targetHints":{"allow":["GET"]}}],"collection":[{"href":"http:\/\/sp.uchanie.pl\/index.php\/wp-json\/wp\/v2\/posts"}],"about":[{"href":"http:\/\/sp.uchanie.pl\/index.php\/wp-json\/wp\/v2\/types\/post"}],"author":[{"embeddable":true,"href":"http:\/\/sp.uchanie.pl\/index.php\/wp-json\/wp\/v2\/users\/1"}],"replies":[{"embeddable":true,"href":"http:\/\/sp.uchanie.pl\/index.php\/wp-json\/wp\/v2\/comments?post=12338"}],"version-history":[{"count":1,"href":"http:\/\/sp.uchanie.pl\/index.php\/wp-json\/wp\/v2\/posts\/12338\/revisions"}],"predecessor-version":[{"id":12342,"href":"http:\/\/sp.uchanie.pl\/index.php\/wp-json\/wp\/v2\/posts\/12338\/revisions\/12342"}],"wp:featuredmedia":[{"embeddable":true,"href":"http:\/\/sp.uchanie.pl\/index.php\/wp-json\/wp\/v2\/media\/12339"}],"wp:attachment":[{"href":"http:\/\/sp.uchanie.pl\/index.php\/wp-json\/wp\/v2\/media?parent=12338"}],"wp:term":[{"taxonomy":"category","embeddable":true,"href":"http:\/\/sp.uchanie.pl\/index.php\/wp-json\/wp\/v2\/categories?post=12338"},{"taxonomy":"post_tag","embeddable":true,"href":"http:\/\/sp.uchanie.pl\/index.php\/wp-json\/wp\/v2\/tags?post=12338"}],"curies":[{"name":"wp","href":"https:\/\/api.w.org\/{rel}","templated":true}]}}