{"id":12301,"date":"2022-09-18T10:56:59","date_gmt":"2022-09-18T08:56:59","guid":{"rendered":"http:\/\/192.168.40.27\/?p=12301"},"modified":"2022-09-18T10:58:15","modified_gmt":"2022-09-18T08:58:15","slug":"przedszkolaki-swietowaly-dzien-kropki","status":"publish","type":"post","link":"http:\/\/sp.uchanie.pl\/index.php\/2022\/09\/18\/przedszkolaki-swietowaly-dzien-kropki\/","title":{"rendered":"Przedszkolaki \u015bwi\u0119towa\u0142y Dzie\u0144 Kropki"},"content":{"rendered":"<p class=\"p1\"><span class=\"s1\">\u00a0 \u00a0 15 wrze\u015bnia przedszkolaki \u015bwi\u0119towa\u0142y <\/span><span class=\"s1\">Mi\u0119dzynarodowy Dzie\u0144 Kropki. Po obejrzeniu kr\u00f3tkiej bajki o ma\u0142ej Vashti , dzieci w\u0142asnymi s\u0142owami opowiedzia\u0142y histori\u0119 dziewczynki.<br \/>\n<\/span><span class=\"s1\">Szukaj\u0105c swojej ,,kropki\u201d zastanawia\u0142y si\u0119 nad swoimi talentami, odkrywa\u0142y w czym s\u0105 mocni, co robi\u0105 najlepiej.<br \/>\n<\/span><span class=\"s1\">By\u0142y te\u017c zabawy tw\u00f3rcze, ruchowe, matematyczne.<\/span><\/p>\n<p style=\"text-align: right;\">Tekst opracowa\u0142a Danuta \u0141otysz<\/p>\n\n\t\t<style type=\"text\/css\">\n\t\t\t#gallery-1 {\n\t\t\t\tmargin: auto;\n\t\t\t}\n\t\t\t#gallery-1 .gallery-item {\n\t\t\t\tfloat: left;\n\t\t\t\tmargin-top: 10px;\n\t\t\t\ttext-align: center;\n\t\t\t\twidth: 33%;\n\t\t\t}\n\t\t\t#gallery-1 img {\n\t\t\t\tborder: 2px solid #cfcfcf;\n\t\t\t}\n\t\t\t#gallery-1 .gallery-caption {\n\t\t\t\tmargin-left: 0;\n\t\t\t}\n\t\t\t\/* see gallery_shortcode() in wp-includes\/media.php *\/\n\t\t<\/style>\n\t\t<div id='gallery-1' class='gallery galleryid-12301 gallery-columns-3 gallery-size-thumbnail'><dl class='gallery-item'>\n\t\t\t<dt class='gallery-icon portrait'>\n\t\t\t\t<a href='http:\/\/sp.uchanie.pl\/index.php\/2022\/09\/18\/przedszkolaki-swietowaly-dzien-kropki\/d_kropkiprz22_1\/'><img loading=\"lazy\" decoding=\"async\" width=\"150\" height=\"150\" src=\"http:\/\/sp.uchanie.pl\/wp-content\/uploads\/2022\/09\/D_kropkiprz22_1-150x150.jpeg\" class=\"attachment-thumbnail size-thumbnail\" alt=\"\" srcset=\"http:\/\/sp.uchanie.pl\/wp-content\/uploads\/2022\/09\/D_kropkiprz22_1-150x150.jpeg 150w, http:\/\/sp.uchanie.pl\/wp-content\/uploads\/2022\/09\/D_kropkiprz22_1-180x180.jpeg 180w, http:\/\/sp.uchanie.pl\/wp-content\/uploads\/2022\/09\/D_kropkiprz22_1-60x60.jpeg 60w\" sizes=\"auto, (max-width: 150px) 100vw, 150px\" \/><\/a>\n\t\t\t<\/dt><\/dl><dl class='gallery-item'>\n\t\t\t<dt class='gallery-icon portrait'>\n\t\t\t\t<a href='http:\/\/sp.uchanie.pl\/index.php\/2022\/09\/18\/przedszkolaki-swietowaly-dzien-kropki\/d_kropkiprz22_2\/'><img loading=\"lazy\" decoding=\"async\" width=\"150\" height=\"150\" src=\"http:\/\/sp.uchanie.pl\/wp-content\/uploads\/2022\/09\/D_kropkiprz22_2-150x150.jpeg\" class=\"attachment-thumbnail size-thumbnail\" alt=\"\" srcset=\"http:\/\/sp.uchanie.pl\/wp-content\/uploads\/2022\/09\/D_kropkiprz22_2-150x150.jpeg 150w, http:\/\/sp.uchanie.pl\/wp-content\/uploads\/2022\/09\/D_kropkiprz22_2-180x180.jpeg 180w, http:\/\/sp.uchanie.pl\/wp-content\/uploads\/2022\/09\/D_kropkiprz22_2-60x60.jpeg 60w\" sizes=\"auto, (max-width: 150px) 100vw, 150px\" \/><\/a>\n\t\t\t<\/dt><\/dl><dl class='gallery-item'>\n\t\t\t<dt class='gallery-icon portrait'>\n\t\t\t\t<a href='http:\/\/sp.uchanie.pl\/index.php\/2022\/09\/18\/przedszkolaki-swietowaly-dzien-kropki\/d_kropkiprz22_3\/'><img loading=\"lazy\" decoding=\"async\" width=\"150\" height=\"150\" src=\"http:\/\/sp.uchanie.pl\/wp-content\/uploads\/2022\/09\/D_kropkiprz22_3-150x150.jpeg\" class=\"attachment-thumbnail size-thumbnail\" alt=\"\" srcset=\"http:\/\/sp.uchanie.pl\/wp-content\/uploads\/2022\/09\/D_kropkiprz22_3-150x150.jpeg 150w, http:\/\/sp.uchanie.pl\/wp-content\/uploads\/2022\/09\/D_kropkiprz22_3-180x180.jpeg 180w, http:\/\/sp.uchanie.pl\/wp-content\/uploads\/2022\/09\/D_kropkiprz22_3-60x60.jpeg 60w\" sizes=\"auto, (max-width: 150px) 100vw, 150px\" \/><\/a>\n\t\t\t<\/dt><\/dl><br style=\"clear: both\" \/><dl class='gallery-item'>\n\t\t\t<dt class='gallery-icon portrait'>\n\t\t\t\t<a href='http:\/\/sp.uchanie.pl\/index.php\/2022\/09\/18\/przedszkolaki-swietowaly-dzien-kropki\/d_kropkiprz22_4\/'><img loading=\"lazy\" decoding=\"async\" width=\"150\" height=\"150\" src=\"http:\/\/sp.uchanie.pl\/wp-content\/uploads\/2022\/09\/D_kropkiprz22_4-150x150.jpeg\" class=\"attachment-thumbnail size-thumbnail\" alt=\"\" srcset=\"http:\/\/sp.uchanie.pl\/wp-content\/uploads\/2022\/09\/D_kropkiprz22_4-150x150.jpeg 150w, http:\/\/sp.uchanie.pl\/wp-content\/uploads\/2022\/09\/D_kropkiprz22_4-180x180.jpeg 180w, http:\/\/sp.uchanie.pl\/wp-content\/uploads\/2022\/09\/D_kropkiprz22_4-60x60.jpeg 60w\" sizes=\"auto, (max-width: 150px) 100vw, 150px\" \/><\/a>\n\t\t\t<\/dt><\/dl><dl class='gallery-item'>\n\t\t\t<dt class='gallery-icon portrait'>\n\t\t\t\t<a href='http:\/\/sp.uchanie.pl\/index.php\/2022\/09\/18\/przedszkolaki-swietowaly-dzien-kropki\/d_kropkiprz22_5\/'><img loading=\"lazy\" decoding=\"async\" width=\"150\" height=\"150\" src=\"http:\/\/sp.uchanie.pl\/wp-content\/uploads\/2022\/09\/D_kropkiprz22_5-150x150.jpeg\" class=\"attachment-thumbnail size-thumbnail\" alt=\"\" srcset=\"http:\/\/sp.uchanie.pl\/wp-content\/uploads\/2022\/09\/D_kropkiprz22_5-150x150.jpeg 150w, http:\/\/sp.uchanie.pl\/wp-content\/uploads\/2022\/09\/D_kropkiprz22_5-180x180.jpeg 180w, http:\/\/sp.uchanie.pl\/wp-content\/uploads\/2022\/09\/D_kropkiprz22_5-60x60.jpeg 60w\" sizes=\"auto, (max-width: 150px) 100vw, 150px\" \/><\/a>\n\t\t\t<\/dt><\/dl><dl class='gallery-item'>\n\t\t\t<dt class='gallery-icon portrait'>\n\t\t\t\t<a href='http:\/\/sp.uchanie.pl\/index.php\/2022\/09\/18\/przedszkolaki-swietowaly-dzien-kropki\/d_kropkiprz22_6\/'><img loading=\"lazy\" decoding=\"async\" width=\"150\" height=\"150\" src=\"http:\/\/sp.uchanie.pl\/wp-content\/uploads\/2022\/09\/D_kropkiprz22_6-150x150.jpeg\" class=\"attachment-thumbnail size-thumbnail\" alt=\"\" srcset=\"http:\/\/sp.uchanie.pl\/wp-content\/uploads\/2022\/09\/D_kropkiprz22_6-150x150.jpeg 150w, http:\/\/sp.uchanie.pl\/wp-content\/uploads\/2022\/09\/D_kropkiprz22_6-180x180.jpeg 180w, http:\/\/sp.uchanie.pl\/wp-content\/uploads\/2022\/09\/D_kropkiprz22_6-60x60.jpeg 60w\" sizes=\"auto, (max-width: 150px) 100vw, 150px\" \/><\/a>\n\t\t\t<\/dt><\/dl><br style=\"clear: both\" \/><dl class='gallery-item'>\n\t\t\t<dt class='gallery-icon portrait'>\n\t\t\t\t<a href='http:\/\/sp.uchanie.pl\/index.php\/2022\/09\/18\/przedszkolaki-swietowaly-dzien-kropki\/d_kropkiprz22_7\/'><img loading=\"lazy\" decoding=\"async\" width=\"150\" height=\"150\" src=\"http:\/\/sp.uchanie.pl\/wp-content\/uploads\/2022\/09\/D_kropkiprz22_7-150x150.jpeg\" class=\"attachment-thumbnail size-thumbnail\" alt=\"\" srcset=\"http:\/\/sp.uchanie.pl\/wp-content\/uploads\/2022\/09\/D_kropkiprz22_7-150x150.jpeg 150w, http:\/\/sp.uchanie.pl\/wp-content\/uploads\/2022\/09\/D_kropkiprz22_7-180x180.jpeg 180w, http:\/\/sp.uchanie.pl\/wp-content\/uploads\/2022\/09\/D_kropkiprz22_7-60x60.jpeg 60w\" sizes=\"auto, (max-width: 150px) 100vw, 150px\" \/><\/a>\n\t\t\t<\/dt><\/dl><dl class='gallery-item'>\n\t\t\t<dt class='gallery-icon portrait'>\n\t\t\t\t<a href='http:\/\/sp.uchanie.pl\/index.php\/2022\/09\/18\/przedszkolaki-swietowaly-dzien-kropki\/d_kropkiprz22_8\/'><img loading=\"lazy\" decoding=\"async\" width=\"150\" height=\"150\" src=\"http:\/\/sp.uchanie.pl\/wp-content\/uploads\/2022\/09\/D_kropkiprz22_8-150x150.jpeg\" class=\"attachment-thumbnail size-thumbnail\" alt=\"\" srcset=\"http:\/\/sp.uchanie.pl\/wp-content\/uploads\/2022\/09\/D_kropkiprz22_8-150x150.jpeg 150w, http:\/\/sp.uchanie.pl\/wp-content\/uploads\/2022\/09\/D_kropkiprz22_8-180x180.jpeg 180w, http:\/\/sp.uchanie.pl\/wp-content\/uploads\/2022\/09\/D_kropkiprz22_8-60x60.jpeg 60w\" sizes=\"auto, (max-width: 150px) 100vw, 150px\" \/><\/a>\n\t\t\t<\/dt><\/dl><dl class='gallery-item'>\n\t\t\t<dt class='gallery-icon portrait'>\n\t\t\t\t<a href='http:\/\/sp.uchanie.pl\/index.php\/2022\/09\/18\/przedszkolaki-swietowaly-dzien-kropki\/d_kropkiprz22_9\/'><img loading=\"lazy\" decoding=\"async\" width=\"150\" height=\"150\" src=\"http:\/\/sp.uchanie.pl\/wp-content\/uploads\/2022\/09\/D_kropkiprz22_9-150x150.jpeg\" class=\"attachment-thumbnail size-thumbnail\" alt=\"\" srcset=\"http:\/\/sp.uchanie.pl\/wp-content\/uploads\/2022\/09\/D_kropkiprz22_9-150x150.jpeg 150w, http:\/\/sp.uchanie.pl\/wp-content\/uploads\/2022\/09\/D_kropkiprz22_9-180x180.jpeg 180w, http:\/\/sp.uchanie.pl\/wp-content\/uploads\/2022\/09\/D_kropkiprz22_9-60x60.jpeg 60w\" sizes=\"auto, (max-width: 150px) 100vw, 150px\" \/><\/a>\n\t\t\t<\/dt><\/dl><br style=\"clear: both\" \/><dl class='gallery-item'>\n\t\t\t<dt class='gallery-icon portrait'>\n\t\t\t\t<a href='http:\/\/sp.uchanie.pl\/index.php\/2022\/09\/18\/przedszkolaki-swietowaly-dzien-kropki\/d_kropkiprz22_10\/'><img loading=\"lazy\" decoding=\"async\" width=\"150\" height=\"150\" src=\"http:\/\/sp.uchanie.pl\/wp-content\/uploads\/2022\/09\/D_kropkiprz22_10-150x150.jpeg\" class=\"attachment-thumbnail size-thumbnail\" alt=\"\" srcset=\"http:\/\/sp.uchanie.pl\/wp-content\/uploads\/2022\/09\/D_kropkiprz22_10-150x150.jpeg 150w, http:\/\/sp.uchanie.pl\/wp-content\/uploads\/2022\/09\/D_kropkiprz22_10-180x180.jpeg 180w, http:\/\/sp.uchanie.pl\/wp-content\/uploads\/2022\/09\/D_kropkiprz22_10-60x60.jpeg 60w\" sizes=\"auto, (max-width: 150px) 100vw, 150px\" \/><\/a>\n\t\t\t<\/dt><\/dl><dl class='gallery-item'>\n\t\t\t<dt class='gallery-icon portrait'>\n\t\t\t\t<a href='http:\/\/sp.uchanie.pl\/index.php\/2022\/09\/18\/przedszkolaki-swietowaly-dzien-kropki\/d_kropkiprz22_11\/'><img loading=\"lazy\" decoding=\"async\" width=\"150\" height=\"150\" src=\"http:\/\/sp.uchanie.pl\/wp-content\/uploads\/2022\/09\/D_kropkiprz22_11-150x150.jpeg\" class=\"attachment-thumbnail size-thumbnail\" alt=\"\" srcset=\"http:\/\/sp.uchanie.pl\/wp-content\/uploads\/2022\/09\/D_kropkiprz22_11-150x150.jpeg 150w, http:\/\/sp.uchanie.pl\/wp-content\/uploads\/2022\/09\/D_kropkiprz22_11-180x180.jpeg 180w, http:\/\/sp.uchanie.pl\/wp-content\/uploads\/2022\/09\/D_kropkiprz22_11-60x60.jpeg 60w\" sizes=\"auto, (max-width: 150px) 100vw, 150px\" \/><\/a>\n\t\t\t<\/dt><\/dl><dl class='gallery-item'>\n\t\t\t<dt class='gallery-icon portrait'>\n\t\t\t\t<a href='http:\/\/sp.uchanie.pl\/index.php\/2022\/09\/18\/przedszkolaki-swietowaly-dzien-kropki\/d_kropkiprz22_12\/'><img loading=\"lazy\" decoding=\"async\" width=\"150\" height=\"150\" src=\"http:\/\/sp.uchanie.pl\/wp-content\/uploads\/2022\/09\/D_kropkiprz22_12-150x150.jpeg\" class=\"attachment-thumbnail size-thumbnail\" alt=\"\" srcset=\"http:\/\/sp.uchanie.pl\/wp-content\/uploads\/2022\/09\/D_kropkiprz22_12-150x150.jpeg 150w, http:\/\/sp.uchanie.pl\/wp-content\/uploads\/2022\/09\/D_kropkiprz22_12-180x180.jpeg 180w, http:\/\/sp.uchanie.pl\/wp-content\/uploads\/2022\/09\/D_kropkiprz22_12-60x60.jpeg 60w\" sizes=\"auto, (max-width: 150px) 100vw, 150px\" \/><\/a>\n\t\t\t<\/dt><\/dl><br style=\"clear: both\" \/><dl class='gallery-item'>\n\t\t\t<dt class='gallery-icon portrait'>\n\t\t\t\t<a href='http:\/\/sp.uchanie.pl\/index.php\/2022\/09\/18\/przedszkolaki-swietowaly-dzien-kropki\/d_kropkiprz22_13\/'><img loading=\"lazy\" decoding=\"async\" width=\"150\" height=\"150\" src=\"http:\/\/sp.uchanie.pl\/wp-content\/uploads\/2022\/09\/D_kropkiprz22_13-150x150.jpeg\" class=\"attachment-thumbnail size-thumbnail\" alt=\"\" srcset=\"http:\/\/sp.uchanie.pl\/wp-content\/uploads\/2022\/09\/D_kropkiprz22_13-150x150.jpeg 150w, http:\/\/sp.uchanie.pl\/wp-content\/uploads\/2022\/09\/D_kropkiprz22_13-180x180.jpeg 180w, http:\/\/sp.uchanie.pl\/wp-content\/uploads\/2022\/09\/D_kropkiprz22_13-60x60.jpeg 60w\" sizes=\"auto, (max-width: 150px) 100vw, 150px\" \/><\/a>\n\t\t\t<\/dt><\/dl><dl class='gallery-item'>\n\t\t\t<dt class='gallery-icon portrait'>\n\t\t\t\t<a href='http:\/\/sp.uchanie.pl\/index.php\/2022\/09\/18\/przedszkolaki-swietowaly-dzien-kropki\/d_kropkiprz22_14\/'><img loading=\"lazy\" decoding=\"async\" width=\"150\" height=\"150\" src=\"http:\/\/sp.uchanie.pl\/wp-content\/uploads\/2022\/09\/D_kropkiprz22_14-150x150.jpeg\" class=\"attachment-thumbnail size-thumbnail\" alt=\"\" srcset=\"http:\/\/sp.uchanie.pl\/wp-content\/uploads\/2022\/09\/D_kropkiprz22_14-150x150.jpeg 150w, http:\/\/sp.uchanie.pl\/wp-content\/uploads\/2022\/09\/D_kropkiprz22_14-180x180.jpeg 180w, http:\/\/sp.uchanie.pl\/wp-content\/uploads\/2022\/09\/D_kropkiprz22_14-60x60.jpeg 60w\" sizes=\"auto, (max-width: 150px) 100vw, 150px\" \/><\/a>\n\t\t\t<\/dt><\/dl><dl class='gallery-item'>\n\t\t\t<dt class='gallery-icon portrait'>\n\t\t\t\t<a href='http:\/\/sp.uchanie.pl\/index.php\/2022\/09\/18\/przedszkolaki-swietowaly-dzien-kropki\/d_kropkiprz22_15\/'><img loading=\"lazy\" decoding=\"async\" width=\"150\" height=\"150\" src=\"http:\/\/sp.uchanie.pl\/wp-content\/uploads\/2022\/09\/D_kropkiprz22_15-150x150.jpeg\" class=\"attachment-thumbnail size-thumbnail\" alt=\"\" srcset=\"http:\/\/sp.uchanie.pl\/wp-content\/uploads\/2022\/09\/D_kropkiprz22_15-150x150.jpeg 150w, http:\/\/sp.uchanie.pl\/wp-content\/uploads\/2022\/09\/D_kropkiprz22_15-180x180.jpeg 180w, http:\/\/sp.uchanie.pl\/wp-content\/uploads\/2022\/09\/D_kropkiprz22_15-60x60.jpeg 60w\" sizes=\"auto, (max-width: 150px) 100vw, 150px\" \/><\/a>\n\t\t\t<\/dt><\/dl><br style=\"clear: both\" \/><dl class='gallery-item'>\n\t\t\t<dt class='gallery-icon portrait'>\n\t\t\t\t<a href='http:\/\/sp.uchanie.pl\/index.php\/2022\/09\/18\/przedszkolaki-swietowaly-dzien-kropki\/d_kropkiprz22_16\/'><img loading=\"lazy\" decoding=\"async\" width=\"150\" height=\"150\" src=\"http:\/\/sp.uchanie.pl\/wp-content\/uploads\/2022\/09\/D_kropkiprz22_16-150x150.jpeg\" class=\"attachment-thumbnail size-thumbnail\" alt=\"\" srcset=\"http:\/\/sp.uchanie.pl\/wp-content\/uploads\/2022\/09\/D_kropkiprz22_16-150x150.jpeg 150w, http:\/\/sp.uchanie.pl\/wp-content\/uploads\/2022\/09\/D_kropkiprz22_16-180x180.jpeg 180w, http:\/\/sp.uchanie.pl\/wp-content\/uploads\/2022\/09\/D_kropkiprz22_16-60x60.jpeg 60w\" sizes=\"auto, (max-width: 150px) 100vw, 150px\" \/><\/a>\n\t\t\t<\/dt><\/dl><dl class='gallery-item'>\n\t\t\t<dt class='gallery-icon portrait'>\n\t\t\t\t<a href='http:\/\/sp.uchanie.pl\/index.php\/2022\/09\/18\/przedszkolaki-swietowaly-dzien-kropki\/d_kropkiprz22_17\/'><img loading=\"lazy\" decoding=\"async\" width=\"150\" height=\"150\" src=\"http:\/\/sp.uchanie.pl\/wp-content\/uploads\/2022\/09\/D_kropkiprz22_17-150x150.jpeg\" class=\"attachment-thumbnail size-thumbnail\" alt=\"\" srcset=\"http:\/\/sp.uchanie.pl\/wp-content\/uploads\/2022\/09\/D_kropkiprz22_17-150x150.jpeg 150w, http:\/\/sp.uchanie.pl\/wp-content\/uploads\/2022\/09\/D_kropkiprz22_17-180x180.jpeg 180w, http:\/\/sp.uchanie.pl\/wp-content\/uploads\/2022\/09\/D_kropkiprz22_17-60x60.jpeg 60w\" sizes=\"auto, (max-width: 150px) 100vw, 150px\" \/><\/a>\n\t\t\t<\/dt><\/dl><dl class='gallery-item'>\n\t\t\t<dt class='gallery-icon landscape'>\n\t\t\t\t<a href='http:\/\/sp.uchanie.pl\/index.php\/2022\/09\/18\/przedszkolaki-swietowaly-dzien-kropki\/d_kropkiprz22_18\/'><img loading=\"lazy\" decoding=\"async\" width=\"150\" height=\"150\" src=\"http:\/\/sp.uchanie.pl\/wp-content\/uploads\/2022\/09\/D_kropkiprz22_18-150x150.jpeg\" class=\"attachment-thumbnail size-thumbnail\" alt=\"\" srcset=\"http:\/\/sp.uchanie.pl\/wp-content\/uploads\/2022\/09\/D_kropkiprz22_18-150x150.jpeg 150w, http:\/\/sp.uchanie.pl\/wp-content\/uploads\/2022\/09\/D_kropkiprz22_18-180x180.jpeg 180w, http:\/\/sp.uchanie.pl\/wp-content\/uploads\/2022\/09\/D_kropkiprz22_18-60x60.jpeg 60w\" sizes=\"auto, (max-width: 150px) 100vw, 150px\" \/><\/a>\n\t\t\t<\/dt><\/dl><br style=\"clear: both\" \/><dl class='gallery-item'>\n\t\t\t<dt class='gallery-icon portrait'>\n\t\t\t\t<a href='http:\/\/sp.uchanie.pl\/index.php\/2022\/09\/18\/przedszkolaki-swietowaly-dzien-kropki\/d_kropkiprz22_19\/'><img loading=\"lazy\" decoding=\"async\" width=\"150\" height=\"150\" src=\"http:\/\/sp.uchanie.pl\/wp-content\/uploads\/2022\/09\/D_kropkiprz22_19-150x150.jpeg\" class=\"attachment-thumbnail size-thumbnail\" alt=\"\" srcset=\"http:\/\/sp.uchanie.pl\/wp-content\/uploads\/2022\/09\/D_kropkiprz22_19-150x150.jpeg 150w, http:\/\/sp.uchanie.pl\/wp-content\/uploads\/2022\/09\/D_kropkiprz22_19-180x180.jpeg 180w, http:\/\/sp.uchanie.pl\/wp-content\/uploads\/2022\/09\/D_kropkiprz22_19-60x60.jpeg 60w\" sizes=\"auto, (max-width: 150px) 100vw, 150px\" \/><\/a>\n\t\t\t<\/dt><\/dl><dl class='gallery-item'>\n\t\t\t<dt class='gallery-icon portrait'>\n\t\t\t\t<a href='http:\/\/sp.uchanie.pl\/index.php\/2022\/09\/18\/przedszkolaki-swietowaly-dzien-kropki\/d_kropkiprz22_20\/'><img loading=\"lazy\" decoding=\"async\" width=\"150\" height=\"150\" src=\"http:\/\/sp.uchanie.pl\/wp-content\/uploads\/2022\/09\/D_kropkiprz22_20-150x150.jpeg\" class=\"attachment-thumbnail size-thumbnail\" alt=\"\" srcset=\"http:\/\/sp.uchanie.pl\/wp-content\/uploads\/2022\/09\/D_kropkiprz22_20-150x150.jpeg 150w, http:\/\/sp.uchanie.pl\/wp-content\/uploads\/2022\/09\/D_kropkiprz22_20-180x180.jpeg 180w, http:\/\/sp.uchanie.pl\/wp-content\/uploads\/2022\/09\/D_kropkiprz22_20-60x60.jpeg 60w\" sizes=\"auto, (max-width: 150px) 100vw, 150px\" \/><\/a>\n\t\t\t<\/dt><\/dl><dl class='gallery-item'>\n\t\t\t<dt class='gallery-icon portrait'>\n\t\t\t\t<a href='http:\/\/sp.uchanie.pl\/index.php\/2022\/09\/18\/przedszkolaki-swietowaly-dzien-kropki\/d_kropkiprz22_21\/'><img loading=\"lazy\" decoding=\"async\" width=\"150\" height=\"150\" src=\"http:\/\/sp.uchanie.pl\/wp-content\/uploads\/2022\/09\/D_kropkiprz22_21-150x150.jpeg\" class=\"attachment-thumbnail size-thumbnail\" alt=\"\" srcset=\"http:\/\/sp.uchanie.pl\/wp-content\/uploads\/2022\/09\/D_kropkiprz22_21-150x150.jpeg 150w, http:\/\/sp.uchanie.pl\/wp-content\/uploads\/2022\/09\/D_kropkiprz22_21-180x180.jpeg 180w, http:\/\/sp.uchanie.pl\/wp-content\/uploads\/2022\/09\/D_kropkiprz22_21-60x60.jpeg 60w\" sizes=\"auto, (max-width: 150px) 100vw, 150px\" \/><\/a>\n\t\t\t<\/dt><\/dl><br style=\"clear: both\" \/>\n\t\t<\/div>\n\n","protected":false},"excerpt":{"rendered":"<p>\u00a0 \u00a0 15 wrze\u015bnia przedszkolaki \u015bwi\u0119towa\u0142y Mi\u0119dzynarodowy Dzie\u0144 Kropki. Po obejrzeniu kr\u00f3tkiej bajki o ma\u0142ej Vashti , dzieci w\u0142asnymi s\u0142owami opowiedzia\u0142y histori\u0119 dziewczynki. Szukaj\u0105c swojej ,,kropki\u201d zastanawia\u0142y si\u0119 nad swoimi&#8230; <a href=\"http:\/\/sp.uchanie.pl\/index.php\/2022\/09\/18\/przedszkolaki-swietowaly-dzien-kropki\/\">Read more &raquo;<\/a><\/p>\n","protected":false},"author":1,"featured_media":12319,"comment_status":"closed","ping_status":"closed","sticky":false,"template":"","format":"standard","meta":{"footnotes":""},"categories":[6],"tags":[],"class_list":["post-12301","post","type-post","status-publish","format-standard","has-post-thumbnail","hentry","category-aktualnoci"],"_links":{"self":[{"href":"http:\/\/sp.uchanie.pl\/index.php\/wp-json\/wp\/v2\/posts\/12301","targetHints":{"allow":["GET"]}}],"collection":[{"href":"http:\/\/sp.uchanie.pl\/index.php\/wp-json\/wp\/v2\/posts"}],"about":[{"href":"http:\/\/sp.uchanie.pl\/index.php\/wp-json\/wp\/v2\/types\/post"}],"author":[{"embeddable":true,"href":"http:\/\/sp.uchanie.pl\/index.php\/wp-json\/wp\/v2\/users\/1"}],"replies":[{"embeddable":true,"href":"http:\/\/sp.uchanie.pl\/index.php\/wp-json\/wp\/v2\/comments?post=12301"}],"version-history":[{"count":1,"href":"http:\/\/sp.uchanie.pl\/index.php\/wp-json\/wp\/v2\/posts\/12301\/revisions"}],"predecessor-version":[{"id":12323,"href":"http:\/\/sp.uchanie.pl\/index.php\/wp-json\/wp\/v2\/posts\/12301\/revisions\/12323"}],"wp:featuredmedia":[{"embeddable":true,"href":"http:\/\/sp.uchanie.pl\/index.php\/wp-json\/wp\/v2\/media\/12319"}],"wp:attachment":[{"href":"http:\/\/sp.uchanie.pl\/index.php\/wp-json\/wp\/v2\/media?parent=12301"}],"wp:term":[{"taxonomy":"category","embeddable":true,"href":"http:\/\/sp.uchanie.pl\/index.php\/wp-json\/wp\/v2\/categories?post=12301"},{"taxonomy":"post_tag","embeddable":true,"href":"http:\/\/sp.uchanie.pl\/index.php\/wp-json\/wp\/v2\/tags?post=12301"}],"curies":[{"name":"wp","href":"https:\/\/api.w.org\/{rel}","templated":true}]}}