{"id":115,"date":"2011-11-11T18:11:15","date_gmt":"2011-11-11T17:11:15","guid":{"rendered":"http:\/\/192.168.1.2\/index.php\/2011\/11\/11\/93-rocznica-odzyskania-niepodlegoci\/"},"modified":"2011-11-11T18:11:15","modified_gmt":"2011-11-11T17:11:15","slug":"93-rocznica-odzyskania-niepodlegoci","status":"publish","type":"post","link":"http:\/\/sp.uchanie.pl\/index.php\/2011\/11\/11\/93-rocznica-odzyskania-niepodlegoci\/","title":{"rendered":"93 Rocznica Odzyskania Niepodleg\u0142o\u015bci"},"content":{"rendered":"<p><img loading=\"lazy\" decoding=\"async\" class=\" size-full wp-image-114\" src=\"http:\/\/192.168.1.2\/wp-content\/uploads\/2011\/11\/pilsudski.jpg\" border=\"0\" alt=\"J\u00f3zef Pi\u0142sudski\" title=\"J\u00f3zef Pi\u0142sudski\" width=\"109\" height=\"131\" style=\"border: 0pt none; vertical-align: text-bottom;\" srcset=\"http:\/\/sp.uchanie.pl\/wp-content\/uploads\/2011\/11\/pilsudski.jpg 300w, http:\/\/sp.uchanie.pl\/wp-content\/uploads\/2011\/11\/pilsudski-250x300.jpg 250w\" sizes=\"auto, (max-width: 109px) 100vw, 109px\" \/><strong>Dzisiaj obchodzili\u015bmy 93 Rocznic\u0119 Odzyskania Niepodleg\u0142o\u015bci. Uroczysto\u015bci gminno &#8211; parafialne rozpocz\u0119\u0142y si\u0119 Uroczyst\u0105 Msz\u0105 \u015awi\u0119t\u0105 celebrowan\u0105 przez ks. kanonika Kazimierza Stelmaszczuka oraz ks. wikarego Arkadiusza Jakubczaka w intencji naszej Ojczyzny.<\/strong><\/p>\n<p>  <!--more-->  <\/p>\n<p><strong>Po Mszy \u015awi\u0119tej udali\u015bmy si\u0119 na cmentarz , aby z\u0142o\u017cy\u0107 wie\u0144ce oraz zapali\u0107 znicze na Grobie Nieznanego \u017bo\u0142nierza. Z cmentarza uczesnicy dzisiejszych uroczysto\u015bci udali si\u0119 do Gminnego O\u015brodka Kultury w Uchaniach na dalsz\u0105 cze\u015b\u0107 uroczycto\u015bci.<\/strong><\/p>\n<p><strong><br \/><\/strong><\/p>\n<p><strong>Nied\u0142ugo zdj\u0119cia w naszej galerii!!!<\/strong><\/p>\n","protected":false},"excerpt":{"rendered":"<p>Dzisiaj obchodzili\u015bmy 93 Rocznic\u0119 Odzyskania Niepodleg\u0142o\u015bci. Uroczysto\u015bci gminno &#8211; parafialne rozpocz\u0119\u0142y si\u0119 Uroczyst\u0105 Msz\u0105 \u015awi\u0119t\u0105 celebrowan\u0105 przez ks. kanonika Kazimierza Stelmaszczuka oraz ks. wikarego Arkadiusza Jakubczaka w intencji naszej Ojczyzny.<\/p>\n","protected":false},"author":1,"featured_media":114,"comment_status":"closed","ping_status":"open","sticky":false,"template":"","format":"standard","meta":{"footnotes":""},"categories":[6],"tags":[],"class_list":["post-115","post","type-post","status-publish","format-standard","has-post-thumbnail","hentry","category-aktualnoci"],"_links":{"self":[{"href":"http:\/\/sp.uchanie.pl\/index.php\/wp-json\/wp\/v2\/posts\/115","targetHints":{"allow":["GET"]}}],"collection":[{"href":"http:\/\/sp.uchanie.pl\/index.php\/wp-json\/wp\/v2\/posts"}],"about":[{"href":"http:\/\/sp.uchanie.pl\/index.php\/wp-json\/wp\/v2\/types\/post"}],"author":[{"embeddable":true,"href":"http:\/\/sp.uchanie.pl\/index.php\/wp-json\/wp\/v2\/users\/1"}],"replies":[{"embeddable":true,"href":"http:\/\/sp.uchanie.pl\/index.php\/wp-json\/wp\/v2\/comments?post=115"}],"version-history":[{"count":0,"href":"http:\/\/sp.uchanie.pl\/index.php\/wp-json\/wp\/v2\/posts\/115\/revisions"}],"wp:featuredmedia":[{"embeddable":true,"href":"http:\/\/sp.uchanie.pl\/index.php\/wp-json\/wp\/v2\/media\/114"}],"wp:attachment":[{"href":"http:\/\/sp.uchanie.pl\/index.php\/wp-json\/wp\/v2\/media?parent=115"}],"wp:term":[{"taxonomy":"category","embeddable":true,"href":"http:\/\/sp.uchanie.pl\/index.php\/wp-json\/wp\/v2\/categories?post=115"},{"taxonomy":"post_tag","embeddable":true,"href":"http:\/\/sp.uchanie.pl\/index.php\/wp-json\/wp\/v2\/tags?post=115"}],"curies":[{"name":"wp","href":"https:\/\/api.w.org\/{rel}","templated":true}]}}