{"id":113,"date":"2011-11-02T16:49:27","date_gmt":"2011-11-02T15:49:27","guid":{"rendered":"http:\/\/192.168.1.2\/index.php\/2011\/11\/02\/pamitamy\/"},"modified":"2011-11-02T16:49:27","modified_gmt":"2011-11-02T15:49:27","slug":"pamitamy","status":"publish","type":"post","link":"http:\/\/sp.uchanie.pl\/index.php\/2011\/11\/02\/pamitamy\/","title":{"rendered":"Pami\u0119tamy!!!"},"content":{"rendered":"<p><img loading=\"lazy\" decoding=\"async\" class=\" size-full wp-image-112\" src=\"http:\/\/192.168.1.2\/wp-content\/uploads\/2011\/11\/swieca.png\" border=\"0\" alt=\"\u015awieca\" title=\"\u015awieca\" width=\"134\" height=\"154\" srcset=\"http:\/\/sp.uchanie.pl\/wp-content\/uploads\/2011\/11\/swieca.png 329w, http:\/\/sp.uchanie.pl\/wp-content\/uploads\/2011\/11\/swieca-262x300.png 262w\" sizes=\"auto, (max-width: 134px) 100vw, 134px\" \/><strong>Wczoraj obchodzili\u015bmy Dzie\u0144 Wszystkich \u015awi\u0119tych natomiast dzi\u015b obchodzimy Dzie\u0144 Zaduszny<\/strong>. <strong>Dla cz\u0142onk\u00f3w wsp\u00f3lnoty Ko\u015bcio\u0142a to czas modlitwy w intencji wszystkich zmar\u0142ych. Tego dnia wielu z nas cho\u0107 chwil\u0119 po\u015bwi\u0119ca na refleksje, zwi\u0105zane z kwestiami przemijania.  <!--more-->  <\/strong><\/p>\n<p>Tradycja obchod\u00f3w Dnia Zadusznego, zwanego w naszym kraju Zaduszkami, si\u0119ga czas\u00f3w biblijnych. Pierwsze wzmianki o zapisywaniu w specjalnych ksi\u0119gach imion os\u00f3b zmar\u0142ych mo\u017cna odnale\u017a\u0107 ju\u017c w Starym Testamencie. Dzie\u0144 Zaduszny zapocz\u0105tkowa\u0142 w chrze\u015bcija\u0144stwie \u015bw. Odilon, opat benedyktyn\u00f3w w Cluny we Francji.<span> <\/span><\/p>\n<p>W Polsce tradycja Dnia Zadusznego zacz\u0119\u0142a si\u0119 tworzy\u0107 ju\u017c w XII wieku, a z ko\u0144cem XV wieku by\u0142a znana w ca\u0142ym kraju. W Zaduszki odwiedza si\u0119 cmentarze, groby zmar\u0142ych z rodziny i uczestniczy w mszach, modl\u0105c si\u0119 w intencji tych, kt\u00f3rzy odeszli. Istnieje tradycja zapalania \u015bwieczek czy zniczy na grobach oraz sk\u0142adania kwiat\u00f3w, wie\u0144c\u00f3w lub te\u017c innego typu ozd\u00f3b, maj\u0105cych by\u0107 symbolem pami\u0119ci o bliskich.<span> <\/span><\/p>\n<p><span>Ca\u0142a spo\u0142eczno\u015b\u0107 naszej szko\u0142y przez ten czas modli\u0142a si\u0119, odwiedza\u0142a groby bliskich, przyjaci\u00f3\u0142 i znajomych, nauczycieli oraz uczni\u00f3w, kt\u00f3rzy odeszli od nas. Jednak maj\u0105c Ich w naszych sercach, nie tylko w ci\u0105gu tych dw\u00f3ch dni, ale ka\u017cdego dnia, zostan\u0105 z nami na zawsze!!! <br \/><\/span><\/p>\n","protected":false},"excerpt":{"rendered":"<p>Wczoraj obchodzili\u015bmy Dzie\u0144 Wszystkich \u015awi\u0119tych natomiast dzi\u015b obchodzimy Dzie\u0144 Zaduszny. Dla cz\u0142onk\u00f3w wsp\u00f3lnoty Ko\u015bcio\u0142a to czas modlitwy w intencji wszystkich zmar\u0142ych. Tego dnia wielu z nas cho\u0107 chwil\u0119 po\u015bwi\u0119ca na&#8230; <a href=\"http:\/\/sp.uchanie.pl\/index.php\/2011\/11\/02\/pamitamy\/\">Read more &raquo;<\/a><\/p>\n","protected":false},"author":1,"featured_media":112,"comment_status":"closed","ping_status":"open","sticky":false,"template":"","format":"standard","meta":{"footnotes":""},"categories":[6],"tags":[],"class_list":["post-113","post","type-post","status-publish","format-standard","has-post-thumbnail","hentry","category-aktualnoci"],"_links":{"self":[{"href":"http:\/\/sp.uchanie.pl\/index.php\/wp-json\/wp\/v2\/posts\/113","targetHints":{"allow":["GET"]}}],"collection":[{"href":"http:\/\/sp.uchanie.pl\/index.php\/wp-json\/wp\/v2\/posts"}],"about":[{"href":"http:\/\/sp.uchanie.pl\/index.php\/wp-json\/wp\/v2\/types\/post"}],"author":[{"embeddable":true,"href":"http:\/\/sp.uchanie.pl\/index.php\/wp-json\/wp\/v2\/users\/1"}],"replies":[{"embeddable":true,"href":"http:\/\/sp.uchanie.pl\/index.php\/wp-json\/wp\/v2\/comments?post=113"}],"version-history":[{"count":0,"href":"http:\/\/sp.uchanie.pl\/index.php\/wp-json\/wp\/v2\/posts\/113\/revisions"}],"wp:featuredmedia":[{"embeddable":true,"href":"http:\/\/sp.uchanie.pl\/index.php\/wp-json\/wp\/v2\/media\/112"}],"wp:attachment":[{"href":"http:\/\/sp.uchanie.pl\/index.php\/wp-json\/wp\/v2\/media?parent=113"}],"wp:term":[{"taxonomy":"category","embeddable":true,"href":"http:\/\/sp.uchanie.pl\/index.php\/wp-json\/wp\/v2\/categories?post=113"},{"taxonomy":"post_tag","embeddable":true,"href":"http:\/\/sp.uchanie.pl\/index.php\/wp-json\/wp\/v2\/tags?post=113"}],"curies":[{"name":"wp","href":"https:\/\/api.w.org\/{rel}","templated":true}]}}