{"id":110,"date":"2011-10-17T20:09:59","date_gmt":"2011-10-17T18:09:59","guid":{"rendered":"http:\/\/192.168.1.2\/index.php\/2011\/10\/17\/dzie-papieski-2011\/"},"modified":"2011-10-17T20:09:59","modified_gmt":"2011-10-17T18:09:59","slug":"dzie-papieski-2011","status":"publish","type":"post","link":"http:\/\/sp.uchanie.pl\/index.php\/2011\/10\/17\/dzie-papieski-2011\/","title":{"rendered":"Dzie\u0144 Papieski 2011"},"content":{"rendered":"<p><strong><img loading=\"lazy\" decoding=\"async\" class=\" alignleft size-full wp-image-109\" src=\"http:\/\/192.168.1.2\/wp-content\/uploads\/2011\/10\/plakat2.png\" border=\"0\" alt=\"Dzie\u0144 Papieski 2011\" title=\"Dzie\u0144 Papieski 2011\" width=\"225\" height=\"191\" style=\"border: 0pt none; float: left;\" srcset=\"http:\/\/sp.uchanie.pl\/wp-content\/uploads\/2011\/10\/plakat2.png 391w, http:\/\/sp.uchanie.pl\/wp-content\/uploads\/2011\/10\/plakat2-300x255.png 300w\" sizes=\"auto, (max-width: 225px) 100vw, 225px\" \/>W tym roku Dzie\u0144 Papieski jako podzi\u0119kowanie za dar beatyfikacji Papie\u017ca Polaka zosta\u0142 przekszta\u0142cony w Tydzie\u0144 Papieski. Prze\u017cywali\u015bmy ten tydzie\u0144 od 9 do 16 pa\u017adziernika pod has\u0142em \u201eJan Pawe\u0142 II \u2013 Cz\u0142owiek Modlitwy\u201d.<\/strong><\/p>\n<p>Spo\u0142eczno\u015b\u0107 naszej szko\u0142y wraz z Pocztem Sztandarowym wzi\u0119\u0142a udzia\u0142, w dniu 16 pa\u017adziernika, w Uroczystej Mszy \u015awi\u0119tej celebrowanej przez ks. kanonika K. Stelmaszczuka w 33 rocznic\u0119 wyboru Karola Wojty\u0142y (B\u0142ogos\u0142awionego Jana Paw\u0142a II patrona naszej szko\u0142y) na papie\u017ca. Uczniowie naszej szko\u0142y na pocz\u0105tku Mszy \u015bw. przedstawili kr\u00f3tki monta\u017c s\u0142owno &#8211; muzyczny przygotowany przez Pani\u0105 Katarzyn\u0119 Podg\u00f3rsk\u0105 oraz Pana Mariusza Zarka.<\/p>\n<p>17 pa\u017adziernika w naszej szkole odby\u0142a si\u0119 Uroczysta Akademia, na kt\u00f3rej uczniowie naszej szko\u0142y wys\u0142uchali przygotowany monta\u017c s\u0142owno &#8211; muzyczny.<\/p>\n<p><strong>Zdj\u0119cia nied\u0142ugo w naszej galerii!!!<br \/><\/strong><\/p>\n","protected":false},"excerpt":{"rendered":"<p>W tym roku Dzie\u0144 Papieski jako podzi\u0119kowanie za dar beatyfikacji Papie\u017ca Polaka zosta\u0142 przekszta\u0142cony w Tydzie\u0144 Papieski. Prze\u017cywali\u015bmy ten tydzie\u0144 od 9 do 16 pa\u017adziernika pod has\u0142em \u201eJan Pawe\u0142 II&#8230; <a href=\"http:\/\/sp.uchanie.pl\/index.php\/2011\/10\/17\/dzie-papieski-2011\/\">Read more &raquo;<\/a><\/p>\n","protected":false},"author":1,"featured_media":109,"comment_status":"closed","ping_status":"open","sticky":false,"template":"","format":"standard","meta":{"footnotes":""},"categories":[6],"tags":[],"class_list":["post-110","post","type-post","status-publish","format-standard","has-post-thumbnail","hentry","category-aktualnoci"],"_links":{"self":[{"href":"http:\/\/sp.uchanie.pl\/index.php\/wp-json\/wp\/v2\/posts\/110","targetHints":{"allow":["GET"]}}],"collection":[{"href":"http:\/\/sp.uchanie.pl\/index.php\/wp-json\/wp\/v2\/posts"}],"about":[{"href":"http:\/\/sp.uchanie.pl\/index.php\/wp-json\/wp\/v2\/types\/post"}],"author":[{"embeddable":true,"href":"http:\/\/sp.uchanie.pl\/index.php\/wp-json\/wp\/v2\/users\/1"}],"replies":[{"embeddable":true,"href":"http:\/\/sp.uchanie.pl\/index.php\/wp-json\/wp\/v2\/comments?post=110"}],"version-history":[{"count":0,"href":"http:\/\/sp.uchanie.pl\/index.php\/wp-json\/wp\/v2\/posts\/110\/revisions"}],"wp:featuredmedia":[{"embeddable":true,"href":"http:\/\/sp.uchanie.pl\/index.php\/wp-json\/wp\/v2\/media\/109"}],"wp:attachment":[{"href":"http:\/\/sp.uchanie.pl\/index.php\/wp-json\/wp\/v2\/media?parent=110"}],"wp:term":[{"taxonomy":"category","embeddable":true,"href":"http:\/\/sp.uchanie.pl\/index.php\/wp-json\/wp\/v2\/categories?post=110"},{"taxonomy":"post_tag","embeddable":true,"href":"http:\/\/sp.uchanie.pl\/index.php\/wp-json\/wp\/v2\/tags?post=110"}],"curies":[{"name":"wp","href":"https:\/\/api.w.org\/{rel}","templated":true}]}}