{"id":10557,"date":"2021-12-20T10:32:17","date_gmt":"2021-12-20T09:32:17","guid":{"rendered":"http:\/\/79.190.195.46\/?p=10557"},"modified":"2021-12-20T10:32:17","modified_gmt":"2021-12-20T09:32:17","slug":"swiatlo-z-betlejem-nowa-swiatu-da-nadzieje","status":"publish","type":"post","link":"http:\/\/sp.uchanie.pl\/index.php\/2021\/12\/20\/swiatlo-z-betlejem-nowa-swiatu-da-nadzieje\/","title":{"rendered":"&#8222;\u015awiat\u0142o z Betlejem now\u0105 \u015bwiatu da nadziej\u0119&#8230;&#8221;"},"content":{"rendered":"<p>W dniu 15 grudnia 2021r. pani dyrektor Marzena Zarek-Wrzyszcz wraz z druhn\u0105 El\u017cbiet\u0105 Szumi\u0142o <span style=\"font-size: 1rem;\">z<\/span><span style=\"font-size: 1rem;\">\u00a0<\/span><span style=\"font-size: 1rem;\">9 WDH im. M. Konopnickiej w Uchaniach oraz druhn\u0105 Agnieszk\u0105 W\u0142odarczyk i druhem Andrzejem Rosi\u0144skim z 3 Gromady Zuchowej im. M. Konopnickiej w Uchaniach uczestniczy\u0142a w przekazaniu Betlejemskiego \u015awiat\u0142a Pokoju na Ukrain\u0119. \u015awiat\u0142o zosta\u0142o <\/span>przywiezione<span style=\"font-size: 1rem;\">\u00a0<\/span>r\u00f3wnie\u017c<span style=\"font-size: 1rem;\"> do naszej szko\u0142y. <\/span><\/p>\n<p><span style=\"font-size: 1rem;\">Has\u0142em tegorocznej akcji jest &#8222;\u015awiat\u0142o Nadziei &#8221; na :<\/span><\/p>\n<p><strong>&#8222;Lepszy \u015bwiat<\/strong><\/p>\n<p>\u201eNadzieja zawiera w sobie \u015bwiat\u0142o mocniejsze od ciemno\u015bci, jakie panuj\u0105 w naszych sercach\u201d, powiedzia\u0142 \u015bw. Jan Pawe\u0142 II w polskim Parlamencie 11 czerwca 1999 roku. Czas pandemii \u017cycie niejednego i niejednej z nas wywr\u00f3ci\u0142 \u201edo g\u00f3ry nogami\u201d. Nauczyli\u015bmy si\u0119 pracowa\u0107 zdalnie, uczy\u0107 zdalnie i \u017cy\u0107 zdalnie. Wielu do\u015bwiadczy\u0142o b\u00f3lu utraty bliskich, a jednocze\u015bnie zacz\u0119li\u015bmy docenia\u0107 tych, kt\u00f3rych mamy najbli\u017cej. Betlejemski p\u0142omie\u0144 przekazywany z r\u0105k do r\u0105k wyra\u017ca nasz\u0105 nadziej\u0119, \u017ce przyjdzie taki czas, i\u017c b\u0119dziemy mogli na nowo cieszy\u0107 si\u0119 sob\u0105, podawa\u0107 sobie r\u0119ce, wymieni\u0107 u\u015bciski i zacz\u0105\u0107 budowa\u0107 now\u0105 rzeczywisto\u015b\u0107 \u015bwiata po pandemii. \u015awiata, gdzie braterstwo, s\u0142u\u017cba, pomoc \u2013 idea\u0142y tak bliskie ka\u017cdemu harcerzowi i ka\u017cdej harcerce \u2013 stan\u0105 si\u0119 fundamentem nowych relacji i zasad funkcjonowania.<\/p>\n<p><strong>Lepszego ja<\/strong><\/p>\n<p>Nios\u0105c innym \u201e\u015awiat\u0142o Nadziei\u201d, sami nie mo\u017cemy i nie chcemy zosta\u0107 w miejscu. Pragniemy nieustannie si\u0119 rozwija\u0107 i pracowa\u0107 nad sob\u0105. Chcemy kszta\u0142towa\u0107 swoje charaktery w oparciu o harcerskie idea\u0142y zapisane w Prawie i Przyrzeczeniu Harcerskim. To pragnienie, wraz ze \u015awiat\u0142em, przekazujemy dalej, by ka\u017cdy potrafi\u0142 stawia\u0107 sobie wymagania, nawet je\u015bli inni od niego tego nie wymagaj\u0105 (por. \u015bw. Jan Pawe\u0142 II, Jasna G\u00f3ra, 1983). Tylko w ten spos\u00f3b jeste\u015bmy w stanie zmieni\u0107 ten nasz \u015bwiat, zostawi\u0107 go odrobin\u0119 lepszym.<\/p>\n<p>P\u0142omie\u0144, jego blask, jest zapowiedzi\u0105 poranka. Niech tegoroczne \u201e\u015awiat\u0142o Nadziei\u201d doprowadzi nas do poranka nowego \u015bwiata i nowego cz\u0142owieka, o kt\u00f3rym czytamy w Ksi\u0119dze Jaszczurki:<\/p>\n<p><em>\u201eNiech zapomnienie poch\u0142onie nasze my\u015bli.\u00a0<\/em><br \/>\n<em>Niech si\u0119 wszystko zako\u0144czy\u2026.\u00a0<\/em><br \/>\n<em>To jest potrzebne cz\u0142owiekowi,\u00a0<\/em><br \/>\n<em>aby ranek zasta\u0142 go znowu na nogach, silnego, u\u015bmiechni\u0119tego\u00a0<\/em><br \/>\n<em>przed nowym pracowitym dniem.\u00a0<\/em><br \/>\n<em>Silnego i u\u015bmiechni\u0119tego w obliczu \u015bwie\u017cego poranka, kt\u00f3ry idzie ku niemu, kt\u00f3ry mu si\u0119 oddaje w swej cichej pi\u0119kno\u015bci.\u00a0<\/em><br \/>\n<em>Silny i u\u015bmiechni\u0119ty cz\u0142owiek<\/em>\u201d.<\/p>\n<p>ks. phm. Adam \u017bygad\u0142o &#8221;<\/p>\n<p><img loading=\"lazy\" decoding=\"async\" class=\"alignnone size-medium wp-image-10558\" src=\"http:\/\/79.190.195.46\/wp-content\/uploads\/2021\/12\/265982344_282569180506254_8296368272774970449_n-225x300.jpg\" alt=\"\" width=\"225\" height=\"300\" srcset=\"http:\/\/sp.uchanie.pl\/wp-content\/uploads\/2021\/12\/265982344_282569180506254_8296368272774970449_n-225x300.jpg 225w, http:\/\/sp.uchanie.pl\/wp-content\/uploads\/2021\/12\/265982344_282569180506254_8296368272774970449_n-624x832.jpg 624w, http:\/\/sp.uchanie.pl\/wp-content\/uploads\/2021\/12\/265982344_282569180506254_8296368272774970449_n.jpg 720w\" sizes=\"auto, (max-width: 225px) 100vw, 225px\" \/> <img loading=\"lazy\" decoding=\"async\" class=\"alignnone size-medium wp-image-10559\" src=\"http:\/\/79.190.195.46\/wp-content\/uploads\/2021\/12\/265643192_275125061302852_57971307376946545_n-300x225.jpg\" alt=\"\" width=\"300\" height=\"225\" srcset=\"http:\/\/sp.uchanie.pl\/wp-content\/uploads\/2021\/12\/265643192_275125061302852_57971307376946545_n-300x225.jpg 300w, http:\/\/sp.uchanie.pl\/wp-content\/uploads\/2021\/12\/265643192_275125061302852_57971307376946545_n-768x576.jpg 768w, http:\/\/sp.uchanie.pl\/wp-content\/uploads\/2021\/12\/265643192_275125061302852_57971307376946545_n-624x468.jpg 624w, http:\/\/sp.uchanie.pl\/wp-content\/uploads\/2021\/12\/265643192_275125061302852_57971307376946545_n-240x180.jpg 240w, http:\/\/sp.uchanie.pl\/wp-content\/uploads\/2021\/12\/265643192_275125061302852_57971307376946545_n.jpg 1000w\" sizes=\"auto, (max-width: 300px) 100vw, 300px\" \/><\/p>\n","protected":false},"excerpt":{"rendered":"<p>W dniu 15 grudnia 2021r. pani dyrektor Marzena Zarek-Wrzyszcz wraz z druhn\u0105 El\u017cbiet\u0105 Szumi\u0142o z\u00a09 WDH im. M. Konopnickiej w Uchaniach oraz druhn\u0105 Agnieszk\u0105 W\u0142odarczyk i druhem Andrzejem Rosi\u0144skim z&#8230; <a href=\"http:\/\/sp.uchanie.pl\/index.php\/2021\/12\/20\/swiatlo-z-betlejem-nowa-swiatu-da-nadzieje\/\">Read more &raquo;<\/a><\/p>\n","protected":false},"author":4,"featured_media":10559,"comment_status":"closed","ping_status":"closed","sticky":false,"template":"","format":"standard","meta":{"footnotes":""},"categories":[6],"tags":[],"class_list":["post-10557","post","type-post","status-publish","format-standard","has-post-thumbnail","hentry","category-aktualnoci"],"_links":{"self":[{"href":"http:\/\/sp.uchanie.pl\/index.php\/wp-json\/wp\/v2\/posts\/10557","targetHints":{"allow":["GET"]}}],"collection":[{"href":"http:\/\/sp.uchanie.pl\/index.php\/wp-json\/wp\/v2\/posts"}],"about":[{"href":"http:\/\/sp.uchanie.pl\/index.php\/wp-json\/wp\/v2\/types\/post"}],"author":[{"embeddable":true,"href":"http:\/\/sp.uchanie.pl\/index.php\/wp-json\/wp\/v2\/users\/4"}],"replies":[{"embeddable":true,"href":"http:\/\/sp.uchanie.pl\/index.php\/wp-json\/wp\/v2\/comments?post=10557"}],"version-history":[{"count":1,"href":"http:\/\/sp.uchanie.pl\/index.php\/wp-json\/wp\/v2\/posts\/10557\/revisions"}],"predecessor-version":[{"id":10560,"href":"http:\/\/sp.uchanie.pl\/index.php\/wp-json\/wp\/v2\/posts\/10557\/revisions\/10560"}],"wp:featuredmedia":[{"embeddable":true,"href":"http:\/\/sp.uchanie.pl\/index.php\/wp-json\/wp\/v2\/media\/10559"}],"wp:attachment":[{"href":"http:\/\/sp.uchanie.pl\/index.php\/wp-json\/wp\/v2\/media?parent=10557"}],"wp:term":[{"taxonomy":"category","embeddable":true,"href":"http:\/\/sp.uchanie.pl\/index.php\/wp-json\/wp\/v2\/categories?post=10557"},{"taxonomy":"post_tag","embeddable":true,"href":"http:\/\/sp.uchanie.pl\/index.php\/wp-json\/wp\/v2\/tags?post=10557"}],"curies":[{"name":"wp","href":"https:\/\/api.w.org\/{rel}","templated":true}]}}